{"id":1334,"date":"2017-06-29T08:34:27","date_gmt":"2017-06-29T08:34:27","guid":{"rendered":"http:\/\/erasmusplus.al\/?p=1334"},"modified":"2017-07-18T08:36:43","modified_gmt":"2017-07-18T08:36:43","slug":"zhvillohet-vizita-monitoruese-per-projektin-erasmus-rewbc","status":"publish","type":"post","link":"https:\/\/erasmusplus.al\/?p=1334&lang=sq","title":{"rendered":"Zhvillohet vizita monitoruese p\u00ebr Projektin Erasmus+ \u201cRe@WBC\u201d."},"content":{"rendered":"<p><span style=\"color: #000000;\">Stafi i ZKE+, nd\u00ebrmori vizit\u00ebn monitoruese p\u00ebr projektin Erasmus+ \u201c Fuqizimi i potencialit k\u00ebrkimor n\u00eb institucionet e arsimit t\u00eb lart\u00eb p\u00ebr mb\u00ebshtetjen e rritjes n\u00eb rajonin e Ballkanit &#8211;\u00a0 Re@WBC\u201d.<\/span><\/p>\n<p><span style=\"color: #000000;\"> Ky aktivitet u zhvillua n\u00eb dy takime t\u00eb ndryshme, i pari n\u00eb ambientet e Universitetit \u201cIsmail Qemali\u201d t\u00eb Vlor\u00ebs me 29 qershor 2017 dhe i dyti n\u00eb ambientet e Zyr\u00ebs Komb\u00ebtare Erasmus + n\u00eb Tiran\u00eb, m\u00eb 4 korrik 2017.Projekti 3 vje\u00e7ar Re@WBC (2015-18), synon fuqizimin e menaxhimit t\u00eb potencialit k\u00ebrkimor n\u00eb institucionet e arsimit t\u00eb lart\u00eb t\u00eb Ballkanit, n\u00eb p\u00ebrputhje me strategjit\u00eb komb\u00ebtare dhe europiane p\u00ebr k\u00ebrkuesit.<\/span><\/p>\n<p><span style=\"color: #000000;\">Projekti koordinohet\u00a0 nga Universiteti i Nishit, n\u00eb Serbi dhe p\u00ebrfshin 12 institucione\u00a0partnere nga Belgjika, Britania e Madhe, Italia, Serbia, Mali i zi, \u00a0Shqip\u00ebri dhe Bosnja &amp; Hercegovina.<\/span><\/p>\n<p><span style=\"color: #000000;\">P\u00ebr m\u00eb tep\u00ebr informacion<\/span>:\u00a0<a href=\"http:\/\/rewbc.ni.ac.rs\/\"><span style=\"text-decoration: underline;\"><span style=\"color: #0000ff; text-decoration: underline;\">http:\/\/rewbc.ni.ac.rs\/<\/span><\/span><\/a><\/p>\n<p><img loading=\"lazy\" decoding=\"async\" class=\"alignnone size-medium wp-image-1325\" src=\"https:\/\/erasmusplus.al\/wp-content\/uploads\/2017\/07\/8-300x225.jpg\" sizes=\"(max-width: 300px) 100vw, 300px\" srcset=\"https:\/\/erasmusplus.al\/wp-content\/uploads\/2017\/07\/8-300x225.jpg 300w, https:\/\/erasmusplus.al\/wp-content\/uploads\/2017\/07\/8-768x576.jpg 768w, https:\/\/erasmusplus.al\/wp-content\/uploads\/2017\/07\/8.jpg 1024w\" alt=\"\" width=\"300\" height=\"225\" \/> <img loading=\"lazy\" decoding=\"async\" class=\"alignnone size-medium wp-image-1326\" src=\"https:\/\/erasmusplus.al\/wp-content\/uploads\/2017\/07\/1-300x225.jpg\" sizes=\"(max-width: 300px) 100vw, 300px\" srcset=\"https:\/\/erasmusplus.al\/wp-content\/uploads\/2017\/07\/1-300x225.jpg 300w, https:\/\/erasmusplus.al\/wp-content\/uploads\/2017\/07\/1-768x576.jpg 768w, https:\/\/erasmusplus.al\/wp-content\/uploads\/2017\/07\/1.jpg 1024w\" alt=\"\" width=\"300\" height=\"225\" \/> <img loading=\"lazy\" decoding=\"async\" class=\"alignnone size-medium wp-image-1327\" src=\"https:\/\/erasmusplus.al\/wp-content\/uploads\/2017\/07\/2-300x225.jpg\" sizes=\"(max-width: 300px) 100vw, 300px\" srcset=\"https:\/\/erasmusplus.al\/wp-content\/uploads\/2017\/07\/2-300x225.jpg 300w, https:\/\/erasmusplus.al\/wp-content\/uploads\/2017\/07\/2-768x576.jpg 768w, https:\/\/erasmusplus.al\/wp-content\/uploads\/2017\/07\/2.jpg 1024w\" alt=\"\" width=\"300\" height=\"225\" \/> <img loading=\"lazy\" decoding=\"async\" class=\"alignnone size-medium wp-image-1328\" src=\"https:\/\/erasmusplus.al\/wp-content\/uploads\/2017\/07\/3-300x225.jpg\" sizes=\"(max-width: 300px) 100vw, 300px\" srcset=\"https:\/\/erasmusplus.al\/wp-content\/uploads\/2017\/07\/3-300x225.jpg 300w, https:\/\/erasmusplus.al\/wp-content\/uploads\/2017\/07\/3-768x576.jpg 768w, https:\/\/erasmusplus.al\/wp-content\/uploads\/2017\/07\/3.jpg 1024w\" alt=\"\" width=\"300\" height=\"225\" \/> <img loading=\"lazy\" decoding=\"async\" class=\"alignnone size-medium wp-image-1329\" src=\"https:\/\/erasmusplus.al\/wp-content\/uploads\/2017\/07\/4-300x225.jpg\" sizes=\"(max-width: 300px) 100vw, 300px\" srcset=\"https:\/\/erasmusplus.al\/wp-content\/uploads\/2017\/07\/4-300x225.jpg 300w, https:\/\/erasmusplus.al\/wp-content\/uploads\/2017\/07\/4-768x576.jpg 768w, https:\/\/erasmusplus.al\/wp-content\/uploads\/2017\/07\/4.jpg 1024w\" alt=\"\" width=\"300\" height=\"225\" \/> <img loading=\"lazy\" decoding=\"async\" class=\"alignnone size-medium wp-image-1330\" src=\"https:\/\/erasmusplus.al\/wp-content\/uploads\/2017\/07\/5-300x225.jpg\" sizes=\"(max-width: 300px) 100vw, 300px\" srcset=\"https:\/\/erasmusplus.al\/wp-content\/uploads\/2017\/07\/5-300x225.jpg 300w, https:\/\/erasmusplus.al\/wp-content\/uploads\/2017\/07\/5-768x576.jpg 768w, https:\/\/erasmusplus.al\/wp-content\/uploads\/2017\/07\/5.jpg 1024w\" alt=\"\" width=\"300\" height=\"225\" \/> <img loading=\"lazy\" decoding=\"async\" class=\"alignnone size-medium wp-image-1331\" src=\"https:\/\/erasmusplus.al\/wp-content\/uploads\/2017\/07\/6-300x225.jpg\" sizes=\"(max-width: 300px) 100vw, 300px\" srcset=\"https:\/\/erasmusplus.al\/wp-content\/uploads\/2017\/07\/6-300x225.jpg 300w, https:\/\/erasmusplus.al\/wp-content\/uploads\/2017\/07\/6-768x576.jpg 768w, https:\/\/erasmusplus.al\/wp-content\/uploads\/2017\/07\/6.jpg 1024w\" alt=\"\" width=\"300\" height=\"225\" \/> <img loading=\"lazy\" decoding=\"async\" class=\"alignnone size-medium wp-image-1332\" src=\"https:\/\/erasmusplus.al\/wp-content\/uploads\/2017\/07\/7-300x225.jpg\" sizes=\"(max-width: 300px) 100vw, 300px\" srcset=\"https:\/\/erasmusplus.al\/wp-content\/uploads\/2017\/07\/7-300x225.jpg 300w, https:\/\/erasmusplus.al\/wp-content\/uploads\/2017\/07\/7-768x576.jpg 768w, https:\/\/erasmusplus.al\/wp-content\/uploads\/2017\/07\/7.jpg 1024w\" alt=\"\" width=\"300\" height=\"225\" \/><\/p>\n","protected":false},"excerpt":{"rendered":"<p>Stafi i ZKE+, nd\u00ebrmori vizit\u00ebn monitoruese p\u00ebr projektin Erasmus+ \u201c Fuqizimi i potencialit k\u00ebrkimor n\u00eb institucionet e arsimit t\u00eb lart\u00eb p\u00ebr mb\u00ebshtetjen e rritjes n\u00eb rajonin e Ballkanit &#8211;\u00a0 Re@WBC\u201d. Ky aktivitet u zhvillua n\u00eb dy takime t\u00eb ndryshme, i pari n\u00eb ambientet e Universitetit \u201cIsmail Qemali\u201d t\u00eb Vlor\u00ebs me 29 qershor 2017 dhe i [&hellip;]<\/p>\n","protected":false},"author":1,"featured_media":0,"comment_status":"closed","ping_status":"closed","sticky":false,"template":"","format":"standard","meta":{"_acf_changed":false,"_et_pb_use_builder":"","_et_pb_old_content":"","_et_gb_content_width":"","footnotes":""},"categories":[110],"tags":[],"class_list":["post-1334","post","type-post","status-publish","format-standard","hentry","category-aktivitete"],"acf":[],"_links":{"self":[{"href":"https:\/\/erasmusplus.al\/index.php?rest_route=\/wp\/v2\/posts\/1334","targetHints":{"allow":["GET"]}}],"collection":[{"href":"https:\/\/erasmusplus.al\/index.php?rest_route=\/wp\/v2\/posts"}],"about":[{"href":"https:\/\/erasmusplus.al\/index.php?rest_route=\/wp\/v2\/types\/post"}],"author":[{"embeddable":true,"href":"https:\/\/erasmusplus.al\/index.php?rest_route=\/wp\/v2\/users\/1"}],"replies":[{"embeddable":true,"href":"https:\/\/erasmusplus.al\/index.php?rest_route=%2Fwp%2Fv2%2Fcomments&post=1334"}],"version-history":[{"count":1,"href":"https:\/\/erasmusplus.al\/index.php?rest_route=\/wp\/v2\/posts\/1334\/revisions"}],"predecessor-version":[{"id":1335,"href":"https:\/\/erasmusplus.al\/index.php?rest_route=\/wp\/v2\/posts\/1334\/revisions\/1335"}],"wp:attachment":[{"href":"https:\/\/erasmusplus.al\/index.php?rest_route=%2Fwp%2Fv2%2Fmedia&parent=1334"}],"wp:term":[{"taxonomy":"category","embeddable":true,"href":"https:\/\/erasmusplus.al\/index.php?rest_route=%2Fwp%2Fv2%2Fcategories&post=1334"},{"taxonomy":"post_tag","embeddable":true,"href":"https:\/\/erasmusplus.al\/index.php?rest_route=%2Fwp%2Fv2%2Ftags&post=1334"}],"curies":[{"name":"wp","href":"https:\/\/api.w.org\/{rel}","templated":true}]}}