{"id":1348,"date":"2017-06-30T08:44:25","date_gmt":"2017-06-30T08:44:25","guid":{"rendered":"http:\/\/erasmusplus.al\/?p=1348"},"modified":"2017-07-18T08:45:42","modified_gmt":"2017-07-18T08:45:42","slug":"zhvillohet-dita-rajonale-informuese-per-erasmus-ne-vlore-me-30-qershor-2017","status":"publish","type":"post","link":"https:\/\/erasmusplus.al\/?p=1348&lang=sq","title":{"rendered":"Zhvillohet Dita Rajonale Informuese p\u00ebr Erasmus + n\u00eb Vlor\u00eb, m\u00eb 30  Qershor, 2017."},"content":{"rendered":"<p><span style=\"color: #000000;\">Zyra Komb\u00ebtare Erasmus + zhvilloi m\u00eb 30 qershor 2017 n\u00eb ambjentet e Qendr\u00ebs Rinore n\u00eb qytetin e Vlor\u00ebs, dit\u00ebn rajonale informuese p\u00ebr programin Erasmus +. Ky aktivitet u ndoq nga mbi 40 student\u00eb dhe pedagog\u00eb t\u00eb universitetit \u201cFan Noli\u201d, si dhe stafi i zyr\u00ebs shqiptare Erasmus + dhe delgacionit t\u00eb Bashkimit Europian n\u00eb Shqip\u00ebri. Gjat\u00eb dit\u00ebs informuese, p\u00ebrve\u00e7 mund\u00ebsive t\u00eb ofruara nga programi Erasmus +, t\u00eb pranishmit u njoh\u00ebn me konkursin e sapo \u04abelur p\u00ebr p\u00ebrgatitjen e ese-ve dhe arteve t\u00eb bukra me tem\u00eb \u201cEuropa ime\u201d. P\u00ebrvjetori i 30-t\u00eb i programit Erasmus ishte gjithashtu tematik\u00eb e k\u00ebtij aktiviteti dhe festua n\u00eb mbyllje me tort\u00ebn e dit\u00eblindjes.<\/span><\/p>\n<p><img loading=\"lazy\" decoding=\"async\" class=\"alignnone size-medium wp-image-1338\" src=\"https:\/\/erasmusplus.al\/wp-content\/uploads\/2017\/07\/30-Jun-2017-1-300x225.jpg\" sizes=\"(max-width: 300px) 100vw, 300px\" srcset=\"https:\/\/erasmusplus.al\/wp-content\/uploads\/2017\/07\/30-Jun-2017-1-300x225.jpg 300w, https:\/\/erasmusplus.al\/wp-content\/uploads\/2017\/07\/30-Jun-2017-1-768x576.jpg 768w, https:\/\/erasmusplus.al\/wp-content\/uploads\/2017\/07\/30-Jun-2017-1.jpg 1024w\" alt=\"\" width=\"300\" height=\"225\" \/> <img loading=\"lazy\" decoding=\"async\" class=\"alignnone size-medium wp-image-1339\" src=\"https:\/\/erasmusplus.al\/wp-content\/uploads\/2017\/07\/30-Jun-2017-2-300x225.jpg\" sizes=\"(max-width: 300px) 100vw, 300px\" srcset=\"https:\/\/erasmusplus.al\/wp-content\/uploads\/2017\/07\/30-Jun-2017-2-300x225.jpg 300w, https:\/\/erasmusplus.al\/wp-content\/uploads\/2017\/07\/30-Jun-2017-2-768x576.jpg 768w, https:\/\/erasmusplus.al\/wp-content\/uploads\/2017\/07\/30-Jun-2017-2.jpg 1024w\" alt=\"\" width=\"300\" height=\"225\" \/> <img loading=\"lazy\" decoding=\"async\" class=\"alignnone size-medium wp-image-1340\" src=\"https:\/\/erasmusplus.al\/wp-content\/uploads\/2017\/07\/30-Jun-2017-3-300x225.jpg\" sizes=\"(max-width: 300px) 100vw, 300px\" srcset=\"https:\/\/erasmusplus.al\/wp-content\/uploads\/2017\/07\/30-Jun-2017-3-300x225.jpg 300w, https:\/\/erasmusplus.al\/wp-content\/uploads\/2017\/07\/30-Jun-2017-3-768x576.jpg 768w, https:\/\/erasmusplus.al\/wp-content\/uploads\/2017\/07\/30-Jun-2017-3.jpg 1024w\" alt=\"\" width=\"300\" height=\"225\" \/> <img loading=\"lazy\" decoding=\"async\" class=\"alignnone size-medium wp-image-1341\" src=\"https:\/\/erasmusplus.al\/wp-content\/uploads\/2017\/07\/30-Jun-2017-4-300x225.jpg\" sizes=\"(max-width: 300px) 100vw, 300px\" srcset=\"https:\/\/erasmusplus.al\/wp-content\/uploads\/2017\/07\/30-Jun-2017-4-300x225.jpg 300w, https:\/\/erasmusplus.al\/wp-content\/uploads\/2017\/07\/30-Jun-2017-4-768x576.jpg 768w, https:\/\/erasmusplus.al\/wp-content\/uploads\/2017\/07\/30-Jun-2017-4.jpg 1024w\" alt=\"\" width=\"300\" height=\"225\" \/> <img loading=\"lazy\" decoding=\"async\" class=\"alignnone size-medium wp-image-1342\" src=\"https:\/\/erasmusplus.al\/wp-content\/uploads\/2017\/07\/30-Jun-2017-5-300x225.jpg\" sizes=\"(max-width: 300px) 100vw, 300px\" srcset=\"https:\/\/erasmusplus.al\/wp-content\/uploads\/2017\/07\/30-Jun-2017-5-300x225.jpg 300w, https:\/\/erasmusplus.al\/wp-content\/uploads\/2017\/07\/30-Jun-2017-5-768x576.jpg 768w, https:\/\/erasmusplus.al\/wp-content\/uploads\/2017\/07\/30-Jun-2017-5.jpg 1024w\" alt=\"\" width=\"300\" height=\"225\" \/> <img loading=\"lazy\" decoding=\"async\" class=\"alignnone size-medium wp-image-1343\" src=\"https:\/\/erasmusplus.al\/wp-content\/uploads\/2017\/07\/30-Jun-2017-6-300x225.jpg\" sizes=\"(max-width: 300px) 100vw, 300px\" srcset=\"https:\/\/erasmusplus.al\/wp-content\/uploads\/2017\/07\/30-Jun-2017-6-300x225.jpg 300w, https:\/\/erasmusplus.al\/wp-content\/uploads\/2017\/07\/30-Jun-2017-6-768x576.jpg 768w, https:\/\/erasmusplus.al\/wp-content\/uploads\/2017\/07\/30-Jun-2017-6.jpg 1024w\" alt=\"\" width=\"300\" height=\"225\" \/> <img loading=\"lazy\" decoding=\"async\" class=\"alignnone size-medium wp-image-1344\" src=\"https:\/\/erasmusplus.al\/wp-content\/uploads\/2017\/07\/30-Jun-2017-7-300x225.jpg\" sizes=\"(max-width: 300px) 100vw, 300px\" srcset=\"https:\/\/erasmusplus.al\/wp-content\/uploads\/2017\/07\/30-Jun-2017-7-300x225.jpg 300w, https:\/\/erasmusplus.al\/wp-content\/uploads\/2017\/07\/30-Jun-2017-7-768x576.jpg 768w, https:\/\/erasmusplus.al\/wp-content\/uploads\/2017\/07\/30-Jun-2017-7.jpg 1024w\" alt=\"\" width=\"300\" height=\"225\" \/> <img loading=\"lazy\" decoding=\"async\" class=\"alignnone size-medium wp-image-1345\" src=\"https:\/\/erasmusplus.al\/wp-content\/uploads\/2017\/07\/30-Jun-2017-8-300x225.jpg\" sizes=\"(max-width: 300px) 100vw, 300px\" srcset=\"https:\/\/erasmusplus.al\/wp-content\/uploads\/2017\/07\/30-Jun-2017-8-300x225.jpg 300w, https:\/\/erasmusplus.al\/wp-content\/uploads\/2017\/07\/30-Jun-2017-8-768x576.jpg 768w, https:\/\/erasmusplus.al\/wp-content\/uploads\/2017\/07\/30-Jun-2017-8.jpg 1024w\" alt=\"\" width=\"300\" height=\"225\" \/> <img loading=\"lazy\" decoding=\"async\" class=\"alignnone size-medium wp-image-1346\" src=\"https:\/\/erasmusplus.al\/wp-content\/uploads\/2017\/07\/30-Jun-2017-9-300x225.jpg\" sizes=\"(max-width: 300px) 100vw, 300px\" srcset=\"https:\/\/erasmusplus.al\/wp-content\/uploads\/2017\/07\/30-Jun-2017-9-300x225.jpg 300w, https:\/\/erasmusplus.al\/wp-content\/uploads\/2017\/07\/30-Jun-2017-9-768x576.jpg 768w, https:\/\/erasmusplus.al\/wp-content\/uploads\/2017\/07\/30-Jun-2017-9.jpg 1024w\" alt=\"\" width=\"300\" height=\"225\" \/><\/p>\n","protected":false},"excerpt":{"rendered":"<p>Zyra Komb\u00ebtare Erasmus + zhvilloi m\u00eb 30 qershor 2017 n\u00eb ambjentet e Qendr\u00ebs Rinore n\u00eb qytetin e Vlor\u00ebs, dit\u00ebn rajonale informuese p\u00ebr programin Erasmus +. Ky aktivitet u ndoq nga mbi 40 student\u00eb dhe pedagog\u00eb t\u00eb universitetit \u201cFan Noli\u201d, si dhe stafi i zyr\u00ebs shqiptare Erasmus + dhe delgacionit t\u00eb Bashkimit Europian n\u00eb Shqip\u00ebri. Gjat\u00eb [&hellip;]<\/p>\n","protected":false},"author":1,"featured_media":0,"comment_status":"closed","ping_status":"closed","sticky":false,"template":"","format":"standard","meta":{"_acf_changed":false,"_et_pb_use_builder":"","_et_pb_old_content":"","_et_gb_content_width":"","footnotes":""},"categories":[110],"tags":[],"class_list":["post-1348","post","type-post","status-publish","format-standard","hentry","category-aktivitete"],"acf":[],"_links":{"self":[{"href":"https:\/\/erasmusplus.al\/index.php?rest_route=\/wp\/v2\/posts\/1348","targetHints":{"allow":["GET"]}}],"collection":[{"href":"https:\/\/erasmusplus.al\/index.php?rest_route=\/wp\/v2\/posts"}],"about":[{"href":"https:\/\/erasmusplus.al\/index.php?rest_route=\/wp\/v2\/types\/post"}],"author":[{"embeddable":true,"href":"https:\/\/erasmusplus.al\/index.php?rest_route=\/wp\/v2\/users\/1"}],"replies":[{"embeddable":true,"href":"https:\/\/erasmusplus.al\/index.php?rest_route=%2Fwp%2Fv2%2Fcomments&post=1348"}],"version-history":[{"count":2,"href":"https:\/\/erasmusplus.al\/index.php?rest_route=\/wp\/v2\/posts\/1348\/revisions"}],"predecessor-version":[{"id":1350,"href":"https:\/\/erasmusplus.al\/index.php?rest_route=\/wp\/v2\/posts\/1348\/revisions\/1350"}],"wp:attachment":[{"href":"https:\/\/erasmusplus.al\/index.php?rest_route=%2Fwp%2Fv2%2Fmedia&parent=1348"}],"wp:term":[{"taxonomy":"category","embeddable":true,"href":"https:\/\/erasmusplus.al\/index.php?rest_route=%2Fwp%2Fv2%2Fcategories&post=1348"},{"taxonomy":"post_tag","embeddable":true,"href":"https:\/\/erasmusplus.al\/index.php?rest_route=%2Fwp%2Fv2%2Ftags&post=1348"}],"curies":[{"name":"wp","href":"https:\/\/api.w.org\/{rel}","templated":true}]}}