{"id":1521,"date":"2015-06-05T11:41:46","date_gmt":"2015-06-05T11:41:46","guid":{"rendered":"http:\/\/erasmusplus.al\/?p=1521"},"modified":"2017-07-18T11:42:42","modified_gmt":"2017-07-18T11:42:42","slug":"erasmus-national-seminar-on-raising-capacities-of-albanian-universities-for-internal-governance-3","status":"publish","type":"post","link":"https:\/\/erasmusplus.al\/?p=1521&lang=sq","title":{"rendered":"Erasmus + National Seminar on \u2018Raising capacities of Albanian universities for internal governance\u201d."},"content":{"rendered":"<p><span style=\"color: #000000;\">Zyra Komb\u00ebtare Erasmus+ (ish Zyra Tempus) ka k\u00ebnaq\u00ebsin\u00eb t\u2019ju ftoj\u00eb n\u00eb seminarin komb\u00ebtar q\u00eb do t\u00eb organizoj\u00eb n\u00eb bashk\u00ebpunim me ekspert\u00ebt Erasmus+ p\u00ebr Reformat e Arsimit t\u00eb Lart\u00eb (HERE), n\u00eb Universitetin e Elbasanit n\u00eb dat\u00eb 16 qershor 2015, me tem\u00eb:<\/span><\/p>\n<p><span style=\"color: #000000;\"><strong><em>\u201cOrganizimi i brendsh\u00ebm i universiteteve dhe rritja e kapaciteteve p\u00ebr qeverisjen\u201d<\/em>.<\/strong><\/span><\/p>\n<p>&nbsp;<\/p>\n<p><span style=\"color: #000000;\">Ky seminar do t\u00eb mbledh\u00eb s\u00eb\u00a0 bashku\u00a0 rektor\u00eb, dekan\u00eb, an\u00ebtar\u00eb t\u00eb stafeve akademike nga\u00a0 IAL-t\u00eb e Tiran\u00ebs, Kor\u00e7\u00ebs, Shkodr\u00ebs etj, p\u00ebrfaq\u00ebsues t\u00eb Ministris\u00eb s\u00eb Arsimit dhe Sportit, si dhe p\u00ebrfaq\u00ebsues t\u00eb Delegacionit t\u00eb BE-s\u00eb n\u00eb Tiran\u00eb. Seminari do t\u00eb trajtoj\u00eb sfidat e situat\u00ebs aktuale t\u00eb qeverisjes duke filluar nga niveli i institucionit deri n\u00eb nj\u00ebsin\u00eb baz\u00eb t\u00eb departamentit, ndryshimet q\u00eb sjell reforma dhe ligji i ri i arsimit t\u00eb lart\u00eb, si dhe do t\u00eb\u00a0 p\u00ebrcjell\u00eb z\u00ebrin e personelit t\u00eb IAL-ve n\u00eb nj\u00eb dokument final me rekomandime p\u00ebr hartimin e akteve t\u00eb ardhshme n\u00ebnligjore.<\/span><\/p>\n<p>&nbsp;<\/p>\n<p>&nbsp;<\/p>\n<p><span style=\"color: #000000;\">N\u00eb k\u00ebt\u00eb seminar do t\u00eb marr\u00eb pjes\u00eb dhe eksperti nd\u00ebrkomb\u00ebtar, Stephen Hagen, <em>Profesor Emeritus<\/em>, Zv\/rektor p\u00ebr Menaxhimin dhe Qeverisjen n\u00eb Qendr\u00ebn Komb\u00ebtare t\u00eb K\u00ebrkimit n\u00eb Sh\u00ebn Pet\u00ebrburg, Zv\/kancelar i Universitetit t\u00eb Uellsit, n\u00eb Britanin\u00eb e Madhe, Drejtor i K\u00ebrkimit, Biznesit dhe Inovacionit n\u00eb Universitetin e Anglis\u00eb Per\u00ebndimore t\u00eb Bristolit, etj. Ai do t\u00eb prezantoj\u00eb modelet m\u00eb t\u00eb suksesshme t\u00eb qeverisjes n\u00eb universitetet e vendeve m\u00eb t\u00eb zhvilluara evropiane, si dhe do t\u00eb trajtoj\u00eb aspektet kryesore t\u00eb organizimit t\u00eb brendsh\u00ebm t\u00eb departamentit.<\/span><\/p>\n<p>&nbsp;<\/p>\n<p><span style=\"color: #000000;\">Pjes\u00ebmarrja juaj n\u00eb k\u00ebt\u00eb seminar do t\u00eb na nderonte pa mas\u00eb.<\/span><\/p>\n<p><span style=\"color: #000000;\"><strong>\u00a0<\/strong><\/span><\/p>\n<p><span style=\"color: #000000;\">Ju mir\u00ebpresim!<\/span><\/p>\n<p><a href=\"https:\/\/erasmusplus.al\/wp-content\/uploads\/2017\/07\/Axhenda-Seminari-ne-Elbasan.pdf\"><span style=\"text-decoration: underline;\"><span style=\"color: #0000ff; text-decoration: underline;\">Axhenda e Seminarit<\/span><\/span><\/a><\/p>\n","protected":false},"excerpt":{"rendered":"<p>Zyra Komb\u00ebtare Erasmus+ (ish Zyra Tempus) ka k\u00ebnaq\u00ebsin\u00eb t\u2019ju ftoj\u00eb n\u00eb seminarin komb\u00ebtar q\u00eb do t\u00eb organizoj\u00eb n\u00eb bashk\u00ebpunim me ekspert\u00ebt Erasmus+ p\u00ebr Reformat e Arsimit t\u00eb Lart\u00eb (HERE), n\u00eb Universitetin e Elbasanit n\u00eb dat\u00eb 16 qershor 2015, me tem\u00eb: \u201cOrganizimi i brendsh\u00ebm i universiteteve dhe rritja e kapaciteteve p\u00ebr qeverisjen\u201d. &nbsp; Ky seminar do [&hellip;]<\/p>\n","protected":false},"author":1,"featured_media":0,"comment_status":"closed","ping_status":"closed","sticky":false,"template":"","format":"standard","meta":{"_acf_changed":false,"_et_pb_use_builder":"","_et_pb_old_content":"","_et_gb_content_width":"","footnotes":""},"categories":[107],"tags":[],"class_list":["post-1521","post","type-post","status-publish","format-standard","hentry","category-njoftime-sq"],"acf":[],"_links":{"self":[{"href":"https:\/\/erasmusplus.al\/index.php?rest_route=\/wp\/v2\/posts\/1521","targetHints":{"allow":["GET"]}}],"collection":[{"href":"https:\/\/erasmusplus.al\/index.php?rest_route=\/wp\/v2\/posts"}],"about":[{"href":"https:\/\/erasmusplus.al\/index.php?rest_route=\/wp\/v2\/types\/post"}],"author":[{"embeddable":true,"href":"https:\/\/erasmusplus.al\/index.php?rest_route=\/wp\/v2\/users\/1"}],"replies":[{"embeddable":true,"href":"https:\/\/erasmusplus.al\/index.php?rest_route=%2Fwp%2Fv2%2Fcomments&post=1521"}],"version-history":[{"count":1,"href":"https:\/\/erasmusplus.al\/index.php?rest_route=\/wp\/v2\/posts\/1521\/revisions"}],"predecessor-version":[{"id":1522,"href":"https:\/\/erasmusplus.al\/index.php?rest_route=\/wp\/v2\/posts\/1521\/revisions\/1522"}],"wp:attachment":[{"href":"https:\/\/erasmusplus.al\/index.php?rest_route=%2Fwp%2Fv2%2Fmedia&parent=1521"}],"wp:term":[{"taxonomy":"category","embeddable":true,"href":"https:\/\/erasmusplus.al\/index.php?rest_route=%2Fwp%2Fv2%2Fcategories&post=1521"},{"taxonomy":"post_tag","embeddable":true,"href":"https:\/\/erasmusplus.al\/index.php?rest_route=%2Fwp%2Fv2%2Ftags&post=1521"}],"curies":[{"name":"wp","href":"https:\/\/api.w.org\/{rel}","templated":true}]}}