{"id":2104,"date":"2016-10-06T09:28:17","date_gmt":"2016-10-06T09:28:17","guid":{"rendered":"http:\/\/erasmusplus.al\/?p=2104"},"modified":"2017-07-26T09:29:11","modified_gmt":"2017-07-26T09:29:11","slug":"zhvillohet-dita-rajonale-informative-per-erasmus-ne-universitetin-fan-noli-te-korces-me-6-tetor-2016","status":"publish","type":"post","link":"https:\/\/erasmusplus.al\/?p=2104&lang=sq","title":{"rendered":"Zhvillohet dita rajonale informative p\u00ebr Erasmus + n\u00eb universitetin \u201cFan Noli\u201d t\u00eb Kor\u00e7\u00ebs, m\u00eb 6 Tetor 2016."},"content":{"rendered":"<p><span style=\"color: #000000;\">Zyra Komb\u00ebtare Erasmus + zhvilloi\u00a0 m\u00eb 6 tetor 2016, n\u00eb ambientet e universitetin \u201cFan Noli\u201d t\u00eb Vlor\u00ebs dit\u00ebn rajonale informative p\u00ebr Erasmus +\u2019.<\/span><\/p>\n<p><span style=\"color: #000000;\">Ky aktivitet sh\u00ebrbeu p\u00ebr promovimin e dimensionit nd\u00ebrkomb\u00ebtar t\u00eb Arsimit t\u00eb Lart\u00eb t\u00eb programit Erasmus +, q\u00eb p\u00ebrfshin p\u00ebr Shqip\u00ebrin\u00eb:<\/span><\/p>\n<p><span style=\"color: #000000;\"><strong>&#8211; Shk\u00ebmbimet afatshkurtra p\u00ebr stafet dhe student\u00ebt<\/strong><strong>\u00a0<\/strong>(KA1 International credit mobility);<\/span><\/p>\n<p><span style=\"color: #000000;\"><strong>&#8211; Projektet \u201cRritja e kapaciteteve n\u00eb Arsimin e Lart\u00eb\u201d<\/strong>\u00a0ose ish-projektet Tempus, p\u00ebrfshir\u00eb shk\u00ebmbimet speciale p\u00ebr stafe dhe student\u00eb, (KA 2Capacity Building in Higher Education);<\/span><\/p>\n<p><span style=\"color: #000000;\"><strong>&#8211; Projektet Jean Monnet;<\/strong><\/span><\/p>\n<p><span style=\"color: #000000;\">Ky aktivitet nxiti interesin dhe t\u00ebrhoqi pjes\u00ebmarrjen e stafit administrativ dhe akademik t\u00eb Universitetit t\u00eb Kor\u00e7ws dhe student\u00ebve t\u00eb tij, t\u00eb cil\u00ebt n\u00ebp\u00ebrmjet prezantimeve t\u00eb zyr\u00ebs rrit\u00ebn njohurit\u00eb e tyre mbi procesin e aplikimit n\u00eb mund\u00ebsit\u00eb e ndryshme t\u00eb programit dhe m\u00ebnyr\u00ebn e p\u00ebrgatitjes s\u00eb nj\u00eb projekt propozimi t\u00eb suksessh\u00ebm n\u00eb Erasmus+.<\/span><\/p>\n<p><a href=\"https:\/\/erasmusplus.al\/wp-content\/uploads\/2017\/07\/6Oct16-1.jpg\"><img loading=\"lazy\" decoding=\"async\" class=\"alignnone size-medium wp-image-2097\" src=\"https:\/\/erasmusplus.al\/wp-content\/uploads\/2017\/07\/6Oct16-1-300x225.jpg\" alt=\"\" width=\"300\" height=\"225\" srcset=\"https:\/\/erasmusplus.al\/wp-content\/uploads\/2017\/07\/6Oct16-1-300x225.jpg 300w, https:\/\/erasmusplus.al\/wp-content\/uploads\/2017\/07\/6Oct16-1-768x576.jpg 768w, https:\/\/erasmusplus.al\/wp-content\/uploads\/2017\/07\/6Oct16-1.jpg 1024w\" sizes=\"(max-width: 300px) 100vw, 300px\" \/><\/a> <a href=\"https:\/\/erasmusplus.al\/wp-content\/uploads\/2017\/07\/6Oct16-2.jpg\"><img loading=\"lazy\" decoding=\"async\" class=\"alignnone size-medium wp-image-2098\" src=\"https:\/\/erasmusplus.al\/wp-content\/uploads\/2017\/07\/6Oct16-2-300x225.jpg\" alt=\"\" width=\"300\" height=\"225\" srcset=\"https:\/\/erasmusplus.al\/wp-content\/uploads\/2017\/07\/6Oct16-2-300x225.jpg 300w, https:\/\/erasmusplus.al\/wp-content\/uploads\/2017\/07\/6Oct16-2-768x576.jpg 768w, https:\/\/erasmusplus.al\/wp-content\/uploads\/2017\/07\/6Oct16-2.jpg 1024w\" sizes=\"(max-width: 300px) 100vw, 300px\" \/><\/a> <a href=\"https:\/\/erasmusplus.al\/wp-content\/uploads\/2017\/07\/6Oct16-3.jpg\"><img loading=\"lazy\" decoding=\"async\" class=\"alignnone size-medium wp-image-2099\" src=\"https:\/\/erasmusplus.al\/wp-content\/uploads\/2017\/07\/6Oct16-3-300x225.jpg\" alt=\"\" width=\"300\" height=\"225\" srcset=\"https:\/\/erasmusplus.al\/wp-content\/uploads\/2017\/07\/6Oct16-3-300x225.jpg 300w, https:\/\/erasmusplus.al\/wp-content\/uploads\/2017\/07\/6Oct16-3-768x576.jpg 768w, https:\/\/erasmusplus.al\/wp-content\/uploads\/2017\/07\/6Oct16-3.jpg 1024w\" sizes=\"(max-width: 300px) 100vw, 300px\" \/><\/a> <a href=\"https:\/\/erasmusplus.al\/wp-content\/uploads\/2017\/07\/6Oct16-4.jpg\"><img loading=\"lazy\" decoding=\"async\" class=\"alignnone size-medium wp-image-2100\" src=\"https:\/\/erasmusplus.al\/wp-content\/uploads\/2017\/07\/6Oct16-4-300x225.jpg\" alt=\"\" width=\"300\" height=\"225\" srcset=\"https:\/\/erasmusplus.al\/wp-content\/uploads\/2017\/07\/6Oct16-4-300x225.jpg 300w, https:\/\/erasmusplus.al\/wp-content\/uploads\/2017\/07\/6Oct16-4-768x576.jpg 768w, https:\/\/erasmusplus.al\/wp-content\/uploads\/2017\/07\/6Oct16-4.jpg 1024w\" sizes=\"(max-width: 300px) 100vw, 300px\" \/><\/a> <a href=\"https:\/\/erasmusplus.al\/wp-content\/uploads\/2017\/07\/6Oct16-5.jpg\"><img loading=\"lazy\" decoding=\"async\" class=\"alignnone size-medium wp-image-2101\" src=\"https:\/\/erasmusplus.al\/wp-content\/uploads\/2017\/07\/6Oct16-5-300x225.jpg\" alt=\"\" width=\"300\" height=\"225\" srcset=\"https:\/\/erasmusplus.al\/wp-content\/uploads\/2017\/07\/6Oct16-5-300x225.jpg 300w, https:\/\/erasmusplus.al\/wp-content\/uploads\/2017\/07\/6Oct16-5-768x576.jpg 768w, https:\/\/erasmusplus.al\/wp-content\/uploads\/2017\/07\/6Oct16-5.jpg 1024w\" sizes=\"(max-width: 300px) 100vw, 300px\" \/><\/a> <a href=\"https:\/\/erasmusplus.al\/wp-content\/uploads\/2017\/07\/6Oct16-6.jpg\"><img loading=\"lazy\" decoding=\"async\" class=\"alignnone size-medium wp-image-2102\" src=\"https:\/\/erasmusplus.al\/wp-content\/uploads\/2017\/07\/6Oct16-6-300x225.jpg\" alt=\"\" width=\"300\" height=\"225\" srcset=\"https:\/\/erasmusplus.al\/wp-content\/uploads\/2017\/07\/6Oct16-6-300x225.jpg 300w, https:\/\/erasmusplus.al\/wp-content\/uploads\/2017\/07\/6Oct16-6-768x576.jpg 768w, https:\/\/erasmusplus.al\/wp-content\/uploads\/2017\/07\/6Oct16-6.jpg 1024w\" sizes=\"(max-width: 300px) 100vw, 300px\" \/><\/a><\/p>\n","protected":false},"excerpt":{"rendered":"<p>Zyra Komb\u00ebtare Erasmus + zhvilloi\u00a0 m\u00eb 6 tetor 2016, n\u00eb ambientet e universitetin \u201cFan Noli\u201d t\u00eb Vlor\u00ebs dit\u00ebn rajonale informative p\u00ebr Erasmus +\u2019. Ky aktivitet sh\u00ebrbeu p\u00ebr promovimin e dimensionit nd\u00ebrkomb\u00ebtar t\u00eb Arsimit t\u00eb Lart\u00eb t\u00eb programit Erasmus +, q\u00eb p\u00ebrfshin p\u00ebr Shqip\u00ebrin\u00eb: &#8211; Shk\u00ebmbimet afatshkurtra p\u00ebr stafet dhe student\u00ebt\u00a0(KA1 International credit mobility); &#8211; Projektet [&hellip;]<\/p>\n","protected":false},"author":1,"featured_media":0,"comment_status":"closed","ping_status":"closed","sticky":false,"template":"","format":"standard","meta":{"_acf_changed":false,"_et_pb_use_builder":"","_et_pb_old_content":"","_et_gb_content_width":"","footnotes":""},"categories":[110],"tags":[],"class_list":["post-2104","post","type-post","status-publish","format-standard","hentry","category-aktivitete"],"acf":[],"_links":{"self":[{"href":"https:\/\/erasmusplus.al\/index.php?rest_route=\/wp\/v2\/posts\/2104","targetHints":{"allow":["GET"]}}],"collection":[{"href":"https:\/\/erasmusplus.al\/index.php?rest_route=\/wp\/v2\/posts"}],"about":[{"href":"https:\/\/erasmusplus.al\/index.php?rest_route=\/wp\/v2\/types\/post"}],"author":[{"embeddable":true,"href":"https:\/\/erasmusplus.al\/index.php?rest_route=\/wp\/v2\/users\/1"}],"replies":[{"embeddable":true,"href":"https:\/\/erasmusplus.al\/index.php?rest_route=%2Fwp%2Fv2%2Fcomments&post=2104"}],"version-history":[{"count":1,"href":"https:\/\/erasmusplus.al\/index.php?rest_route=\/wp\/v2\/posts\/2104\/revisions"}],"predecessor-version":[{"id":2105,"href":"https:\/\/erasmusplus.al\/index.php?rest_route=\/wp\/v2\/posts\/2104\/revisions\/2105"}],"wp:attachment":[{"href":"https:\/\/erasmusplus.al\/index.php?rest_route=%2Fwp%2Fv2%2Fmedia&parent=2104"}],"wp:term":[{"taxonomy":"category","embeddable":true,"href":"https:\/\/erasmusplus.al\/index.php?rest_route=%2Fwp%2Fv2%2Fcategories&post=2104"},{"taxonomy":"post_tag","embeddable":true,"href":"https:\/\/erasmusplus.al\/index.php?rest_route=%2Fwp%2Fv2%2Ftags&post=2104"}],"curies":[{"name":"wp","href":"https:\/\/api.w.org\/{rel}","templated":true}]}}