{"id":2155,"date":"2017-07-26T10:19:50","date_gmt":"2017-07-26T10:19:50","guid":{"rendered":"http:\/\/erasmusplus.al\/?p=2155"},"modified":"2017-07-26T10:19:50","modified_gmt":"2017-07-26T10:19:50","slug":"zhvillohet-ceremonia-e-percjelljes-per-studentet-e-perzgjedhur-ne-programin-e-masterave-te-perbashket-te-erasmus-mundus","status":"publish","type":"post","link":"https:\/\/erasmusplus.al\/?p=2155&lang=sq","title":{"rendered":"Zhvillohet ceremonia e p\u00ebrcjelljes p\u00ebr student\u00ebt e p\u00ebrzgjedhur n\u00eb programin e Masterave t\u00eb P\u00ebrbashk\u00ebt t\u00eb Erasmus Mundus"},"content":{"rendered":"<p><span style=\"color: #000000;\">Pas vler\u00ebsimit t\u00eb aplikimeve n\u00eb programin Erasmus Mundus, 13 student\u00eb shqiptar\u00eb fituan t\u00eb drejt\u00ebn e ndjekjes me burs\u00eb t\u00eb plot\u00eb t\u00eb programeve master t\u00eb p\u00ebrbashk\u00ebt n\u00eb ciklin akademik 2016-18.\u00a0 Me rastin e fillimit t\u00eb studimeve t\u00eb tyre u organizua m\u00eb dat\u00eb 20 korrik 2016, n\u00eb ambientet e Hotel Rogner\u00a0 ceremonia e p\u00ebrcjelljes s\u00eb student\u00ebve.<\/span><\/p>\n<p><span style=\"color: #000000;\">Ceremonia u p\u00ebrsh\u00ebndet nga Z. Redi Shtino, Zv. Minist\u00ebr i Arsimit dhe Sportit dhe Znj. Xheni Sinakoli nga Zyra e Delegacionit t\u00eb BE-s\u00eb n\u00eb Shqip\u00ebri. Gjat\u00eb k\u00ebtij aktiviteti, Znj. Edit Dibra koordinatore e Zyr\u00ebs Komb\u00ebtare Erasmus + njohu t\u00eb pranishmit m\u00eb mund\u00ebsit\u00eb q\u00eb programi ofron p\u00ebr student\u00ebt shqiptar\u00eb. Gjithashtu, Z. Armando Memushi nga \u2018Rrjeti i Alumn\u00ebve Erasmus Mundus\u2019 dhe dy student\u00eb t\u00eb tjer\u00eb ndan eksperienc\u00ebn e tyre t\u00eb studimeve n\u00eb Erasmus Mundus me t\u00eb pranishmit. \u00a0<\/span><\/p>\n<p><a href=\"https:\/\/erasmusplus.al\/wp-content\/uploads\/2017\/07\/20Jul16-1.jpg\"><img loading=\"lazy\" decoding=\"async\" class=\"alignnone size-medium wp-image-2147\" src=\"https:\/\/erasmusplus.al\/wp-content\/uploads\/2017\/07\/20Jul16-1-300x225.jpg\" alt=\"\" width=\"300\" height=\"225\" srcset=\"https:\/\/erasmusplus.al\/wp-content\/uploads\/2017\/07\/20Jul16-1-300x225.jpg 300w, https:\/\/erasmusplus.al\/wp-content\/uploads\/2017\/07\/20Jul16-1-768x576.jpg 768w, https:\/\/erasmusplus.al\/wp-content\/uploads\/2017\/07\/20Jul16-1.jpg 1024w\" sizes=\"(max-width: 300px) 100vw, 300px\" \/><\/a> <a href=\"https:\/\/erasmusplus.al\/wp-content\/uploads\/2017\/07\/20Jul16-2.jpg\"><img loading=\"lazy\" decoding=\"async\" class=\"alignnone size-medium wp-image-2148\" src=\"https:\/\/erasmusplus.al\/wp-content\/uploads\/2017\/07\/20Jul16-2-300x225.jpg\" alt=\"\" width=\"300\" height=\"225\" srcset=\"https:\/\/erasmusplus.al\/wp-content\/uploads\/2017\/07\/20Jul16-2-300x225.jpg 300w, https:\/\/erasmusplus.al\/wp-content\/uploads\/2017\/07\/20Jul16-2-768x576.jpg 768w, https:\/\/erasmusplus.al\/wp-content\/uploads\/2017\/07\/20Jul16-2.jpg 1024w\" sizes=\"(max-width: 300px) 100vw, 300px\" \/><\/a> <a href=\"https:\/\/erasmusplus.al\/wp-content\/uploads\/2017\/07\/20Jul16-3.jpg\"><img loading=\"lazy\" decoding=\"async\" class=\"alignnone size-medium wp-image-2149\" src=\"https:\/\/erasmusplus.al\/wp-content\/uploads\/2017\/07\/20Jul16-3-300x225.jpg\" alt=\"\" width=\"300\" height=\"225\" srcset=\"https:\/\/erasmusplus.al\/wp-content\/uploads\/2017\/07\/20Jul16-3-300x225.jpg 300w, https:\/\/erasmusplus.al\/wp-content\/uploads\/2017\/07\/20Jul16-3-768x576.jpg 768w, https:\/\/erasmusplus.al\/wp-content\/uploads\/2017\/07\/20Jul16-3.jpg 1024w\" sizes=\"(max-width: 300px) 100vw, 300px\" \/><\/a> <a href=\"https:\/\/erasmusplus.al\/wp-content\/uploads\/2017\/07\/20Jul16-4.jpg\"><img loading=\"lazy\" decoding=\"async\" class=\"alignnone size-medium wp-image-2150\" src=\"https:\/\/erasmusplus.al\/wp-content\/uploads\/2017\/07\/20Jul16-4-300x225.jpg\" alt=\"\" width=\"300\" height=\"225\" srcset=\"https:\/\/erasmusplus.al\/wp-content\/uploads\/2017\/07\/20Jul16-4-300x225.jpg 300w, https:\/\/erasmusplus.al\/wp-content\/uploads\/2017\/07\/20Jul16-4-768x576.jpg 768w, https:\/\/erasmusplus.al\/wp-content\/uploads\/2017\/07\/20Jul16-4.jpg 1024w\" sizes=\"(max-width: 300px) 100vw, 300px\" \/><\/a> <a href=\"https:\/\/erasmusplus.al\/wp-content\/uploads\/2017\/07\/20Jul16-5.jpg\"><img loading=\"lazy\" decoding=\"async\" class=\"alignnone size-medium wp-image-2151\" src=\"https:\/\/erasmusplus.al\/wp-content\/uploads\/2017\/07\/20Jul16-5-300x225.jpg\" alt=\"\" width=\"300\" height=\"225\" srcset=\"https:\/\/erasmusplus.al\/wp-content\/uploads\/2017\/07\/20Jul16-5-300x225.jpg 300w, https:\/\/erasmusplus.al\/wp-content\/uploads\/2017\/07\/20Jul16-5-768x576.jpg 768w, https:\/\/erasmusplus.al\/wp-content\/uploads\/2017\/07\/20Jul16-5.jpg 1024w\" sizes=\"(max-width: 300px) 100vw, 300px\" \/><\/a> <a href=\"https:\/\/erasmusplus.al\/wp-content\/uploads\/2017\/07\/20Jul16-6.jpg\"><img loading=\"lazy\" decoding=\"async\" class=\"alignnone size-medium wp-image-2152\" src=\"https:\/\/erasmusplus.al\/wp-content\/uploads\/2017\/07\/20Jul16-6-300x225.jpg\" alt=\"\" width=\"300\" height=\"225\" srcset=\"https:\/\/erasmusplus.al\/wp-content\/uploads\/2017\/07\/20Jul16-6-300x225.jpg 300w, https:\/\/erasmusplus.al\/wp-content\/uploads\/2017\/07\/20Jul16-6-768x576.jpg 768w, https:\/\/erasmusplus.al\/wp-content\/uploads\/2017\/07\/20Jul16-6.jpg 1024w\" sizes=\"(max-width: 300px) 100vw, 300px\" \/><\/a> <a href=\"https:\/\/erasmusplus.al\/wp-content\/uploads\/2017\/07\/20Jul16-7.jpg\"><img loading=\"lazy\" decoding=\"async\" class=\"alignnone size-medium wp-image-2153\" src=\"https:\/\/erasmusplus.al\/wp-content\/uploads\/2017\/07\/20Jul16-7-300x225.jpg\" alt=\"\" width=\"300\" height=\"225\" srcset=\"https:\/\/erasmusplus.al\/wp-content\/uploads\/2017\/07\/20Jul16-7-300x225.jpg 300w, https:\/\/erasmusplus.al\/wp-content\/uploads\/2017\/07\/20Jul16-7-768x576.jpg 768w, https:\/\/erasmusplus.al\/wp-content\/uploads\/2017\/07\/20Jul16-7.jpg 1024w\" sizes=\"(max-width: 300px) 100vw, 300px\" \/><\/a><\/p>\n","protected":false},"excerpt":{"rendered":"<p>Pas vler\u00ebsimit t\u00eb aplikimeve n\u00eb programin Erasmus Mundus, 13 student\u00eb shqiptar\u00eb fituan t\u00eb drejt\u00ebn e ndjekjes me burs\u00eb t\u00eb plot\u00eb t\u00eb programeve master t\u00eb p\u00ebrbashk\u00ebt n\u00eb ciklin akademik 2016-18.\u00a0 Me rastin e fillimit t\u00eb studimeve t\u00eb tyre u organizua m\u00eb dat\u00eb 20 korrik 2016, n\u00eb ambientet e Hotel Rogner\u00a0 ceremonia e p\u00ebrcjelljes s\u00eb student\u00ebve. Ceremonia [&hellip;]<\/p>\n","protected":false},"author":1,"featured_media":0,"comment_status":"closed","ping_status":"closed","sticky":false,"template":"","format":"standard","meta":{"_acf_changed":false,"_et_pb_use_builder":"","_et_pb_old_content":"","_et_gb_content_width":"","footnotes":""},"categories":[110],"tags":[],"class_list":["post-2155","post","type-post","status-publish","format-standard","hentry","category-aktivitete"],"acf":[],"_links":{"self":[{"href":"https:\/\/erasmusplus.al\/index.php?rest_route=\/wp\/v2\/posts\/2155","targetHints":{"allow":["GET"]}}],"collection":[{"href":"https:\/\/erasmusplus.al\/index.php?rest_route=\/wp\/v2\/posts"}],"about":[{"href":"https:\/\/erasmusplus.al\/index.php?rest_route=\/wp\/v2\/types\/post"}],"author":[{"embeddable":true,"href":"https:\/\/erasmusplus.al\/index.php?rest_route=\/wp\/v2\/users\/1"}],"replies":[{"embeddable":true,"href":"https:\/\/erasmusplus.al\/index.php?rest_route=%2Fwp%2Fv2%2Fcomments&post=2155"}],"version-history":[{"count":1,"href":"https:\/\/erasmusplus.al\/index.php?rest_route=\/wp\/v2\/posts\/2155\/revisions"}],"predecessor-version":[{"id":2156,"href":"https:\/\/erasmusplus.al\/index.php?rest_route=\/wp\/v2\/posts\/2155\/revisions\/2156"}],"wp:attachment":[{"href":"https:\/\/erasmusplus.al\/index.php?rest_route=%2Fwp%2Fv2%2Fmedia&parent=2155"}],"wp:term":[{"taxonomy":"category","embeddable":true,"href":"https:\/\/erasmusplus.al\/index.php?rest_route=%2Fwp%2Fv2%2Fcategories&post=2155"},{"taxonomy":"post_tag","embeddable":true,"href":"https:\/\/erasmusplus.al\/index.php?rest_route=%2Fwp%2Fv2%2Ftags&post=2155"}],"curies":[{"name":"wp","href":"https:\/\/api.w.org\/{rel}","templated":true}]}}