{"id":2198,"date":"2016-05-24T10:57:02","date_gmt":"2016-05-24T10:57:02","guid":{"rendered":"http:\/\/erasmusplus.al\/?p=2198"},"modified":"2017-07-26T10:57:46","modified_gmt":"2017-07-26T10:57:46","slug":"zhvillohet-takimi-informues-mbi-programin-erasmus-me-24-maj-2016","status":"publish","type":"post","link":"https:\/\/erasmusplus.al\/?p=2198&lang=sq","title":{"rendered":"Zhvillohet \u201cTakimi informues mbi Programin Erasmus+ m\u00eb 24 Maj, 2016"},"content":{"rendered":"<p><span style=\"color: #000000;\">Takimi informues mbi Programin Erasmus + u mbajt m\u00eb dat\u00eb 24 Maj 2016, n\u00eb ambientet e Fakultetit t\u00eb Arkitektur\u00ebs dhe Urbanistik\u00ebs, t\u00eb Universitetit Politeknik t\u00eb Tiran\u00ebs. Ai zgjoi interesin dhe t\u00ebrhoqi pjes\u00ebmarrjen e shumt\u00eb t\u00eb stafeve akademike, stafeve administrative dhe student\u00ebve t\u00eb k\u00ebtij universiteti.<\/span><\/p>\n<p><span style=\"color: #000000;\">Ky aktivitet i njohu m\u00eb mir\u00eb t\u00eb pranishmit me mund\u00ebsit\u00eb q\u00eb programi\u00a0Erasmus+ ofron p\u00ebr universitetet dhe student\u00ebt shqiptar\u00eb. N\u00eb k\u00ebt\u00eb kuad\u00ebr, Znj. Belen Enciso, oficere programi n\u00eb Agjencin\u00eb Ekzekutive n\u00eb Bruksel dhe Znj. Edit Dibra \u00a0Kordinatore e Zyr\u00ebs Erasmus + n\u00eb Shqip\u00ebri prezantuan komponent\u00ebt ky\u00e7 t\u00eb programit si: \u00a0\u00a0<\/span><\/p>\n<p><span style=\"color: #000000;\">\u2013 Rritjen e kapaciteteve n\u00eb Arsimin e Lart\u00eb (KA 2 Capacity Building in Higher Education);<\/span><\/p>\n<p><span style=\"color: #000000;\">-Shk\u00ebmbimet afatshkurtra p\u00ebr stafet dhe student\u00ebt\u00a0(KA1 International credit mobility);<\/span><\/p>\n<p><span style=\"color: #000000;\">-Jean Monnet;<\/span><\/p>\n<p><span style=\"color: #000000;\">Gjithashtu, an\u00ebtar\u00ebt e tjer\u00eb t\u00eb Zyr\u00ebs Komb\u00ebtare Erasmus + informuan student\u00ebt mbi mund\u00ebsit\u00eb p\u00ebr burs\u00eb n\u00eb kuad\u00ebr t\u00eb masterave t\u00eb p\u00ebrbashk\u00ebt dhe partneritet Erasmus Mundus.<\/span><\/p>\n<p><span style=\"color: #000000;\">Takimi ishte ve\u00e7an\u00ebrisht i vlefsh\u00ebm p\u00ebr t\u00eb njohur pjes\u00ebmarr\u00ebsit mbi disa prej element\u00ebve ky\u00e7 n\u00eb p\u00ebrgatitjen e projekt-propozimeve t\u00eb suksesshme n\u00eb Erasmus + dhe p\u00ebr sqarimin e paqart\u00ebsive dhe pyetjeve t\u00eb tyre.<\/span><\/p>\n<p><a href=\"https:\/\/erasmusplus.al\/wp-content\/uploads\/2017\/07\/24May16-1.jpg\"><img loading=\"lazy\" decoding=\"async\" class=\"alignnone size-medium wp-image-2190\" src=\"https:\/\/erasmusplus.al\/wp-content\/uploads\/2017\/07\/24May16-1-300x225.jpg\" alt=\"\" width=\"300\" height=\"225\" srcset=\"https:\/\/erasmusplus.al\/wp-content\/uploads\/2017\/07\/24May16-1-300x225.jpg 300w, https:\/\/erasmusplus.al\/wp-content\/uploads\/2017\/07\/24May16-1-768x576.jpg 768w, https:\/\/erasmusplus.al\/wp-content\/uploads\/2017\/07\/24May16-1.jpg 1024w\" sizes=\"(max-width: 300px) 100vw, 300px\" \/><\/a> <a href=\"https:\/\/erasmusplus.al\/wp-content\/uploads\/2017\/07\/24May16-2.jpg\"><img loading=\"lazy\" decoding=\"async\" class=\"alignnone size-medium wp-image-2191\" src=\"https:\/\/erasmusplus.al\/wp-content\/uploads\/2017\/07\/24May16-2-300x225.jpg\" alt=\"\" width=\"300\" height=\"225\" srcset=\"https:\/\/erasmusplus.al\/wp-content\/uploads\/2017\/07\/24May16-2-300x225.jpg 300w, https:\/\/erasmusplus.al\/wp-content\/uploads\/2017\/07\/24May16-2-768x576.jpg 768w, https:\/\/erasmusplus.al\/wp-content\/uploads\/2017\/07\/24May16-2.jpg 1024w\" sizes=\"(max-width: 300px) 100vw, 300px\" \/><\/a> <a href=\"https:\/\/erasmusplus.al\/wp-content\/uploads\/2017\/07\/24May16-3.jpg\"><img loading=\"lazy\" decoding=\"async\" class=\"alignnone size-medium wp-image-2192\" src=\"https:\/\/erasmusplus.al\/wp-content\/uploads\/2017\/07\/24May16-3-300x225.jpg\" alt=\"\" width=\"300\" height=\"225\" srcset=\"https:\/\/erasmusplus.al\/wp-content\/uploads\/2017\/07\/24May16-3-300x225.jpg 300w, https:\/\/erasmusplus.al\/wp-content\/uploads\/2017\/07\/24May16-3-768x576.jpg 768w, https:\/\/erasmusplus.al\/wp-content\/uploads\/2017\/07\/24May16-3.jpg 1024w\" sizes=\"(max-width: 300px) 100vw, 300px\" \/><\/a> <a href=\"https:\/\/erasmusplus.al\/wp-content\/uploads\/2017\/07\/24May16-4.jpg\"><img loading=\"lazy\" decoding=\"async\" class=\"alignnone size-medium wp-image-2193\" src=\"https:\/\/erasmusplus.al\/wp-content\/uploads\/2017\/07\/24May16-4-300x225.jpg\" alt=\"\" width=\"300\" height=\"225\" srcset=\"https:\/\/erasmusplus.al\/wp-content\/uploads\/2017\/07\/24May16-4-300x225.jpg 300w, https:\/\/erasmusplus.al\/wp-content\/uploads\/2017\/07\/24May16-4-768x576.jpg 768w, https:\/\/erasmusplus.al\/wp-content\/uploads\/2017\/07\/24May16-4.jpg 1024w\" sizes=\"(max-width: 300px) 100vw, 300px\" \/><\/a> <a href=\"https:\/\/erasmusplus.al\/wp-content\/uploads\/2017\/07\/24May16-5.jpg\"><img loading=\"lazy\" decoding=\"async\" class=\"alignnone size-medium wp-image-2194\" src=\"https:\/\/erasmusplus.al\/wp-content\/uploads\/2017\/07\/24May16-5-300x225.jpg\" alt=\"\" width=\"300\" height=\"225\" srcset=\"https:\/\/erasmusplus.al\/wp-content\/uploads\/2017\/07\/24May16-5-300x225.jpg 300w, https:\/\/erasmusplus.al\/wp-content\/uploads\/2017\/07\/24May16-5-768x576.jpg 768w, https:\/\/erasmusplus.al\/wp-content\/uploads\/2017\/07\/24May16-5.jpg 1024w\" sizes=\"(max-width: 300px) 100vw, 300px\" \/><\/a> <a href=\"https:\/\/erasmusplus.al\/wp-content\/uploads\/2017\/07\/24May16-6.jpg\"><img loading=\"lazy\" decoding=\"async\" class=\"alignnone size-medium wp-image-2195\" src=\"https:\/\/erasmusplus.al\/wp-content\/uploads\/2017\/07\/24May16-6-300x225.jpg\" alt=\"\" width=\"300\" height=\"225\" srcset=\"https:\/\/erasmusplus.al\/wp-content\/uploads\/2017\/07\/24May16-6-300x225.jpg 300w, https:\/\/erasmusplus.al\/wp-content\/uploads\/2017\/07\/24May16-6-768x576.jpg 768w, https:\/\/erasmusplus.al\/wp-content\/uploads\/2017\/07\/24May16-6.jpg 1024w\" sizes=\"(max-width: 300px) 100vw, 300px\" \/><\/a> <a href=\"https:\/\/erasmusplus.al\/wp-content\/uploads\/2017\/07\/24May16-7.jpg\"><img loading=\"lazy\" decoding=\"async\" class=\"alignnone size-medium wp-image-2196\" src=\"https:\/\/erasmusplus.al\/wp-content\/uploads\/2017\/07\/24May16-7-300x225.jpg\" alt=\"\" width=\"300\" height=\"225\" srcset=\"https:\/\/erasmusplus.al\/wp-content\/uploads\/2017\/07\/24May16-7-300x225.jpg 300w, https:\/\/erasmusplus.al\/wp-content\/uploads\/2017\/07\/24May16-7-768x576.jpg 768w, https:\/\/erasmusplus.al\/wp-content\/uploads\/2017\/07\/24May16-7.jpg 1024w\" sizes=\"(max-width: 300px) 100vw, 300px\" \/><\/a><\/p>\n","protected":false},"excerpt":{"rendered":"<p>Takimi informues mbi Programin Erasmus + u mbajt m\u00eb dat\u00eb 24 Maj 2016, n\u00eb ambientet e Fakultetit t\u00eb Arkitektur\u00ebs dhe Urbanistik\u00ebs, t\u00eb Universitetit Politeknik t\u00eb Tiran\u00ebs. Ai zgjoi interesin dhe t\u00ebrhoqi pjes\u00ebmarrjen e shumt\u00eb t\u00eb stafeve akademike, stafeve administrative dhe student\u00ebve t\u00eb k\u00ebtij universiteti. Ky aktivitet i njohu m\u00eb mir\u00eb t\u00eb pranishmit me mund\u00ebsit\u00eb q\u00eb [&hellip;]<\/p>\n","protected":false},"author":1,"featured_media":0,"comment_status":"closed","ping_status":"closed","sticky":false,"template":"","format":"standard","meta":{"_acf_changed":false,"_et_pb_use_builder":"","_et_pb_old_content":"","_et_gb_content_width":"","footnotes":""},"categories":[110],"tags":[],"class_list":["post-2198","post","type-post","status-publish","format-standard","hentry","category-aktivitete"],"acf":[],"_links":{"self":[{"href":"https:\/\/erasmusplus.al\/index.php?rest_route=\/wp\/v2\/posts\/2198","targetHints":{"allow":["GET"]}}],"collection":[{"href":"https:\/\/erasmusplus.al\/index.php?rest_route=\/wp\/v2\/posts"}],"about":[{"href":"https:\/\/erasmusplus.al\/index.php?rest_route=\/wp\/v2\/types\/post"}],"author":[{"embeddable":true,"href":"https:\/\/erasmusplus.al\/index.php?rest_route=\/wp\/v2\/users\/1"}],"replies":[{"embeddable":true,"href":"https:\/\/erasmusplus.al\/index.php?rest_route=%2Fwp%2Fv2%2Fcomments&post=2198"}],"version-history":[{"count":1,"href":"https:\/\/erasmusplus.al\/index.php?rest_route=\/wp\/v2\/posts\/2198\/revisions"}],"predecessor-version":[{"id":2199,"href":"https:\/\/erasmusplus.al\/index.php?rest_route=\/wp\/v2\/posts\/2198\/revisions\/2199"}],"wp:attachment":[{"href":"https:\/\/erasmusplus.al\/index.php?rest_route=%2Fwp%2Fv2%2Fmedia&parent=2198"}],"wp:term":[{"taxonomy":"category","embeddable":true,"href":"https:\/\/erasmusplus.al\/index.php?rest_route=%2Fwp%2Fv2%2Fcategories&post=2198"},{"taxonomy":"post_tag","embeddable":true,"href":"https:\/\/erasmusplus.al\/index.php?rest_route=%2Fwp%2Fv2%2Ftags&post=2198"}],"curies":[{"name":"wp","href":"https:\/\/api.w.org\/{rel}","templated":true}]}}