{"id":2800,"date":"2017-09-13T11:40:31","date_gmt":"2017-09-13T11:40:31","guid":{"rendered":"http:\/\/erasmusplus.al\/?p=2800"},"modified":"2021-04-17T12:43:32","modified_gmt":"2021-04-17T12:43:32","slug":"vend-pune-per-koordinatorin-e-zyres-kombetare-te-erasmus-ne-shqiperi-neo","status":"publish","type":"post","link":"https:\/\/erasmusplus.al\/?p=2800&lang=sq","title":{"rendered":"Vend pune p\u00ebr koordinatorin e Zyr\u00ebs Komb\u00ebtare t\u00eb Erasmus + n\u00eb Shqip\u00ebri (NEO)"},"content":{"rendered":"<p><span style=\"color: #000000;\">The Albanian Ministry of Education and Sports (MoES), the EC Executive Agency for European Education and Culture (EACEA) and the EU Delegation to Albania are looking for a new<\/span><\/p>\n<p><span style=\"color: #000000;\"><strong>Coordinator<\/strong><\/span><\/p>\n<p><span style=\"color: #000000;\"><strong>for the National Erasmus+ Office in Albania (NEO)<\/strong><\/span><\/p>\n<p><span style=\"color: #000000;\"><strong>\u00a0<\/strong><\/span><\/p>\n<p><span style=\"color: #000000;\">The successful candidate will be responsible for the implementation and coordination of the following activities: Promotion, information and follow up of Erasmus+ and other relevant EU programmes; Advice and support to potential applicants at local level interested to apply for Erasmus+ projects; Project monitoring; Follow up of higher education issues; administration of the NEO, etc.<\/span><\/p>\n<p><span style=\"color: #000000;\"><strong>For complete information and application, please refer to the following links: <\/strong><\/span><\/p>\n<p><span style=\"color: #000000;\"><strong>\u00a0<\/strong><\/span><\/p>\n<p><span style=\"color: #000000;\"><strong>EU Delegation: <\/strong><a href=\"https:\/\/eeas.europa.eu\/delegations\/albania\/area\/jobs-funds_en\">https:\/\/eeas.europa.eu\/delegations\/albania\/area\/jobs-funds_en<\/a><\/span><\/p>\n<p><span style=\"color: #000000;\"><strong>MoES: <\/strong><a href=\"http:\/\/www.arsimi.gov.al\/al\/newsroom\/vende-vakante\">http:\/\/www.arsimi.gov.al\/al\/newsroom\/vende-vakante<\/a><\/span><\/p>\n<p><span style=\"color: #000000;\"><strong>Deadline for applications: <u>5 October 2017<\/u>, midnight Brussels time.<\/strong><\/span><\/p>\n<p><span style=\"color: #000000;\">For all questions please contact directly EACEA at: <a href=\"mailto:EACEA-EPLUS-CBHE@ec.europa.eu\">EACEA-EPLUS-CBHE@ec.europa.eu<\/a><\/span><\/p>\n<p><span style=\"color: #000000;\">For additional information on Erasmus+, please consult: <a href=\"http:\/\/ec.europa.eu\/programmes\/erasmus-plus\/index_en.htm\">http:\/\/ec.europa.eu\/programmes\/erasmus-plus\/index_en.html<\/a><\/span><\/p>\n<div class=\"ead-preview\"><div class=\"ead-document\" style=\"position: relative;padding-top: 90%;\"><div class=\"ead-iframe-wrapper\"><iframe src=\"\/\/docs.google.com\/viewer?url=https%3A%2F%2Ferasmusplus.al%2Fwp-content%2Fuploads%2F2017%2F09%2FNEO-coordinator-vacancy-AL.pdf&amp;embedded=true&amp;hl=en\" title=\"Embedded Document\" class=\"ead-iframe\" style=\"width: 100%;height: 100%;border: none;position: absolute;left: 0;top: 0;visibility: hidden;\"><\/iframe><\/div>\t\t\t<div class=\"ead-document-loading\" style=\"width:100%;height:100%;position:absolute;left:0;top:0;z-index:10;\">\n\t\t\t\t<div class=\"ead-loading-wrap\">\n\t\t\t\t\t<div class=\"ead-loading-main\">\n\t\t\t\t\t\t<div class=\"ead-loading\">\n\t\t\t\t\t\t\t<img loading=\"lazy\" decoding=\"async\" src=\"https:\/\/erasmusplus.al\/wp-content\/plugins\/embed-any-document\/images\/loading.svg\" width=\"55\" height=\"55\" alt=\"Loader\">\n\t\t\t\t\t\t\t<span>Loading...<\/span>\n\t\t\t\t\t\t<\/div>\n\t\t\t\t\t<\/div>\n\t\t\t\t\t<div class=\"ead-loading-foot\">\n\t\t\t\t\t\t<div class=\"ead-loading-foot-title\">\n\t\t\t\t\t\t\t<img loading=\"lazy\" decoding=\"async\" src=\"https:\/\/erasmusplus.al\/wp-content\/plugins\/embed-any-document\/images\/EAD-logo.svg\" alt=\"EAD Logo\" width=\"36\" height=\"23\"\/>\n\t\t\t\t\t\t\t<span>Taking too long?<\/span>\n\t\t\t\t\t\t<\/div>\n\t\t\t\t\t\t<p>\n\t\t\t\t\t\t\t<div class=\"ead-document-btn ead-reload-btn\" role=\"button\">\n\t\t\t\t\t\t\t\t<img loading=\"lazy\" decoding=\"async\" src=\"https:\/\/erasmusplus.al\/wp-content\/plugins\/embed-any-document\/images\/reload.svg\" alt=\"Reload\" width=\"12\" height=\"12\"\/> Reload document\t\t\t\t\t\t\t<\/div>\n\t\t\t\t\t\t\t<span>|<\/span>\n\t\t\t\t\t\t\t<a href=\"https:\/\/erasmusplus.al\/wp-content\/uploads\/2017\/09\/NEO-coordinator-vacancy-AL.pdf\" class=\"ead-document-btn\" target=\"_blank\">\n\t\t\t\t\t\t\t\t<img loading=\"lazy\" decoding=\"async\" src=\"https:\/\/erasmusplus.al\/wp-content\/plugins\/embed-any-document\/images\/open.svg\" alt=\"Open\" width=\"12\" height=\"12\"\/> Open in new tab\t\t\t\t\t\t\t<\/a>\n\t\t\t\t\t<\/div>\n\t\t\t\t<\/div>\n\t\t\t<\/div>\n\t\t<\/div><p class=\"embed_download\"><a href=\"https:\/\/erasmusplus.al\/wp-content\/uploads\/2017\/09\/NEO-coordinator-vacancy-AL.pdf\" download>Download [211.94 KB] <\/a><\/p><\/div>\n","protected":false},"excerpt":{"rendered":"<p>The Albanian Ministry of Education and Sports (MoES), the EC Executive Agency for European Education and Culture (EACEA) and the EU Delegation to Albania are looking for a new Coordinator for the National Erasmus+ Office in Albania (NEO) \u00a0 The successful candidate will be responsible for the implementation and coordination of the following activities: Promotion, [&hellip;]<\/p>\n","protected":false},"author":1,"featured_media":0,"comment_status":"closed","ping_status":"closed","sticky":false,"template":"","format":"standard","meta":{"_acf_changed":false,"_et_pb_use_builder":"","_et_pb_old_content":"","_et_gb_content_width":"","footnotes":""},"categories":[107],"tags":[],"class_list":["post-2800","post","type-post","status-publish","format-standard","hentry","category-njoftime-sq"],"acf":[],"_links":{"self":[{"href":"https:\/\/erasmusplus.al\/index.php?rest_route=\/wp\/v2\/posts\/2800","targetHints":{"allow":["GET"]}}],"collection":[{"href":"https:\/\/erasmusplus.al\/index.php?rest_route=\/wp\/v2\/posts"}],"about":[{"href":"https:\/\/erasmusplus.al\/index.php?rest_route=\/wp\/v2\/types\/post"}],"author":[{"embeddable":true,"href":"https:\/\/erasmusplus.al\/index.php?rest_route=\/wp\/v2\/users\/1"}],"replies":[{"embeddable":true,"href":"https:\/\/erasmusplus.al\/index.php?rest_route=%2Fwp%2Fv2%2Fcomments&post=2800"}],"version-history":[{"count":5,"href":"https:\/\/erasmusplus.al\/index.php?rest_route=\/wp\/v2\/posts\/2800\/revisions"}],"predecessor-version":[{"id":6649,"href":"https:\/\/erasmusplus.al\/index.php?rest_route=\/wp\/v2\/posts\/2800\/revisions\/6649"}],"wp:attachment":[{"href":"https:\/\/erasmusplus.al\/index.php?rest_route=%2Fwp%2Fv2%2Fmedia&parent=2800"}],"wp:term":[{"taxonomy":"category","embeddable":true,"href":"https:\/\/erasmusplus.al\/index.php?rest_route=%2Fwp%2Fv2%2Fcategories&post=2800"},{"taxonomy":"post_tag","embeddable":true,"href":"https:\/\/erasmusplus.al\/index.php?rest_route=%2Fwp%2Fv2%2Ftags&post=2800"}],"curies":[{"name":"wp","href":"https:\/\/api.w.org\/{rel}","templated":true}]}}