{"id":2845,"date":"2017-10-07T08:24:34","date_gmt":"2017-10-07T08:24:34","guid":{"rendered":"http:\/\/erasmusplus.al\/?p=2845"},"modified":"2017-12-19T11:46:03","modified_gmt":"2017-12-19T11:46:03","slug":"publikohet-lista-e-prioriteteve-kombetare-dhe-rajonale-per-thirrjen-e-vitit-2018-ne-rritjen-e-kapaciteteve-ne-arsimin-e-larte-te-erasmus","status":"publish","type":"post","link":"https:\/\/erasmusplus.al\/?p=2845&lang=sq","title":{"rendered":"Publikohet lista e prioriteteve komb\u00ebtare dhe rajonale p\u00ebr thirrjen e vitit 2018 n\u00eb \u201cRritjen e Kapaciteteve n\u00eb Arsimin e Lart\u00eb\u201d t\u00eb Erasmus +"},"content":{"rendered":"<p><span style=\"color: #000000;\">Agjencia Ekzekutive e programit Erasmus + n\u00eb Bruksel ka shpallur listen e prioriteteve komb\u00ebtare dhe prioriteteve rajonale t\u00eb vlefshme p\u00ebr projekt propozimet p\u00ebr thirrjen e ardhshme n\u00eb komponenitin KA2 \u201cRritja e Kapaciteteve n\u00eb Arsimin e Lart\u00eb\u201d t\u00eb Erasmus +.<\/span><\/p>\n<p><span style=\"color: #000000;\">Lista e plot\u00eb e prioriteteve komb\u00ebtare dhe rajonale s\u00eb bashku me materialin shpjegues p\u00ebr prioritetet gjendet n\u00eb linkun e m\u00ebposht\u00ebm.<\/span><\/p>\n<p><span style=\"color: #000000;\"><strong>National and cross cutting priorities call 2018<\/strong><\/span><\/p>\n<div class=\"ead-preview\"><div class=\"ead-document\" style=\"position: relative;\"><iframe src=\"\/\/view.officeapps.live.com\/op\/embed.aspx?src=https%3A%2F%2Ferasmusplus.al%2Fwp-content%2Fuploads%2F2017%2F10%2Fnational_and_cross-cutting_priorities_call_2018.xlsx\" title=\"Embedded Document\" class=\"ead-iframe\" style=\"width: 100%;height: 70%;border: none;min-height: 500px;\"><\/iframe><\/div><p class=\"embed_download\"><a href=\"https:\/\/erasmusplus.al\/wp-content\/uploads\/2017\/10\/national_and_cross-cutting_priorities_call_2018.xlsx\" download>Download [21.16 KB] <\/a><\/p><\/div>\n<p>&nbsp;<\/p>\n<p><span style=\"color: #000000;\"><strong>Regional and cross cutting priorities call 2018<\/strong><\/span><\/p>\n<div class=\"ead-preview\"><div class=\"ead-document\" style=\"position: relative;\"><iframe src=\"\/\/view.officeapps.live.com\/op\/embed.aspx?src=https%3A%2F%2Ferasmusplus.al%2Fwp-content%2Fuploads%2F2017%2F10%2Fregional_and_cross-cutting_priorities_call_2018.xlsx\" title=\"Embedded Document\" class=\"ead-iframe\" style=\"width: 100%;height: 70%;border: none;min-height: 500px;\"><\/iframe><\/div><p class=\"embed_download\"><a href=\"https:\/\/erasmusplus.al\/wp-content\/uploads\/2017\/10\/regional_and_cross-cutting_priorities_call_2018.xlsx\" download>Download [19.47 KB] <\/a><\/p><\/div>\n<p>&nbsp;<\/p>\n<p><span style=\"color: #000000;\"><strong>Explanation of priorities &#8211; 2018<\/strong><\/span><\/p>\n<div class=\"ead-preview\"><div class=\"ead-document\" style=\"position: relative;\"><iframe src=\"\/\/view.officeapps.live.com\/op\/embed.aspx?src=https%3A%2F%2Ferasmusplus.al%2Fwp-content%2Fuploads%2F2017%2F10%2Fexplanation_of_priorities_-_2018.xlsx\" title=\"Embedded Document\" class=\"ead-iframe\" style=\"width: 100%;height: 70%;border: none;min-height: 500px;\"><\/iframe><\/div><p class=\"embed_download\"><a href=\"https:\/\/erasmusplus.al\/wp-content\/uploads\/2017\/10\/explanation_of_priorities_-_2018.xlsx\" download>Download [18.23 KB] <\/a><\/p><\/div>\n","protected":false},"excerpt":{"rendered":"<p>Agjencia Ekzekutive e programit Erasmus + n\u00eb Bruksel ka shpallur listen e prioriteteve komb\u00ebtare dhe prioriteteve rajonale t\u00eb vlefshme p\u00ebr projekt propozimet p\u00ebr thirrjen e ardhshme n\u00eb komponenitin KA2 \u201cRritja e Kapaciteteve n\u00eb Arsimin e Lart\u00eb\u201d t\u00eb Erasmus +. Lista e plot\u00eb e prioriteteve komb\u00ebtare dhe rajonale s\u00eb bashku me materialin shpjegues p\u00ebr prioritetet gjendet [&hellip;]<\/p>\n","protected":false},"author":1,"featured_media":0,"comment_status":"closed","ping_status":"closed","sticky":false,"template":"","format":"standard","meta":{"_acf_changed":false,"_et_pb_use_builder":"","_et_pb_old_content":"","_et_gb_content_width":"","footnotes":""},"categories":[107],"tags":[],"class_list":["post-2845","post","type-post","status-publish","format-standard","hentry","category-njoftime-sq"],"acf":[],"_links":{"self":[{"href":"https:\/\/erasmusplus.al\/index.php?rest_route=\/wp\/v2\/posts\/2845","targetHints":{"allow":["GET"]}}],"collection":[{"href":"https:\/\/erasmusplus.al\/index.php?rest_route=\/wp\/v2\/posts"}],"about":[{"href":"https:\/\/erasmusplus.al\/index.php?rest_route=\/wp\/v2\/types\/post"}],"author":[{"embeddable":true,"href":"https:\/\/erasmusplus.al\/index.php?rest_route=\/wp\/v2\/users\/1"}],"replies":[{"embeddable":true,"href":"https:\/\/erasmusplus.al\/index.php?rest_route=%2Fwp%2Fv2%2Fcomments&post=2845"}],"version-history":[{"count":4,"href":"https:\/\/erasmusplus.al\/index.php?rest_route=\/wp\/v2\/posts\/2845\/revisions"}],"predecessor-version":[{"id":3198,"href":"https:\/\/erasmusplus.al\/index.php?rest_route=\/wp\/v2\/posts\/2845\/revisions\/3198"}],"wp:attachment":[{"href":"https:\/\/erasmusplus.al\/index.php?rest_route=%2Fwp%2Fv2%2Fmedia&parent=2845"}],"wp:term":[{"taxonomy":"category","embeddable":true,"href":"https:\/\/erasmusplus.al\/index.php?rest_route=%2Fwp%2Fv2%2Fcategories&post=2845"},{"taxonomy":"post_tag","embeddable":true,"href":"https:\/\/erasmusplus.al\/index.php?rest_route=%2Fwp%2Fv2%2Ftags&post=2845"}],"curies":[{"name":"wp","href":"https:\/\/api.w.org\/{rel}","templated":true}]}}