{"id":2853,"date":"2017-10-09T11:09:03","date_gmt":"2017-10-09T11:09:03","guid":{"rendered":"http:\/\/erasmusplus.al\/?p=2853"},"modified":"2017-10-11T11:17:06","modified_gmt":"2017-10-11T11:17:06","slug":"ftese-per-pjesemarrje-ne-seminarin-kombetar-here-rendesia-e-studimeve-te-doktorates","status":"publish","type":"post","link":"https:\/\/erasmusplus.al\/?p=2853&lang=sq","title":{"rendered":"Ftes\u00eb p\u00ebr pjes\u00ebmarrje n\u00eb Seminarin komb\u00ebtar HERE \u201cR\u00ebnd\u00ebsia e studimeve t\u00eb doktorat\u00ebs\u201d."},"content":{"rendered":"<p><span style=\"color: #000000;\">Zyra Komb\u00ebtare Erasmus + n\u00eb bashk\u00ebpunim me ekspert\u00ebt Erasmus+ p\u00ebr Reformat n\u00eb Arsimin e Lart\u00eb (HERE) ka k\u00ebnaq\u00ebsin\u00eb t\u2019ju ftoj\u00eb n\u00eb seminarin komb\u00ebtar me tem\u00eb \u201cR\u00ebnd\u00ebsia e studimeve t\u00eb doktorat\u00ebs\u201d q\u00eb do t\u00eb mbahet n\u00eb Universitetin e Durr\u00ebsit, m\u00eb dat\u00eb 18 tetor 2017. (Sipas draft &#8211; programit t\u00eb m\u00ebposht\u00ebm).<\/span><\/p>\n<p><span style=\"color: #000000;\">Ky seminar do t\u00eb mbledh\u00eb s\u00eb bashku an\u00ebtar\u00eb t\u00eb stafeve akademike nga IAL-t\u00eb e Tiran\u00ebs, Kor\u00e7\u00ebs, Shkodr\u00ebs, Gjirokastr\u00ebs, Elbasanit, Vlor\u00ebs, Durr\u00ebsit, etj, p\u00ebrfaq\u00ebsues t\u00eb Ministris\u00eb s\u00eb Arsimit, Sportit dhe Rinis\u00eb, si dhe p\u00ebrfaq\u00ebsues t\u00eb Delegacionit t\u00eb Bashkimit Evropian n\u00eb Tiran\u00eb.<\/span><\/p>\n<p><span style=\"color: #000000;\">Q\u00ebllimi i seminarit \u00ebsht\u00eb t\u00eb inkurajoj\u00eb reflektimin dhe diskutimin midis akademik\u00ebve, ekspert\u00ebve nga universitetet e Tiran\u00ebs, Kor\u00e7\u00ebs, Shkodr\u00ebs, Gjirokastr\u00ebs, Elbasanit, Vlor\u00ebs, Durr\u00ebsit. Ky seminar do t\u00eb kontribuoj\u00eb n\u00eb sigurimin e aft\u00ebsive t\u00eb duhura p\u00ebr t\u00eb zhvilluar hulumtime t\u00eb doktorat\u00ebs, p\u00ebr t\u00eb shkruar teza cil\u00ebsore si edhe p\u00ebr t\u00eb optimizuar procedur\u00ebn e realizimit t\u00eb saj, n\u00ebp\u00ebrmjet trajtimit n\u00eb aspektin praktik t\u00eb procesit.<\/span><\/p>\n<p><span style=\"color: #000000;\">Saminari do t\u00eb nd\u00ebrohet me pjes\u00ebmarrjen e dy ekspert\u00ebve nd\u00ebrkomb\u00ebtar Prof. Melita Kovacevic, kryetare e K\u00ebshillit t\u00eb Shoqat\u00ebs s\u00eb Universiteteve Evropiane p\u00ebr Edukimin Doktoral dhe pedagoge n\u00eb Universitetin e Zagrebit dhe Prof. Lucas Zinner, kryetar i sh\u00ebrbimeve t\u00eb k\u00ebrkimit dhe zhvillimit t\u00eb karrier\u00ebs n\u00eb Universitetin e Vjen\u00ebs, t\u00eb cil\u00ebt do t\u00eb referojn\u00eb dhe do t\u00eb ndajn\u00eb me pjes\u00ebmarr\u00ebsit ekspertiz\u00ebn e tyre lidhur me praktikat e mira n\u00eb Evrop\u00eb dhe m\u00eb gjer\u00eb p\u00ebr t\u00eb shmangur plagjiatur\u00ebn, si dhe p\u00ebr t\u00eb siguruar cil\u00ebsin\u00eb e k\u00ebrkimit shkencor dhe tez\u00ebs s\u00eb doktoratur\u00ebs.<\/span><\/p>\n<p>&nbsp;<\/p>\n<div class=\"ead-preview\"><div class=\"ead-document\" style=\"position: relative;padding-top: 90%;\"><div class=\"ead-iframe-wrapper\"><iframe src=\"\/\/docs.google.com\/viewer?url=https%3A%2F%2Ferasmusplus.al%2Fwp-content%2Fuploads%2F2017%2F10%2FAgenda-Seminari-HERE-ne-UAMD-18-tetor-2017.pdf&amp;embedded=true&amp;hl=en\" title=\"Embedded Document\" class=\"ead-iframe\" style=\"width: 100%;height: 100%;border: none;position: absolute;left: 0;top: 0;visibility: hidden;\"><\/iframe><\/div>\t\t\t<div class=\"ead-document-loading\" style=\"width:100%;height:100%;position:absolute;left:0;top:0;z-index:10;\">\n\t\t\t\t<div class=\"ead-loading-wrap\">\n\t\t\t\t\t<div class=\"ead-loading-main\">\n\t\t\t\t\t\t<div class=\"ead-loading\">\n\t\t\t\t\t\t\t<img loading=\"lazy\" decoding=\"async\" src=\"https:\/\/erasmusplus.al\/wp-content\/plugins\/embed-any-document\/images\/loading.svg\" width=\"55\" height=\"55\" alt=\"Loader\">\n\t\t\t\t\t\t\t<span>Loading...<\/span>\n\t\t\t\t\t\t<\/div>\n\t\t\t\t\t<\/div>\n\t\t\t\t\t<div class=\"ead-loading-foot\">\n\t\t\t\t\t\t<div class=\"ead-loading-foot-title\">\n\t\t\t\t\t\t\t<img loading=\"lazy\" decoding=\"async\" src=\"https:\/\/erasmusplus.al\/wp-content\/plugins\/embed-any-document\/images\/EAD-logo.svg\" alt=\"EAD Logo\" width=\"36\" height=\"23\"\/>\n\t\t\t\t\t\t\t<span>Taking too long?<\/span>\n\t\t\t\t\t\t<\/div>\n\t\t\t\t\t\t<p>\n\t\t\t\t\t\t\t<div class=\"ead-document-btn ead-reload-btn\" role=\"button\">\n\t\t\t\t\t\t\t\t<img loading=\"lazy\" decoding=\"async\" src=\"https:\/\/erasmusplus.al\/wp-content\/plugins\/embed-any-document\/images\/reload.svg\" alt=\"Reload\" width=\"12\" height=\"12\"\/> Reload document\t\t\t\t\t\t\t<\/div>\n\t\t\t\t\t\t\t<span>|<\/span>\n\t\t\t\t\t\t\t<a href=\"https:\/\/erasmusplus.al\/wp-content\/uploads\/2017\/10\/Agenda-Seminari-HERE-ne-UAMD-18-tetor-2017.pdf\" class=\"ead-document-btn\" target=\"_blank\">\n\t\t\t\t\t\t\t\t<img loading=\"lazy\" decoding=\"async\" src=\"https:\/\/erasmusplus.al\/wp-content\/plugins\/embed-any-document\/images\/open.svg\" alt=\"Open\" width=\"12\" height=\"12\"\/> Open in new tab\t\t\t\t\t\t\t<\/a>\n\t\t\t\t\t<\/div>\n\t\t\t\t<\/div>\n\t\t\t<\/div>\n\t\t<\/div><p class=\"embed_download\"><a href=\"https:\/\/erasmusplus.al\/wp-content\/uploads\/2017\/10\/Agenda-Seminari-HERE-ne-UAMD-18-tetor-2017.pdf\" download>Agenda [109.26 KB] <\/a><\/p><\/div>\n","protected":false},"excerpt":{"rendered":"<p>Zyra Komb\u00ebtare Erasmus + n\u00eb bashk\u00ebpunim me ekspert\u00ebt Erasmus+ p\u00ebr Reformat n\u00eb Arsimin e Lart\u00eb (HERE) ka k\u00ebnaq\u00ebsin\u00eb t\u2019ju ftoj\u00eb n\u00eb seminarin komb\u00ebtar me tem\u00eb \u201cR\u00ebnd\u00ebsia e studimeve t\u00eb doktorat\u00ebs\u201d q\u00eb do t\u00eb mbahet n\u00eb Universitetin e Durr\u00ebsit, m\u00eb dat\u00eb 18 tetor 2017. (Sipas draft &#8211; programit t\u00eb m\u00ebposht\u00ebm). Ky seminar do t\u00eb mbledh\u00eb s\u00eb [&hellip;]<\/p>\n","protected":false},"author":1,"featured_media":0,"comment_status":"closed","ping_status":"closed","sticky":false,"template":"","format":"standard","meta":{"_acf_changed":false,"_et_pb_use_builder":"","_et_pb_old_content":"","_et_gb_content_width":"","footnotes":""},"categories":[107],"tags":[],"class_list":["post-2853","post","type-post","status-publish","format-standard","hentry","category-njoftime-sq"],"acf":[],"_links":{"self":[{"href":"https:\/\/erasmusplus.al\/index.php?rest_route=\/wp\/v2\/posts\/2853","targetHints":{"allow":["GET"]}}],"collection":[{"href":"https:\/\/erasmusplus.al\/index.php?rest_route=\/wp\/v2\/posts"}],"about":[{"href":"https:\/\/erasmusplus.al\/index.php?rest_route=\/wp\/v2\/types\/post"}],"author":[{"embeddable":true,"href":"https:\/\/erasmusplus.al\/index.php?rest_route=\/wp\/v2\/users\/1"}],"replies":[{"embeddable":true,"href":"https:\/\/erasmusplus.al\/index.php?rest_route=%2Fwp%2Fv2%2Fcomments&post=2853"}],"version-history":[{"count":3,"href":"https:\/\/erasmusplus.al\/index.php?rest_route=\/wp\/v2\/posts\/2853\/revisions"}],"predecessor-version":[{"id":2857,"href":"https:\/\/erasmusplus.al\/index.php?rest_route=\/wp\/v2\/posts\/2853\/revisions\/2857"}],"wp:attachment":[{"href":"https:\/\/erasmusplus.al\/index.php?rest_route=%2Fwp%2Fv2%2Fmedia&parent=2853"}],"wp:term":[{"taxonomy":"category","embeddable":true,"href":"https:\/\/erasmusplus.al\/index.php?rest_route=%2Fwp%2Fv2%2Fcategories&post=2853"},{"taxonomy":"post_tag","embeddable":true,"href":"https:\/\/erasmusplus.al\/index.php?rest_route=%2Fwp%2Fv2%2Ftags&post=2853"}],"curies":[{"name":"wp","href":"https:\/\/api.w.org\/{rel}","templated":true}]}}