{"id":2880,"date":"2017-10-26T12:31:02","date_gmt":"2017-10-26T12:31:02","guid":{"rendered":"http:\/\/erasmusplus.al\/?p=2880"},"modified":"2017-10-26T12:31:34","modified_gmt":"2017-10-26T12:31:34","slug":"publikohen-thirrjet-e-propozimeve-dhe-guida-e-programit-per-vitin-2018-ne-erasmus","status":"publish","type":"post","link":"https:\/\/erasmusplus.al\/?p=2880&lang=sq","title":{"rendered":"Publikohen thirrjet e propozimeve dhe guida e programit p\u00ebr vitin 2018 n\u00eb Erasmus+."},"content":{"rendered":"<p><span style=\"color: #000000;\">Thirrjet e propozimeve dhe guida e programit p\u00ebr vitin 2018 n\u00eb Erasmus + jan\u00eb publikuar fillimisht n\u00eb faqen e internetit t\u00eb Komisionit Europian.<\/span><\/p>\n<p><span style=\"color: #000000;\">K\u00ebto dokumente jan\u00eb t\u00eb disponueshme tek adresat m\u00eb posht\u00eb:<\/span><\/p>\n<p><a href=\"http:\/\/eur-lex.europa.eu\/legal-content\/EN\/TXT\/?uri=uriserv:OJ.C_.2017.361.01.0032.01.ENG&amp;toc=OJ:C:2017:361:TOC\"><span style=\"text-decoration: underline;\"><span style=\"color: #0000ff; text-decoration: underline;\">Thirrjet p\u00ebr propozime 2018 n\u00eb Erasmus+<\/span> <\/span><\/a><\/p>\n<p><a href=\"http:\/\/ec.europa.eu\/programmes\/erasmus-plus\/resources\/programme-guide\"><span style=\"text-decoration: underline;\"><span style=\"color: #0000ff; text-decoration: underline;\">Guida e programit 2018\u00a0n\u00eb Erasmus+<\/span> <\/span><\/a><\/p>\n<p><span style=\"color: #000000;\">Afatet e mbylljes s\u00eb thirrjeve p\u00ebr komponent\u00ebt e r\u00ebnd\u00ebsish\u00ebm t\u00eb programit Erasmus + jan\u00eb si vijon:<\/span><\/p>\n<ul>\n<li><span style=\"color: #000000;\">KA1 \u201cMobiliteti i individ\u00ebve n\u00eb fush\u00ebn e Arsimin e Lart\u00eb\u201d &#8211; <strong>1 Shkurt 2018<\/strong>;<\/span><\/li>\n<li><span style=\"color: #000000;\">KA2 \u201cRritja e Kapaciteteve n\u00eb Arsimin e Lart\u00eb\u201d &#8211;<strong> 8 Shkurt 2018<\/strong>;<\/span><\/li>\n<li><span style=\"color: #000000;\">Programi Jean Monnet &#8211; <strong>22 Shkurt 2018<\/strong>;<\/span><\/li>\n<\/ul>\n<p><span style=\"color: #000000;\">Informacioni mb\u00ebshtet\u00ebs p\u00ebr aplikimin n\u00eb thirrjet e programit Erasmus + do t\u00eb jet\u00eb shum\u00eb shpejt \u00a0i disponuesh\u00ebm tek adresa web e Agjencis\u00eb Ekzekutive e programit Erasmus +, si vijon :<\/span><\/p>\n<p><span style=\"text-decoration: underline;\"><span style=\"color: #0000ff;\"><a href=\"https:\/\/eacea.ec.europa.eu\/erasmus-plus\/funding_en\"><span style=\"color: #0000ff; text-decoration: underline;\">https:\/\/eacea.ec.europa.eu\/erasmus-plus\/funding_en<\/span><\/a><\/span><\/span><\/p>\n","protected":false},"excerpt":{"rendered":"<p>Thirrjet e propozimeve dhe guida e programit p\u00ebr vitin 2018 n\u00eb Erasmus + jan\u00eb publikuar fillimisht n\u00eb faqen e internetit t\u00eb Komisionit Europian. K\u00ebto dokumente jan\u00eb t\u00eb disponueshme tek adresat m\u00eb posht\u00eb: Thirrjet p\u00ebr propozime 2018 n\u00eb Erasmus+ Guida e programit 2018\u00a0n\u00eb Erasmus+ Afatet e mbylljes s\u00eb thirrjeve p\u00ebr komponent\u00ebt e r\u00ebnd\u00ebsish\u00ebm t\u00eb programit Erasmus [&hellip;]<\/p>\n","protected":false},"author":1,"featured_media":0,"comment_status":"closed","ping_status":"closed","sticky":false,"template":"","format":"standard","meta":{"_acf_changed":false,"_et_pb_use_builder":"","_et_pb_old_content":"","_et_gb_content_width":"","footnotes":""},"categories":[107],"tags":[],"class_list":["post-2880","post","type-post","status-publish","format-standard","hentry","category-njoftime-sq"],"acf":[],"_links":{"self":[{"href":"https:\/\/erasmusplus.al\/index.php?rest_route=\/wp\/v2\/posts\/2880","targetHints":{"allow":["GET"]}}],"collection":[{"href":"https:\/\/erasmusplus.al\/index.php?rest_route=\/wp\/v2\/posts"}],"about":[{"href":"https:\/\/erasmusplus.al\/index.php?rest_route=\/wp\/v2\/types\/post"}],"author":[{"embeddable":true,"href":"https:\/\/erasmusplus.al\/index.php?rest_route=\/wp\/v2\/users\/1"}],"replies":[{"embeddable":true,"href":"https:\/\/erasmusplus.al\/index.php?rest_route=%2Fwp%2Fv2%2Fcomments&post=2880"}],"version-history":[{"count":2,"href":"https:\/\/erasmusplus.al\/index.php?rest_route=\/wp\/v2\/posts\/2880\/revisions"}],"predecessor-version":[{"id":2882,"href":"https:\/\/erasmusplus.al\/index.php?rest_route=\/wp\/v2\/posts\/2880\/revisions\/2882"}],"wp:attachment":[{"href":"https:\/\/erasmusplus.al\/index.php?rest_route=%2Fwp%2Fv2%2Fmedia&parent=2880"}],"wp:term":[{"taxonomy":"category","embeddable":true,"href":"https:\/\/erasmusplus.al\/index.php?rest_route=%2Fwp%2Fv2%2Fcategories&post=2880"},{"taxonomy":"post_tag","embeddable":true,"href":"https:\/\/erasmusplus.al\/index.php?rest_route=%2Fwp%2Fv2%2Ftags&post=2880"}],"curies":[{"name":"wp","href":"https:\/\/api.w.org\/{rel}","templated":true}]}}