{"id":3174,"date":"2017-11-30T14:57:40","date_gmt":"2017-11-30T14:57:40","guid":{"rendered":"http:\/\/erasmusplus.al\/?p=3174"},"modified":"2017-12-13T14:58:32","modified_gmt":"2017-12-13T14:58:32","slug":"zhvillohet-takimi-konsultues-midis-partnereve-shqiptare-ne-projektet-per-ngritjen-e-kapaciteteve-ne-arsimin-e-larte-dhe-z-jose-gutierrez-nga-agjencia-ekzekutive-e-programit-erasmus","status":"publish","type":"post","link":"https:\/\/erasmusplus.al\/?p=3174&lang=sq","title":{"rendered":"Zhvillohet takimi konsultues midis partner\u00ebve shqiptar\u00eb n\u00eb projektet p\u00ebr ngritjen e kapaciteteve n\u00eb arsimin e lart\u00eb dhe Z. Jose Gutierrez, nga Agjencia Ekzekutive e programit Erasmus +."},"content":{"rendered":"<p><span style=\"color: #000000;\">M\u00eb 30 N\u00ebntor 2017, n\u00eb ambjentet e Zyr\u00ebs Komb\u00ebtare Erasmus +, u zhvillua takimi konsultues midis Z. Jose Gutierrez, drejtor nj\u00ebsie n\u00eb Agjencin\u00eb Ekzekutive t\u00eb programit Erasmus +\u00a0 EACEA n\u00eb Bruksel, koordinatores s\u00eb\u00a0 ZKE + dhe koordinator\u00ebve dhe pikav\u00eb t\u00eb kontaktit shqiptare n\u00eb projektet e reja p\u00ebr ngritjen e kapaciteteve n\u00eb arsimin e lart\u00eb.<\/span><\/p>\n<p><span style=\"color: #000000;\">Ky takim sh\u00ebrbeu p\u00ebr t\u00eb trajtuar \u00e7\u00ebshtje t\u00eb zbatimit dhe menaxhimit financiar t\u00eb projekteve t\u00eb p\u00ebrzgjedhura dhe p\u00ebr t\u2019iu p\u00ebrgjigjur pyetjeve dhe paqart\u00ebsive t\u00eb partner\u00ebve shqiptar.<\/span><\/p>\n<p><a href=\"https:\/\/erasmusplus.al\/wp-content\/uploads\/2017\/12\/4-1.jpg\"><img loading=\"lazy\" decoding=\"async\" class=\"alignnone size-medium wp-image-3168\" src=\"https:\/\/erasmusplus.al\/wp-content\/uploads\/2017\/12\/4-1-300x225.jpg\" alt=\"\" width=\"300\" height=\"225\" srcset=\"https:\/\/erasmusplus.al\/wp-content\/uploads\/2017\/12\/4-1-300x225.jpg 300w, https:\/\/erasmusplus.al\/wp-content\/uploads\/2017\/12\/4-1-768x576.jpg 768w, https:\/\/erasmusplus.al\/wp-content\/uploads\/2017\/12\/4-1.jpg 1024w\" sizes=\"(max-width: 300px) 100vw, 300px\" \/><\/a> <a href=\"https:\/\/erasmusplus.al\/wp-content\/uploads\/2017\/12\/1-1.jpg\"><img loading=\"lazy\" decoding=\"async\" class=\"alignnone size-medium wp-image-3169\" src=\"https:\/\/erasmusplus.al\/wp-content\/uploads\/2017\/12\/1-1-300x225.jpg\" alt=\"\" width=\"300\" height=\"225\" srcset=\"https:\/\/erasmusplus.al\/wp-content\/uploads\/2017\/12\/1-1-300x225.jpg 300w, https:\/\/erasmusplus.al\/wp-content\/uploads\/2017\/12\/1-1-768x576.jpg 768w, https:\/\/erasmusplus.al\/wp-content\/uploads\/2017\/12\/1-1.jpg 1024w\" sizes=\"(max-width: 300px) 100vw, 300px\" \/><\/a> <a href=\"https:\/\/erasmusplus.al\/wp-content\/uploads\/2017\/12\/2-1.jpg\"><img loading=\"lazy\" decoding=\"async\" class=\"alignnone size-medium wp-image-3170\" src=\"https:\/\/erasmusplus.al\/wp-content\/uploads\/2017\/12\/2-1-300x225.jpg\" alt=\"\" width=\"300\" height=\"225\" srcset=\"https:\/\/erasmusplus.al\/wp-content\/uploads\/2017\/12\/2-1-300x225.jpg 300w, https:\/\/erasmusplus.al\/wp-content\/uploads\/2017\/12\/2-1-768x576.jpg 768w, https:\/\/erasmusplus.al\/wp-content\/uploads\/2017\/12\/2-1.jpg 1024w\" sizes=\"(max-width: 300px) 100vw, 300px\" \/><\/a> <a href=\"https:\/\/erasmusplus.al\/wp-content\/uploads\/2017\/12\/3-1.jpg\"><img loading=\"lazy\" decoding=\"async\" class=\"alignnone size-medium wp-image-3171\" src=\"https:\/\/erasmusplus.al\/wp-content\/uploads\/2017\/12\/3-1-300x225.jpg\" alt=\"\" width=\"300\" height=\"225\" srcset=\"https:\/\/erasmusplus.al\/wp-content\/uploads\/2017\/12\/3-1-300x225.jpg 300w, https:\/\/erasmusplus.al\/wp-content\/uploads\/2017\/12\/3-1-768x576.jpg 768w, https:\/\/erasmusplus.al\/wp-content\/uploads\/2017\/12\/3-1.jpg 1024w\" sizes=\"(max-width: 300px) 100vw, 300px\" \/><\/a><\/p>\n","protected":false},"excerpt":{"rendered":"<p>M\u00eb 30 N\u00ebntor 2017, n\u00eb ambjentet e Zyr\u00ebs Komb\u00ebtare Erasmus +, u zhvillua takimi konsultues midis Z. Jose Gutierrez, drejtor nj\u00ebsie n\u00eb Agjencin\u00eb Ekzekutive t\u00eb programit Erasmus +\u00a0 EACEA n\u00eb Bruksel, koordinatores s\u00eb\u00a0 ZKE + dhe koordinator\u00ebve dhe pikav\u00eb t\u00eb kontaktit shqiptare n\u00eb projektet e reja p\u00ebr ngritjen e kapaciteteve n\u00eb arsimin e lart\u00eb. Ky [&hellip;]<\/p>\n","protected":false},"author":1,"featured_media":0,"comment_status":"closed","ping_status":"closed","sticky":false,"template":"","format":"standard","meta":{"_acf_changed":false,"_et_pb_use_builder":"","_et_pb_old_content":"","_et_gb_content_width":"","footnotes":""},"categories":[110],"tags":[],"class_list":["post-3174","post","type-post","status-publish","format-standard","hentry","category-aktivitete"],"acf":[],"_links":{"self":[{"href":"https:\/\/erasmusplus.al\/index.php?rest_route=\/wp\/v2\/posts\/3174","targetHints":{"allow":["GET"]}}],"collection":[{"href":"https:\/\/erasmusplus.al\/index.php?rest_route=\/wp\/v2\/posts"}],"about":[{"href":"https:\/\/erasmusplus.al\/index.php?rest_route=\/wp\/v2\/types\/post"}],"author":[{"embeddable":true,"href":"https:\/\/erasmusplus.al\/index.php?rest_route=\/wp\/v2\/users\/1"}],"replies":[{"embeddable":true,"href":"https:\/\/erasmusplus.al\/index.php?rest_route=%2Fwp%2Fv2%2Fcomments&post=3174"}],"version-history":[{"count":1,"href":"https:\/\/erasmusplus.al\/index.php?rest_route=\/wp\/v2\/posts\/3174\/revisions"}],"predecessor-version":[{"id":3175,"href":"https:\/\/erasmusplus.al\/index.php?rest_route=\/wp\/v2\/posts\/3174\/revisions\/3175"}],"wp:attachment":[{"href":"https:\/\/erasmusplus.al\/index.php?rest_route=%2Fwp%2Fv2%2Fmedia&parent=3174"}],"wp:term":[{"taxonomy":"category","embeddable":true,"href":"https:\/\/erasmusplus.al\/index.php?rest_route=%2Fwp%2Fv2%2Fcategories&post=3174"},{"taxonomy":"post_tag","embeddable":true,"href":"https:\/\/erasmusplus.al\/index.php?rest_route=%2Fwp%2Fv2%2Ftags&post=3174"}],"curies":[{"name":"wp","href":"https:\/\/api.w.org\/{rel}","templated":true}]}}