{"id":3182,"date":"2017-12-14T11:10:17","date_gmt":"2017-12-14T11:10:17","guid":{"rendered":"http:\/\/erasmusplus.al\/?p=3182"},"modified":"2018-01-29T11:53:44","modified_gmt":"2018-01-29T11:53:44","slug":"tryeze-diskutimi-politikat-europiane-per-te-rinjte","status":"publish","type":"post","link":"https:\/\/erasmusplus.al\/?p=3182&lang=sq","title":{"rendered":"Tryez\u00eb diskutimi \u201cPolitikat Europiane p\u00ebr t\u00eb rinjt\u00eb\u201d"},"content":{"rendered":"<p><a href=\"http:\/\/Tryez\u00eb diskutimi \u201cPolitikat Europiane p\u00ebr t\u00eb rinjt\u00eb\u201d\"><span style=\"text-decoration: underline;\"><span style=\"color: #0000ff; text-decoration: underline;\">Programi<\/span><\/span><\/a><\/p>\n<p><span style=\"color: #000000;\">Programi<\/span><br \/>\n<span style=\"color: #000000;\">11.00 &#8211; 11.20 Fjal\u00eb p\u00ebrsh\u00ebndet\u00ebse:<\/span><\/p>\n<p><span style=\"color: #000000;\">-Z. Genc POLLO, Kryetar i K\u00ebshillit Komb\u00ebtar t\u00eb Integrimit Europian<\/span><br \/>\n<span style=\"color: #000000;\">-Prof. Dr. Mynyr KONI, Rektor i Universitetit t\u00eb Tiran\u00ebs<\/span><br \/>\n<span style=\"color: #000000;\">-Z. Bledi \u00c7U\u00c7I, Zv. Kryetar i Komisionit t\u00eb Integrimit Europian<\/span><br \/>\n<span style=\"color: #000000;\">11:20 \u2013 11.35 Rrug\u00ebtimi 4 vje\u00e7ar i arsimit t\u00eb lart\u00eb shqiptar n\u00eb Erasmus +<\/span><br \/>\n<span style=\"color: #000000;\">Znj. Elona SARA\u00c7I, koordinatore e Zyr\u00ebs Komb\u00ebtare t\u00eb Erasmus.<\/span><br \/>\n<span style=\"color: #000000;\">11:35 \u2013 11.45 Universiteti i Tiran\u00ebs -nj\u00eb histori suksesi n\u00eb kuad\u00ebr t\u00eb Erasmus+<\/span><\/p>\n<p><span style=\"color: #000000;\">Z. Elton SK\u00cbNDAJ, Drejtor i Drejtoris\u00eb s\u00eb Komunikimit. Universiteti i Tiran\u00ebs.<\/span><\/p>\n<p><span style=\"color: #000000;\">11.45 &#8211; 12.15 Pyetje dhe Diskutime<\/span><br \/>\n<span style=\"color: #000000;\">12.15-12.45 Koktej p\u00ebrmbyll\u00ebs<\/span><\/p>\n<div class=\"ead-preview\"><div class=\"ead-document\" style=\"position: relative;padding-top: 90%;\"><div class=\"ead-iframe-wrapper\"><iframe src=\"\/\/docs.google.com\/viewer?url=https%3A%2F%2Ferasmusplus.al%2Fwp-content%2Fuploads%2F2017%2F12%2FPolitikat-Europiane-p%C3%ABr-t%C3%AB-rinjt%C3%AB_Programi.pdf&amp;embedded=true&amp;hl=en\" title=\"Embedded Document\" class=\"ead-iframe\" style=\"width: 100%;height: 100%;border: none;position: absolute;left: 0;top: 0;visibility: hidden;\"><\/iframe><\/div>\t\t\t<div class=\"ead-document-loading\" style=\"width:100%;height:100%;position:absolute;left:0;top:0;z-index:10;\">\n\t\t\t\t<div class=\"ead-loading-wrap\">\n\t\t\t\t\t<div class=\"ead-loading-main\">\n\t\t\t\t\t\t<div class=\"ead-loading\">\n\t\t\t\t\t\t\t<img loading=\"lazy\" decoding=\"async\" src=\"https:\/\/erasmusplus.al\/wp-content\/plugins\/embed-any-document\/images\/loading.svg\" width=\"55\" height=\"55\" alt=\"Loader\">\n\t\t\t\t\t\t\t<span>Loading...<\/span>\n\t\t\t\t\t\t<\/div>\n\t\t\t\t\t<\/div>\n\t\t\t\t\t<div class=\"ead-loading-foot\">\n\t\t\t\t\t\t<div class=\"ead-loading-foot-title\">\n\t\t\t\t\t\t\t<img loading=\"lazy\" decoding=\"async\" src=\"https:\/\/erasmusplus.al\/wp-content\/plugins\/embed-any-document\/images\/EAD-logo.svg\" alt=\"EAD Logo\" width=\"36\" height=\"23\"\/>\n\t\t\t\t\t\t\t<span>Taking too long?<\/span>\n\t\t\t\t\t\t<\/div>\n\t\t\t\t\t\t<p>\n\t\t\t\t\t\t\t<div class=\"ead-document-btn ead-reload-btn\" role=\"button\">\n\t\t\t\t\t\t\t\t<img loading=\"lazy\" decoding=\"async\" src=\"https:\/\/erasmusplus.al\/wp-content\/plugins\/embed-any-document\/images\/reload.svg\" alt=\"Reload\" width=\"12\" height=\"12\"\/> Reload document\t\t\t\t\t\t\t<\/div>\n\t\t\t\t\t\t\t<span>|<\/span>\n\t\t\t\t\t\t\t<a href=\"https:\/\/erasmusplus.al\/wp-content\/uploads\/2017\/12\/Politikat-Europiane-p\u00ebr-t\u00eb-rinjt\u00eb_Programi.pdf\" class=\"ead-document-btn\" target=\"_blank\">\n\t\t\t\t\t\t\t\t<img loading=\"lazy\" decoding=\"async\" src=\"https:\/\/erasmusplus.al\/wp-content\/plugins\/embed-any-document\/images\/open.svg\" alt=\"Open\" width=\"12\" height=\"12\"\/> Open in new tab\t\t\t\t\t\t\t<\/a>\n\t\t\t\t\t<\/div>\n\t\t\t\t<\/div>\n\t\t\t<\/div>\n\t\t<\/div><p class=\"embed_download\"><a href=\"https:\/\/erasmusplus.al\/wp-content\/uploads\/2017\/12\/Politikat-Europiane-p\u00ebr-t\u00eb-rinjt\u00eb_Programi.pdf\" download>Download [104.74 KB] <\/a><\/p><\/div>\n","protected":false},"excerpt":{"rendered":"<p>Programi Programi 11.00 &#8211; 11.20 Fjal\u00eb p\u00ebrsh\u00ebndet\u00ebse: -Z. Genc POLLO, Kryetar i K\u00ebshillit Komb\u00ebtar t\u00eb Integrimit Europian -Prof. Dr. Mynyr KONI, Rektor i Universitetit t\u00eb Tiran\u00ebs -Z. Bledi \u00c7U\u00c7I, Zv. Kryetar i Komisionit t\u00eb Integrimit Europian 11:20 \u2013 11.35 Rrug\u00ebtimi 4 vje\u00e7ar i arsimit t\u00eb lart\u00eb shqiptar n\u00eb Erasmus + Znj. Elona SARA\u00c7I, koordinatore e [&hellip;]<\/p>\n","protected":false},"author":1,"featured_media":0,"comment_status":"closed","ping_status":"closed","sticky":false,"template":"","format":"standard","meta":{"_acf_changed":false,"_et_pb_use_builder":"","_et_pb_old_content":"","_et_gb_content_width":"","footnotes":""},"categories":[107],"tags":[],"class_list":["post-3182","post","type-post","status-publish","format-standard","hentry","category-njoftime-sq"],"acf":[],"_links":{"self":[{"href":"https:\/\/erasmusplus.al\/index.php?rest_route=\/wp\/v2\/posts\/3182","targetHints":{"allow":["GET"]}}],"collection":[{"href":"https:\/\/erasmusplus.al\/index.php?rest_route=\/wp\/v2\/posts"}],"about":[{"href":"https:\/\/erasmusplus.al\/index.php?rest_route=\/wp\/v2\/types\/post"}],"author":[{"embeddable":true,"href":"https:\/\/erasmusplus.al\/index.php?rest_route=\/wp\/v2\/users\/1"}],"replies":[{"embeddable":true,"href":"https:\/\/erasmusplus.al\/index.php?rest_route=%2Fwp%2Fv2%2Fcomments&post=3182"}],"version-history":[{"count":3,"href":"https:\/\/erasmusplus.al\/index.php?rest_route=\/wp\/v2\/posts\/3182\/revisions"}],"predecessor-version":[{"id":3278,"href":"https:\/\/erasmusplus.al\/index.php?rest_route=\/wp\/v2\/posts\/3182\/revisions\/3278"}],"wp:attachment":[{"href":"https:\/\/erasmusplus.al\/index.php?rest_route=%2Fwp%2Fv2%2Fmedia&parent=3182"}],"wp:term":[{"taxonomy":"category","embeddable":true,"href":"https:\/\/erasmusplus.al\/index.php?rest_route=%2Fwp%2Fv2%2Fcategories&post=3182"},{"taxonomy":"post_tag","embeddable":true,"href":"https:\/\/erasmusplus.al\/index.php?rest_route=%2Fwp%2Fv2%2Ftags&post=3182"}],"curies":[{"name":"wp","href":"https:\/\/api.w.org\/{rel}","templated":true}]}}