{"id":3243,"date":"2017-12-20T10:28:38","date_gmt":"2017-12-20T10:28:38","guid":{"rendered":"http:\/\/erasmusplus.al\/?p=3243"},"modified":"2017-12-27T10:29:21","modified_gmt":"2017-12-27T10:29:21","slug":"zhvillohet-tryeza-e-diskutimit-politikat-europiane-per-te-rinjte-me-20-dhjetor-2017","status":"publish","type":"post","link":"https:\/\/erasmusplus.al\/?p=3243&lang=sq","title":{"rendered":"Zhvillohet tryeza e diskutimit \u201cPolitikat Europiane p\u00ebr t\u00eb rinjt\u00eb\u201d, m\u00eb 20 Dhjetor 2017."},"content":{"rendered":"<p><span style=\"color: #000000;\">Zyra Komb\u00ebtare Erasmus + mori pjes\u00eb n\u00eb tryez\u00ebn e diskutimit mbi \u201cPolitikat Europiane p\u00ebr t\u00eb rinjt\u00eb\u201d, e zhvilluar m\u00eb 20 dhjetor 2017, n\u00eb Pallatin e Kongreseve n\u00eb Tiran\u00eb. Ky aktivitet u organizua nga K\u00ebshilli Komb\u00ebtar i Integrimit Europian i Kuvendit t\u00eb Shqip\u00ebris\u00eb. Gjat\u00eb aktivitetit koordinatorja e ZKE + b\u00ebri nj\u00eb pasqyr\u00eb t\u00eb pjes\u00ebmarrjes s\u00eb Institucioneve shqiptare t\u00eb Arsimit t\u00eb Lart\u00eb n\u00eb kat\u00ebrvje\u00e7arin e par\u00eb t\u00eb zbatimit t\u00eb programit Erasmus + dhe sfidave p\u00ebr t\u00eb ardhmen. Aktiviteti u drejtua nga kryetari i K\u00ebshillit Komb\u00ebtar t\u00eb Integrimit Europian t\u00eb Kuvendit t\u00eb Shqip\u00ebris\u00eb, me pjes\u00ebmarrjen e deputet\u00ebve t\u00eb Kuvendit, rektorit,\u00a0 pedagog\u00ebve dhe student\u00ebve\u00a0 t\u00eb Universitetit t\u00eb Tiran\u00ebs, stafit t\u00eb ZKE+, p\u00ebrfaq\u00ebsuesve nga shoqatat e biznesit etj.<\/span><\/p>\n<p><a href=\"https:\/\/erasmusplus.al\/wp-content\/uploads\/2017\/12\/1-4.jpg\"><img loading=\"lazy\" decoding=\"async\" class=\"alignnone size-medium wp-image-3232\" src=\"https:\/\/erasmusplus.al\/wp-content\/uploads\/2017\/12\/1-4-300x200.jpg\" alt=\"\" width=\"300\" height=\"200\" srcset=\"https:\/\/erasmusplus.al\/wp-content\/uploads\/2017\/12\/1-4-300x200.jpg 300w, https:\/\/erasmusplus.al\/wp-content\/uploads\/2017\/12\/1-4-768x512.jpg 768w, https:\/\/erasmusplus.al\/wp-content\/uploads\/2017\/12\/1-4.jpg 1024w, https:\/\/erasmusplus.al\/wp-content\/uploads\/2017\/12\/1-4-360x240.jpg 360w, https:\/\/erasmusplus.al\/wp-content\/uploads\/2017\/12\/1-4-272x182.jpg 272w\" sizes=\"(max-width: 300px) 100vw, 300px\" \/><\/a> <a href=\"https:\/\/erasmusplus.al\/wp-content\/uploads\/2017\/12\/2-4.jpg\"><img loading=\"lazy\" decoding=\"async\" class=\"alignnone size-medium wp-image-3233\" src=\"https:\/\/erasmusplus.al\/wp-content\/uploads\/2017\/12\/2-4-300x225.jpg\" alt=\"\" width=\"300\" height=\"225\" srcset=\"https:\/\/erasmusplus.al\/wp-content\/uploads\/2017\/12\/2-4-300x225.jpg 300w, https:\/\/erasmusplus.al\/wp-content\/uploads\/2017\/12\/2-4-768x576.jpg 768w, https:\/\/erasmusplus.al\/wp-content\/uploads\/2017\/12\/2-4.jpg 1024w\" sizes=\"(max-width: 300px) 100vw, 300px\" \/><\/a> <a href=\"https:\/\/erasmusplus.al\/wp-content\/uploads\/2017\/12\/3-4.jpg\"><img loading=\"lazy\" decoding=\"async\" class=\"alignnone size-medium wp-image-3234\" src=\"https:\/\/erasmusplus.al\/wp-content\/uploads\/2017\/12\/3-4-300x225.jpg\" alt=\"\" width=\"300\" height=\"225\" srcset=\"https:\/\/erasmusplus.al\/wp-content\/uploads\/2017\/12\/3-4-300x225.jpg 300w, https:\/\/erasmusplus.al\/wp-content\/uploads\/2017\/12\/3-4-768x576.jpg 768w, https:\/\/erasmusplus.al\/wp-content\/uploads\/2017\/12\/3-4.jpg 1024w\" sizes=\"(max-width: 300px) 100vw, 300px\" \/><\/a> <a href=\"https:\/\/erasmusplus.al\/wp-content\/uploads\/2017\/12\/4-4.jpg\"><img loading=\"lazy\" decoding=\"async\" class=\"alignnone size-medium wp-image-3235\" src=\"https:\/\/erasmusplus.al\/wp-content\/uploads\/2017\/12\/4-4-300x182.jpg\" alt=\"\" width=\"300\" height=\"182\" srcset=\"https:\/\/erasmusplus.al\/wp-content\/uploads\/2017\/12\/4-4-300x182.jpg 300w, https:\/\/erasmusplus.al\/wp-content\/uploads\/2017\/12\/4-4-768x465.jpg 768w, https:\/\/erasmusplus.al\/wp-content\/uploads\/2017\/12\/4-4.jpg 1024w\" sizes=\"(max-width: 300px) 100vw, 300px\" \/><\/a> <a href=\"https:\/\/erasmusplus.al\/wp-content\/uploads\/2017\/12\/5-3.jpg\"><img loading=\"lazy\" decoding=\"async\" class=\"alignnone size-medium wp-image-3236\" src=\"https:\/\/erasmusplus.al\/wp-content\/uploads\/2017\/12\/5-3-300x225.jpg\" alt=\"\" width=\"300\" height=\"225\" srcset=\"https:\/\/erasmusplus.al\/wp-content\/uploads\/2017\/12\/5-3-300x225.jpg 300w, https:\/\/erasmusplus.al\/wp-content\/uploads\/2017\/12\/5-3-768x576.jpg 768w, https:\/\/erasmusplus.al\/wp-content\/uploads\/2017\/12\/5-3.jpg 1024w\" sizes=\"(max-width: 300px) 100vw, 300px\" \/><\/a> <a href=\"https:\/\/erasmusplus.al\/wp-content\/uploads\/2017\/12\/6-3.jpg\"><img loading=\"lazy\" decoding=\"async\" class=\"alignnone size-medium wp-image-3237\" src=\"https:\/\/erasmusplus.al\/wp-content\/uploads\/2017\/12\/6-3-300x167.jpg\" alt=\"\" width=\"300\" height=\"167\" srcset=\"https:\/\/erasmusplus.al\/wp-content\/uploads\/2017\/12\/6-3-300x167.jpg 300w, https:\/\/erasmusplus.al\/wp-content\/uploads\/2017\/12\/6-3-768x427.jpg 768w, https:\/\/erasmusplus.al\/wp-content\/uploads\/2017\/12\/6-3.jpg 1024w\" sizes=\"(max-width: 300px) 100vw, 300px\" \/><\/a> <a href=\"https:\/\/erasmusplus.al\/wp-content\/uploads\/2017\/12\/7-3.jpg\"><img loading=\"lazy\" decoding=\"async\" class=\"alignnone size-medium wp-image-3238\" src=\"https:\/\/erasmusplus.al\/wp-content\/uploads\/2017\/12\/7-3-300x225.jpg\" alt=\"\" width=\"300\" height=\"225\" srcset=\"https:\/\/erasmusplus.al\/wp-content\/uploads\/2017\/12\/7-3-300x225.jpg 300w, https:\/\/erasmusplus.al\/wp-content\/uploads\/2017\/12\/7-3-768x576.jpg 768w, https:\/\/erasmusplus.al\/wp-content\/uploads\/2017\/12\/7-3.jpg 1024w\" sizes=\"(max-width: 300px) 100vw, 300px\" \/><\/a> <a href=\"https:\/\/erasmusplus.al\/wp-content\/uploads\/2017\/12\/8-1.jpg\"><img loading=\"lazy\" decoding=\"async\" class=\"alignnone size-medium wp-image-3239\" src=\"https:\/\/erasmusplus.al\/wp-content\/uploads\/2017\/12\/8-1-300x225.jpg\" alt=\"\" width=\"300\" height=\"225\" srcset=\"https:\/\/erasmusplus.al\/wp-content\/uploads\/2017\/12\/8-1-300x225.jpg 300w, https:\/\/erasmusplus.al\/wp-content\/uploads\/2017\/12\/8-1-768x576.jpg 768w, https:\/\/erasmusplus.al\/wp-content\/uploads\/2017\/12\/8-1.jpg 1024w\" sizes=\"(max-width: 300px) 100vw, 300px\" \/><\/a> <a href=\"https:\/\/erasmusplus.al\/wp-content\/uploads\/2017\/12\/9-1.jpg\"><img loading=\"lazy\" decoding=\"async\" class=\"alignnone size-medium wp-image-3240\" src=\"https:\/\/erasmusplus.al\/wp-content\/uploads\/2017\/12\/9-1-300x200.jpg\" alt=\"\" width=\"300\" height=\"200\" srcset=\"https:\/\/erasmusplus.al\/wp-content\/uploads\/2017\/12\/9-1-300x200.jpg 300w, https:\/\/erasmusplus.al\/wp-content\/uploads\/2017\/12\/9-1-768x512.jpg 768w, https:\/\/erasmusplus.al\/wp-content\/uploads\/2017\/12\/9-1.jpg 1024w, https:\/\/erasmusplus.al\/wp-content\/uploads\/2017\/12\/9-1-360x240.jpg 360w, https:\/\/erasmusplus.al\/wp-content\/uploads\/2017\/12\/9-1-272x182.jpg 272w\" sizes=\"(max-width: 300px) 100vw, 300px\" \/><\/a> <a href=\"https:\/\/erasmusplus.al\/wp-content\/uploads\/2017\/12\/10-1.jpg\"><img loading=\"lazy\" decoding=\"async\" class=\"alignnone size-medium wp-image-3241\" src=\"https:\/\/erasmusplus.al\/wp-content\/uploads\/2017\/12\/10-1-300x200.jpg\" alt=\"\" width=\"300\" height=\"200\" srcset=\"https:\/\/erasmusplus.al\/wp-content\/uploads\/2017\/12\/10-1-300x200.jpg 300w, https:\/\/erasmusplus.al\/wp-content\/uploads\/2017\/12\/10-1-768x512.jpg 768w, https:\/\/erasmusplus.al\/wp-content\/uploads\/2017\/12\/10-1.jpg 1024w, https:\/\/erasmusplus.al\/wp-content\/uploads\/2017\/12\/10-1-360x240.jpg 360w, https:\/\/erasmusplus.al\/wp-content\/uploads\/2017\/12\/10-1-272x182.jpg 272w\" sizes=\"(max-width: 300px) 100vw, 300px\" \/><\/a><\/p>\n","protected":false},"excerpt":{"rendered":"<p>Zyra Komb\u00ebtare Erasmus + mori pjes\u00eb n\u00eb tryez\u00ebn e diskutimit mbi \u201cPolitikat Europiane p\u00ebr t\u00eb rinjt\u00eb\u201d, e zhvilluar m\u00eb 20 dhjetor 2017, n\u00eb Pallatin e Kongreseve n\u00eb Tiran\u00eb. Ky aktivitet u organizua nga K\u00ebshilli Komb\u00ebtar i Integrimit Europian i Kuvendit t\u00eb Shqip\u00ebris\u00eb. Gjat\u00eb aktivitetit koordinatorja e ZKE + b\u00ebri nj\u00eb pasqyr\u00eb t\u00eb pjes\u00ebmarrjes s\u00eb Institucioneve [&hellip;]<\/p>\n","protected":false},"author":1,"featured_media":0,"comment_status":"closed","ping_status":"closed","sticky":false,"template":"","format":"standard","meta":{"_acf_changed":false,"_et_pb_use_builder":"","_et_pb_old_content":"","_et_gb_content_width":"","footnotes":""},"categories":[110],"tags":[],"class_list":["post-3243","post","type-post","status-publish","format-standard","hentry","category-aktivitete"],"acf":[],"_links":{"self":[{"href":"https:\/\/erasmusplus.al\/index.php?rest_route=\/wp\/v2\/posts\/3243","targetHints":{"allow":["GET"]}}],"collection":[{"href":"https:\/\/erasmusplus.al\/index.php?rest_route=\/wp\/v2\/posts"}],"about":[{"href":"https:\/\/erasmusplus.al\/index.php?rest_route=\/wp\/v2\/types\/post"}],"author":[{"embeddable":true,"href":"https:\/\/erasmusplus.al\/index.php?rest_route=\/wp\/v2\/users\/1"}],"replies":[{"embeddable":true,"href":"https:\/\/erasmusplus.al\/index.php?rest_route=%2Fwp%2Fv2%2Fcomments&post=3243"}],"version-history":[{"count":1,"href":"https:\/\/erasmusplus.al\/index.php?rest_route=\/wp\/v2\/posts\/3243\/revisions"}],"predecessor-version":[{"id":3244,"href":"https:\/\/erasmusplus.al\/index.php?rest_route=\/wp\/v2\/posts\/3243\/revisions\/3244"}],"wp:attachment":[{"href":"https:\/\/erasmusplus.al\/index.php?rest_route=%2Fwp%2Fv2%2Fmedia&parent=3243"}],"wp:term":[{"taxonomy":"category","embeddable":true,"href":"https:\/\/erasmusplus.al\/index.php?rest_route=%2Fwp%2Fv2%2Fcategories&post=3243"},{"taxonomy":"post_tag","embeddable":true,"href":"https:\/\/erasmusplus.al\/index.php?rest_route=%2Fwp%2Fv2%2Ftags&post=3243"}],"curies":[{"name":"wp","href":"https:\/\/api.w.org\/{rel}","templated":true}]}}