{"id":3271,"date":"2017-11-15T08:54:00","date_gmt":"2017-11-15T08:54:00","guid":{"rendered":"http:\/\/erasmusplus.al\/?p=3271"},"modified":"2018-01-15T08:54:53","modified_gmt":"2018-01-15T08:54:53","slug":"zhvillohet-takimi-i-pare-kombetar-i-shoqates-se-alumnive-te-ballkanit-perendimor","status":"publish","type":"post","link":"https:\/\/erasmusplus.al\/?p=3271&lang=sq","title":{"rendered":"Zhvillohet takimi i par\u00eb komb\u00ebtar i Shoqat\u00ebs s\u00eb Alumnive t\u00eb Ballkanit Per\u00ebndimor."},"content":{"rendered":"<p><span style=\"color: #000000;\">Koordinatorja e Zyr\u00ebs Komb\u00ebtare Erasmus + p\u00ebrsh\u00ebndeti punimet e takimit t\u00eb par\u00eb komb\u00ebtar t\u00eb Shoqat\u00ebs s\u00eb Alumnive t\u00eb Ballkanit Per\u00ebndimor Erasmus, mbajtur m\u00eb 15 N\u00ebntor, 2017 n\u00eb Tiran\u00eb. Ky aktivitet u fokusua n\u00eb prezantimin e Shoqat\u00ebs s\u00eb Alumnive tek p\u00ebrfituesit shqiptar\u00eb t\u00eb programit Erasmus dhe p\u00ebr diskutimin e ideve\/aktiviteteve t\u00eb ardhshme p\u00ebr rritjen e kontributit t\u00eb tyre n\u00eb kontekstin lokal.<\/span><\/p>\n<p><a href=\"https:\/\/erasmusplus.al\/wp-content\/uploads\/2018\/01\/IMG-20171115-WA0000.jpg\"><img loading=\"lazy\" decoding=\"async\" class=\"alignnone size-medium wp-image-3267\" src=\"https:\/\/erasmusplus.al\/wp-content\/uploads\/2018\/01\/IMG-20171115-WA0000-300x225.jpg\" alt=\"\" width=\"300\" height=\"225\" srcset=\"https:\/\/erasmusplus.al\/wp-content\/uploads\/2018\/01\/IMG-20171115-WA0000-300x225.jpg 300w, https:\/\/erasmusplus.al\/wp-content\/uploads\/2018\/01\/IMG-20171115-WA0000-768x576.jpg 768w, https:\/\/erasmusplus.al\/wp-content\/uploads\/2018\/01\/IMG-20171115-WA0000.jpg 1024w\" sizes=\"(max-width: 300px) 100vw, 300px\" \/><\/a> <a href=\"https:\/\/erasmusplus.al\/wp-content\/uploads\/2018\/01\/IMG-20171115-WA0003.jpg\"><img loading=\"lazy\" decoding=\"async\" class=\"alignnone size-medium wp-image-3268\" src=\"https:\/\/erasmusplus.al\/wp-content\/uploads\/2018\/01\/IMG-20171115-WA0003-300x225.jpg\" alt=\"\" width=\"300\" height=\"225\" srcset=\"https:\/\/erasmusplus.al\/wp-content\/uploads\/2018\/01\/IMG-20171115-WA0003-300x225.jpg 300w, https:\/\/erasmusplus.al\/wp-content\/uploads\/2018\/01\/IMG-20171115-WA0003-768x576.jpg 768w, https:\/\/erasmusplus.al\/wp-content\/uploads\/2018\/01\/IMG-20171115-WA0003.jpg 1024w\" sizes=\"(max-width: 300px) 100vw, 300px\" \/><\/a> <a href=\"https:\/\/erasmusplus.al\/wp-content\/uploads\/2018\/01\/IMG-20171115-WA0007.jpg\"><img loading=\"lazy\" decoding=\"async\" class=\"alignnone size-medium wp-image-3269\" src=\"https:\/\/erasmusplus.al\/wp-content\/uploads\/2018\/01\/IMG-20171115-WA0007-300x225.jpg\" alt=\"\" width=\"300\" height=\"225\" srcset=\"https:\/\/erasmusplus.al\/wp-content\/uploads\/2018\/01\/IMG-20171115-WA0007-300x225.jpg 300w, https:\/\/erasmusplus.al\/wp-content\/uploads\/2018\/01\/IMG-20171115-WA0007-768x576.jpg 768w, https:\/\/erasmusplus.al\/wp-content\/uploads\/2018\/01\/IMG-20171115-WA0007.jpg 1024w\" sizes=\"(max-width: 300px) 100vw, 300px\" \/><\/a><\/p>\n","protected":false},"excerpt":{"rendered":"<p>Koordinatorja e Zyr\u00ebs Komb\u00ebtare Erasmus + p\u00ebrsh\u00ebndeti punimet e takimit t\u00eb par\u00eb komb\u00ebtar t\u00eb Shoqat\u00ebs s\u00eb Alumnive t\u00eb Ballkanit Per\u00ebndimor Erasmus, mbajtur m\u00eb 15 N\u00ebntor, 2017 n\u00eb Tiran\u00eb. Ky aktivitet u fokusua n\u00eb prezantimin e Shoqat\u00ebs s\u00eb Alumnive tek p\u00ebrfituesit shqiptar\u00eb t\u00eb programit Erasmus dhe p\u00ebr diskutimin e ideve\/aktiviteteve t\u00eb ardhshme p\u00ebr rritjen e kontributit [&hellip;]<\/p>\n","protected":false},"author":1,"featured_media":0,"comment_status":"closed","ping_status":"closed","sticky":false,"template":"","format":"standard","meta":{"_acf_changed":false,"_et_pb_use_builder":"","_et_pb_old_content":"","_et_gb_content_width":"","footnotes":""},"categories":[110],"tags":[],"class_list":["post-3271","post","type-post","status-publish","format-standard","hentry","category-aktivitete"],"acf":[],"_links":{"self":[{"href":"https:\/\/erasmusplus.al\/index.php?rest_route=\/wp\/v2\/posts\/3271","targetHints":{"allow":["GET"]}}],"collection":[{"href":"https:\/\/erasmusplus.al\/index.php?rest_route=\/wp\/v2\/posts"}],"about":[{"href":"https:\/\/erasmusplus.al\/index.php?rest_route=\/wp\/v2\/types\/post"}],"author":[{"embeddable":true,"href":"https:\/\/erasmusplus.al\/index.php?rest_route=\/wp\/v2\/users\/1"}],"replies":[{"embeddable":true,"href":"https:\/\/erasmusplus.al\/index.php?rest_route=%2Fwp%2Fv2%2Fcomments&post=3271"}],"version-history":[{"count":1,"href":"https:\/\/erasmusplus.al\/index.php?rest_route=\/wp\/v2\/posts\/3271\/revisions"}],"predecessor-version":[{"id":3272,"href":"https:\/\/erasmusplus.al\/index.php?rest_route=\/wp\/v2\/posts\/3271\/revisions\/3272"}],"wp:attachment":[{"href":"https:\/\/erasmusplus.al\/index.php?rest_route=%2Fwp%2Fv2%2Fmedia&parent=3271"}],"wp:term":[{"taxonomy":"category","embeddable":true,"href":"https:\/\/erasmusplus.al\/index.php?rest_route=%2Fwp%2Fv2%2Fcategories&post=3271"},{"taxonomy":"post_tag","embeddable":true,"href":"https:\/\/erasmusplus.al\/index.php?rest_route=%2Fwp%2Fv2%2Ftags&post=3271"}],"curies":[{"name":"wp","href":"https:\/\/api.w.org\/{rel}","templated":true}]}}