{"id":3276,"date":"2018-01-24T11:49:49","date_gmt":"2018-01-24T11:49:49","guid":{"rendered":"http:\/\/erasmusplus.al\/?p=3276"},"modified":"2018-01-29T11:50:59","modified_gmt":"2018-01-29T11:50:59","slug":"konsultim-publik-mbi-te-ardhmen-e-programeve-te-be-se","status":"publish","type":"post","link":"https:\/\/erasmusplus.al\/?p=3276&lang=sq","title":{"rendered":"Konsultim publik mbi t\u00eb ardhmen e programeve t\u00eb BE-s\u00eb."},"content":{"rendered":"<p><span style=\"color: #000000;\">Komisioni Evropian ka lan\u00e7uar nj\u00eb pyet\u00ebsor online p\u00ebr t\u00eb marr\u00eb vler\u00ebsimin mbi m\u00ebnyr\u00ebn e funskionimit t\u00eb programeve komunitare, p\u00ebrfshir\u00eb programin Erasmus +. Ky ushtrim \u00ebsht\u00eb pjes\u00eb e nj\u00eb konsultimi m\u00eb t\u00eb gjer\u00eb gj\u00eb do t\u00eb p\u00ebrmbyllet n\u00eb 2018 me hartimin e kuadrit t\u00eb ardhsh\u00ebm financiar shum\u00ebvje\u00e7ar\u00eb t\u00eb BE-s\u00eb.<\/span><\/p>\n<p><span style=\"color: #000000;\">T\u00eb gjith\u00eb p\u00ebrfituesit shqiptar\u00eb t\u00eb programit Erasmus + jan\u00eb t\u00eb lutur ta plot\u00ebsojn\u00eb k\u00ebt\u00eb py\u00ebtesor q\u00eb gjendet n\u00eb linkun:<\/span><br \/>\n<a href=\"https:\/\/ec.europa.eu\/eusurvey\/runner\/MFFpost2020values\"><span style=\"text-decoration: underline;\"><span style=\"color: #0000ff; text-decoration: underline;\">https:\/\/ec.europa.eu\/eusurvey\/runner\/MFFpost2020values<\/span><\/span><\/a><\/p>\n<p><span style=\"color: #000000;\">Pyet\u00ebsori zgjat mesatarisht 30 min dhe t\u00eb jep mund\u00ebsin\u00eb ta ruash dhe ta ripunosh dokumentin n\u00eb vijim\u00ebsi. Afati i fundit i plot\u00ebsimit s\u00eb pyet\u00ebsorit \u00ebsht\u00eb 8 Marsi, 2018.<\/span><\/p>\n","protected":false},"excerpt":{"rendered":"<p>Komisioni Evropian ka lan\u00e7uar nj\u00eb pyet\u00ebsor online p\u00ebr t\u00eb marr\u00eb vler\u00ebsimin mbi m\u00ebnyr\u00ebn e funskionimit t\u00eb programeve komunitare, p\u00ebrfshir\u00eb programin Erasmus +. Ky ushtrim \u00ebsht\u00eb pjes\u00eb e nj\u00eb konsultimi m\u00eb t\u00eb gjer\u00eb gj\u00eb do t\u00eb p\u00ebrmbyllet n\u00eb 2018 me hartimin e kuadrit t\u00eb ardhsh\u00ebm financiar shum\u00ebvje\u00e7ar\u00eb t\u00eb BE-s\u00eb. T\u00eb gjith\u00eb p\u00ebrfituesit shqiptar\u00eb t\u00eb programit Erasmus [&hellip;]<\/p>\n","protected":false},"author":1,"featured_media":0,"comment_status":"closed","ping_status":"closed","sticky":false,"template":"","format":"standard","meta":{"_acf_changed":false,"_et_pb_use_builder":"","_et_pb_old_content":"","_et_gb_content_width":"","footnotes":""},"categories":[107],"tags":[],"class_list":["post-3276","post","type-post","status-publish","format-standard","hentry","category-njoftime-sq"],"acf":[],"_links":{"self":[{"href":"https:\/\/erasmusplus.al\/index.php?rest_route=\/wp\/v2\/posts\/3276","targetHints":{"allow":["GET"]}}],"collection":[{"href":"https:\/\/erasmusplus.al\/index.php?rest_route=\/wp\/v2\/posts"}],"about":[{"href":"https:\/\/erasmusplus.al\/index.php?rest_route=\/wp\/v2\/types\/post"}],"author":[{"embeddable":true,"href":"https:\/\/erasmusplus.al\/index.php?rest_route=\/wp\/v2\/users\/1"}],"replies":[{"embeddable":true,"href":"https:\/\/erasmusplus.al\/index.php?rest_route=%2Fwp%2Fv2%2Fcomments&post=3276"}],"version-history":[{"count":1,"href":"https:\/\/erasmusplus.al\/index.php?rest_route=\/wp\/v2\/posts\/3276\/revisions"}],"predecessor-version":[{"id":3277,"href":"https:\/\/erasmusplus.al\/index.php?rest_route=\/wp\/v2\/posts\/3276\/revisions\/3277"}],"wp:attachment":[{"href":"https:\/\/erasmusplus.al\/index.php?rest_route=%2Fwp%2Fv2%2Fmedia&parent=3276"}],"wp:term":[{"taxonomy":"category","embeddable":true,"href":"https:\/\/erasmusplus.al\/index.php?rest_route=%2Fwp%2Fv2%2Fcategories&post=3276"},{"taxonomy":"post_tag","embeddable":true,"href":"https:\/\/erasmusplus.al\/index.php?rest_route=%2Fwp%2Fv2%2Ftags&post=3276"}],"curies":[{"name":"wp","href":"https:\/\/api.w.org\/{rel}","templated":true}]}}