{"id":3338,"date":"2018-05-17T09:51:22","date_gmt":"2018-05-17T09:51:22","guid":{"rendered":"http:\/\/erasmusplus.al\/?p=3338"},"modified":"2018-05-21T09:52:03","modified_gmt":"2018-05-21T09:52:03","slug":"ftese-e-hapur-per-pjesemarrje-ne-seminari-kombetar-here-zgjerimi-i-rolit-te-studenteve-ne-manaxhimin-dhe-qeverisjen-e-ial-ve","status":"publish","type":"post","link":"https:\/\/erasmusplus.al\/?p=3338&lang=sq","title":{"rendered":"Ftes\u00eb e hapur p\u00ebr pjes\u00ebmarrje n\u00eb Seminari komb\u00ebtar HERE \u201cZgjerimi i rolit t\u00eb student\u00ebve n\u00eb manaxhimin dhe qeverisjen e IAL-ve\u201d."},"content":{"rendered":"<p><span style=\"color: #333333;\">Zyra Komb\u00ebtare Erasmus + n\u00eb bashk\u00ebpunim me ekspert\u00ebt Erasmus+ p\u00ebr Reformat n\u00eb Arsimin e Lart\u00eb (HERE) ka k\u00ebnaq\u00ebsin\u00eb t\u2019ju ftoj\u00eb n\u00eb seminarin komb\u00ebtar me tem\u00eb \u201cZgjerimi i rolit t\u00eb student\u00ebve n\u00eb manaxhimin dhe qeverisjen e IAL-ve\u201d q\u00eb do t\u00eb mbahet dit\u00ebn e enjte, m\u00eb dat\u00eb 24 Maj 2018, ora 9:30, n\u00eb ambientet e Universitetit Politeknik t\u00eb Tiran\u00ebs <em>(salla Silvano Pedrollo).<\/em><\/span><\/p>\n<p>&nbsp;<\/p>\n<p><span style=\"color: #333333;\">Objektivat kryesore t\u00eb Seminarit HERE p\u00ebrfshijn\u00eb:<\/span><\/p>\n<p>&nbsp;<\/p>\n<p><span style=\"color: #333333;\">&#8211;\u00a0\u00a0\u00a0\u00a0\u00a0\u00a0 Zbatimin e k\u00ebrkesave t\u00eb LAL\u00a0p\u00ebr rolin e student\u00ebve n\u00eb IAL-t\u00eb;<\/span><\/p>\n<p><span style=\"color: #333333;\">&#8211;\u00a0\u00a0\u00a0\u00a0\u00a0\u00a0 Rritjen e angazhimit t\u00eb student\u00ebve n\u00eb strukturat vendimarr\u00ebse t\u00eb IAL dhe t\u00eb sistemit t\u00eb AL;<\/span><\/p>\n<p><span style=\"color: #333333;\">&#8211;\u00a0\u00a0\u00a0\u00a0\u00a0\u00a0 Diskutimin\u00a0\u00a0p\u00ebr organizimin e sondazhit komb\u00ebtar t\u00eb student\u00ebve;<\/span><\/p>\n<p><span style=\"color: #333333;\">&#8211;\u00a0\u00a0\u00a0\u00a0\u00a0\u00a0 Shk\u00ebmbimin e\u00a0 mendimeve, ideve\u00a0 dhe p\u00ebrvojave\u00a0 lidhur me zbatimin e mekanizmave formal\u00eb dhe informal\u00eb t\u00eb angazhimit t\u00eb student\u00ebve;<\/span><\/p>\n<p><span style=\"color: #333333;\">&#8211;\u00a0\u00a0\u00a0\u00a0\u00a0\u00a0 Diskutimin mbi zhvillimin e nj\u00eb kulture institucionale t\u00eb p\u00ebrfshirjes s\u00eb student\u00ebve<\/span><\/p>\n<p><span style=\"color: #333333;\">&#8211;\u00a0\u00a0\u00a0\u00a0\u00a0\u00a0 Diskutimin\u00a0 mbi rolin e student\u00ebve n\u00eb sigurimin e cil\u00ebsis\u00eb n\u00eb IAL-t\u00eb;<\/span><\/p>\n<p><span style=\"color: #333333;\">&#8211;\u00a0\u00a0\u00a0\u00a0\u00a0\u00a0 Paraqitjen e praktikave t\u00eb mira dhe konkrete evropiane p\u00ebr angazhimin e studenteve dhe t\u00eb shoqatave t\u00eb tyre;<\/span><\/p>\n<p><span style=\"color: #333333;\">&#8211;\u00a0\u00a0\u00a0\u00a0\u00a0\u00a0 Diskutimin e disa rezultateteve t\u00eb pyet\u00ebsorit p\u00ebr p\u00ebrfaqesuesit n\u00eb senat n\u00eb IAL-t\u00eb publike;<\/span><\/p>\n<p><span style=\"color: #333333;\">&#8211;\u00a0\u00a0\u00a0\u00a0\u00a0\u00a0 Dh\u00ebnien e rekomandimeve p\u00ebr p\u00ebrmir\u00ebsime t\u00eb m\u00ebtejshme n\u00eb rritjen e rolit t\u00eb student\u00ebve n\u00eb IAL-t\u00eb;<\/span><\/p>\n<p>&nbsp;<\/p>\n<p>&nbsp;<\/p>\n<p><span style=\"color: #333333;\">Ju mir\u00ebpresim !<\/span><\/p>\n","protected":false},"excerpt":{"rendered":"<p>Zyra Komb\u00ebtare Erasmus + n\u00eb bashk\u00ebpunim me ekspert\u00ebt Erasmus+ p\u00ebr Reformat n\u00eb Arsimin e Lart\u00eb (HERE) ka k\u00ebnaq\u00ebsin\u00eb t\u2019ju ftoj\u00eb n\u00eb seminarin komb\u00ebtar me tem\u00eb \u201cZgjerimi i rolit t\u00eb student\u00ebve n\u00eb manaxhimin dhe qeverisjen e IAL-ve\u201d q\u00eb do t\u00eb mbahet dit\u00ebn e enjte, m\u00eb dat\u00eb 24 Maj 2018, ora 9:30, n\u00eb ambientet e Universitetit Politeknik [&hellip;]<\/p>\n","protected":false},"author":1,"featured_media":0,"comment_status":"closed","ping_status":"closed","sticky":false,"template":"","format":"standard","meta":{"_acf_changed":false,"_et_pb_use_builder":"","_et_pb_old_content":"","_et_gb_content_width":"","footnotes":""},"categories":[107],"tags":[],"class_list":["post-3338","post","type-post","status-publish","format-standard","hentry","category-njoftime-sq"],"acf":[],"_links":{"self":[{"href":"https:\/\/erasmusplus.al\/index.php?rest_route=\/wp\/v2\/posts\/3338","targetHints":{"allow":["GET"]}}],"collection":[{"href":"https:\/\/erasmusplus.al\/index.php?rest_route=\/wp\/v2\/posts"}],"about":[{"href":"https:\/\/erasmusplus.al\/index.php?rest_route=\/wp\/v2\/types\/post"}],"author":[{"embeddable":true,"href":"https:\/\/erasmusplus.al\/index.php?rest_route=\/wp\/v2\/users\/1"}],"replies":[{"embeddable":true,"href":"https:\/\/erasmusplus.al\/index.php?rest_route=%2Fwp%2Fv2%2Fcomments&post=3338"}],"version-history":[{"count":1,"href":"https:\/\/erasmusplus.al\/index.php?rest_route=\/wp\/v2\/posts\/3338\/revisions"}],"predecessor-version":[{"id":3339,"href":"https:\/\/erasmusplus.al\/index.php?rest_route=\/wp\/v2\/posts\/3338\/revisions\/3339"}],"wp:attachment":[{"href":"https:\/\/erasmusplus.al\/index.php?rest_route=%2Fwp%2Fv2%2Fmedia&parent=3338"}],"wp:term":[{"taxonomy":"category","embeddable":true,"href":"https:\/\/erasmusplus.al\/index.php?rest_route=%2Fwp%2Fv2%2Fcategories&post=3338"},{"taxonomy":"post_tag","embeddable":true,"href":"https:\/\/erasmusplus.al\/index.php?rest_route=%2Fwp%2Fv2%2Ftags&post=3338"}],"curies":[{"name":"wp","href":"https:\/\/api.w.org\/{rel}","templated":true}]}}