{"id":3372,"date":"2018-06-01T12:26:39","date_gmt":"2018-06-01T12:26:39","guid":{"rendered":"http:\/\/erasmusplus.al\/?p=3372"},"modified":"2018-06-21T12:28:01","modified_gmt":"2018-06-21T12:28:01","slug":"zhvillohet-vizita-monitoruese-per-projektin-erasmus-integrim-dhe-vleresim-i-njohurive-te-sipermarrjes-ne-inxhinieri-dhe-shkenca-kompjuterike-rebus-2","status":"publish","type":"post","link":"https:\/\/erasmusplus.al\/?p=3372&lang=sq","title":{"rendered":"Zhvillohet vizita monitoruese p\u00ebr Projektin Erasmus + \u201cIntegrim dhe vler\u00ebsim i njohurive t\u00eb sip\u00ebrmarrjes n\u00eb inxhinieri dhe shkenca kompjuterike \u2013 REBUS\u201d"},"content":{"rendered":"<p><span lang=\"SQ\" style=\"background: white; margin: 0px; color: #333333; font-family: 'Helvetica',sans-serif; font-size: 10.5pt;\">Stafi i ZKE+ nd\u00ebrmori m\u00eb 1 Qershor 2018, vizit\u00ebn monitoruese p\u00ebr projektin Erasmus + REBUS. Ky aktivitet u zhvillua n\u00eb mjediset e Universitetit Europian t\u00eb Tiran\u00ebs. <\/span><\/p>\n<p><span lang=\"SQ\" style=\"background: white; margin: 0px; color: #333333; font-family: 'Helvetica',sans-serif; font-size: 10.5pt;\">Projekti 3 vje\u00e7ar REBUS (2016-2019) synon zhvillimin, testimin, vler\u00ebsimin, integrimin gjith\u00ebp\u00ebrfshir\u00ebs dhe nevojat q\u00eb nxisin modulet e hapura m\u00ebsimore p\u00ebr t\u00eb promovuar aft\u00ebsit\u00eb sip\u00ebrmarr\u00ebse t\u00eb t\u00eb diplomuar\u00ebve n\u00eb Shkenca Kompjuterike, inxhinieri dhe shkenca t\u00eb tjera teknike, si nj\u00eb nd\u00ebrthurje e edukimit akademik dhe m\u00ebsim\u00ebdh\u00ebnies n\u00eb praktik\u00eb t\u00eb koncepteve t\u00eb biznesit.<\/span><\/p>\n<p><span lang=\"SQ\" style=\"background: white; margin: 0px; color: #333333; font-family: 'Helvetica',sans-serif; font-size: 10.5pt;\">Projekti koordinohet\u00a0 nga Universiteti i Sarajevos n\u00eb dhe Bosnj\u00eb dhe Hercegovin\u00eb dhe p\u00ebrfshin 14 institucione partnere nga Bosnj\u00eb dhe Hercegovina, Italia, Gjermania, Austria, Rusia, Kosova, Mali i Zi dhe Shqip\u00ebria. Universiteti i Elbasanit dhe Universiteti Europian i Tiran\u00ebs jan\u00eb prtner\u00ebt shqiptar\u00eb n\u00eb projekt..<\/span><\/p>\n<p><span lang=\"EN-GB\" style=\"margin: 0px; color: #141823; font-family: 'Helvetica',sans-serif; font-size: 10.5pt;\"><span style=\"color: #333333;\">P\u00ebr m\u00eb tep\u00ebr informacion: <\/span><span style=\"text-decoration: underline;\"><span style=\"color: #0000ff; text-decoration: underline;\"><a style=\"color: #0000ff; text-decoration: underline;\" href=\"http:\/\/www.rebusproject.net\/\">http:\/\/www.rebusproject.net<\/a> <\/span><\/span><\/span><\/p>\n<p><a href=\"https:\/\/erasmusplus.al\/wp-content\/uploads\/2018\/06\/2-1.jpg\"><img loading=\"lazy\" decoding=\"async\" class=\"alignnone size-medium wp-image-3367\" src=\"https:\/\/erasmusplus.al\/wp-content\/uploads\/2018\/06\/2-1-300x225.jpg\" alt=\"\" width=\"300\" height=\"225\" srcset=\"https:\/\/erasmusplus.al\/wp-content\/uploads\/2018\/06\/2-1-300x225.jpg 300w, https:\/\/erasmusplus.al\/wp-content\/uploads\/2018\/06\/2-1-768x576.jpg 768w, https:\/\/erasmusplus.al\/wp-content\/uploads\/2018\/06\/2-1-1024x768.jpg 1024w, https:\/\/erasmusplus.al\/wp-content\/uploads\/2018\/06\/2-1.jpg 1280w\" sizes=\"(max-width: 300px) 100vw, 300px\" \/><\/a> <a href=\"https:\/\/erasmusplus.al\/wp-content\/uploads\/2018\/06\/5-1.jpg\"><img loading=\"lazy\" decoding=\"async\" class=\"alignnone size-medium wp-image-3370\" src=\"https:\/\/erasmusplus.al\/wp-content\/uploads\/2018\/06\/5-1-300x225.jpg\" alt=\"\" width=\"300\" height=\"225\" srcset=\"https:\/\/erasmusplus.al\/wp-content\/uploads\/2018\/06\/5-1-300x225.jpg 300w, https:\/\/erasmusplus.al\/wp-content\/uploads\/2018\/06\/5-1-768x576.jpg 768w, https:\/\/erasmusplus.al\/wp-content\/uploads\/2018\/06\/5-1-1024x768.jpg 1024w, https:\/\/erasmusplus.al\/wp-content\/uploads\/2018\/06\/5-1.jpg 1280w\" sizes=\"(max-width: 300px) 100vw, 300px\" \/><\/a> <a href=\"https:\/\/erasmusplus.al\/wp-content\/uploads\/2018\/06\/4-1.jpg\"><img loading=\"lazy\" decoding=\"async\" class=\"alignnone size-medium wp-image-3369\" src=\"https:\/\/erasmusplus.al\/wp-content\/uploads\/2018\/06\/4-1-300x225.jpg\" alt=\"\" width=\"300\" height=\"225\" srcset=\"https:\/\/erasmusplus.al\/wp-content\/uploads\/2018\/06\/4-1-300x225.jpg 300w, https:\/\/erasmusplus.al\/wp-content\/uploads\/2018\/06\/4-1-768x576.jpg 768w, https:\/\/erasmusplus.al\/wp-content\/uploads\/2018\/06\/4-1-1024x768.jpg 1024w, https:\/\/erasmusplus.al\/wp-content\/uploads\/2018\/06\/4-1.jpg 1280w\" sizes=\"(max-width: 300px) 100vw, 300px\" \/><\/a> <a href=\"https:\/\/erasmusplus.al\/wp-content\/uploads\/2018\/06\/3-1.jpg\"><img loading=\"lazy\" decoding=\"async\" class=\"alignnone size-medium wp-image-3368\" src=\"https:\/\/erasmusplus.al\/wp-content\/uploads\/2018\/06\/3-1-300x225.jpg\" alt=\"\" width=\"300\" height=\"225\" srcset=\"https:\/\/erasmusplus.al\/wp-content\/uploads\/2018\/06\/3-1-300x225.jpg 300w, https:\/\/erasmusplus.al\/wp-content\/uploads\/2018\/06\/3-1-768x576.jpg 768w, https:\/\/erasmusplus.al\/wp-content\/uploads\/2018\/06\/3-1-1024x768.jpg 1024w, https:\/\/erasmusplus.al\/wp-content\/uploads\/2018\/06\/3-1.jpg 1280w\" sizes=\"(max-width: 300px) 100vw, 300px\" \/><\/a> <a href=\"https:\/\/erasmusplus.al\/wp-content\/uploads\/2018\/06\/1-1.jpg\"><img loading=\"lazy\" decoding=\"async\" class=\"alignnone size-medium wp-image-3366\" src=\"https:\/\/erasmusplus.al\/wp-content\/uploads\/2018\/06\/1-1-300x225.jpg\" alt=\"\" width=\"300\" height=\"225\" srcset=\"https:\/\/erasmusplus.al\/wp-content\/uploads\/2018\/06\/1-1-300x225.jpg 300w, https:\/\/erasmusplus.al\/wp-content\/uploads\/2018\/06\/1-1-768x576.jpg 768w, https:\/\/erasmusplus.al\/wp-content\/uploads\/2018\/06\/1-1-1024x768.jpg 1024w, https:\/\/erasmusplus.al\/wp-content\/uploads\/2018\/06\/1-1.jpg 1280w\" sizes=\"(max-width: 300px) 100vw, 300px\" \/><\/a><\/p>\n","protected":false},"excerpt":{"rendered":"<p>Stafi i ZKE+ nd\u00ebrmori m\u00eb 1 Qershor 2018, vizit\u00ebn monitoruese p\u00ebr projektin Erasmus + REBUS. Ky aktivitet u zhvillua n\u00eb mjediset e Universitetit Europian t\u00eb Tiran\u00ebs. Projekti 3 vje\u00e7ar REBUS (2016-2019) synon zhvillimin, testimin, vler\u00ebsimin, integrimin gjith\u00ebp\u00ebrfshir\u00ebs dhe nevojat q\u00eb nxisin modulet e hapura m\u00ebsimore p\u00ebr t\u00eb promovuar aft\u00ebsit\u00eb sip\u00ebrmarr\u00ebse t\u00eb t\u00eb diplomuar\u00ebve n\u00eb Shkenca [&hellip;]<\/p>\n","protected":false},"author":1,"featured_media":0,"comment_status":"closed","ping_status":"closed","sticky":false,"template":"","format":"standard","meta":{"_acf_changed":false,"_et_pb_use_builder":"","_et_pb_old_content":"","_et_gb_content_width":"","footnotes":""},"categories":[110],"tags":[],"class_list":["post-3372","post","type-post","status-publish","format-standard","hentry","category-aktivitete"],"acf":[],"_links":{"self":[{"href":"https:\/\/erasmusplus.al\/index.php?rest_route=\/wp\/v2\/posts\/3372","targetHints":{"allow":["GET"]}}],"collection":[{"href":"https:\/\/erasmusplus.al\/index.php?rest_route=\/wp\/v2\/posts"}],"about":[{"href":"https:\/\/erasmusplus.al\/index.php?rest_route=\/wp\/v2\/types\/post"}],"author":[{"embeddable":true,"href":"https:\/\/erasmusplus.al\/index.php?rest_route=\/wp\/v2\/users\/1"}],"replies":[{"embeddable":true,"href":"https:\/\/erasmusplus.al\/index.php?rest_route=%2Fwp%2Fv2%2Fcomments&post=3372"}],"version-history":[{"count":1,"href":"https:\/\/erasmusplus.al\/index.php?rest_route=\/wp\/v2\/posts\/3372\/revisions"}],"predecessor-version":[{"id":3373,"href":"https:\/\/erasmusplus.al\/index.php?rest_route=\/wp\/v2\/posts\/3372\/revisions\/3373"}],"wp:attachment":[{"href":"https:\/\/erasmusplus.al\/index.php?rest_route=%2Fwp%2Fv2%2Fmedia&parent=3372"}],"wp:term":[{"taxonomy":"category","embeddable":true,"href":"https:\/\/erasmusplus.al\/index.php?rest_route=%2Fwp%2Fv2%2Fcategories&post=3372"},{"taxonomy":"post_tag","embeddable":true,"href":"https:\/\/erasmusplus.al\/index.php?rest_route=%2Fwp%2Fv2%2Ftags&post=3372"}],"curies":[{"name":"wp","href":"https:\/\/api.w.org\/{rel}","templated":true}]}}