{"id":3439,"date":"2018-09-27T12:00:38","date_gmt":"2018-09-27T12:00:38","guid":{"rendered":"http:\/\/erasmusplus.al\/?p=3439"},"modified":"2018-10-10T12:01:45","modified_gmt":"2018-10-10T12:01:45","slug":"zhvillohet-vizita-monitoruese-per-projektin-tempus-mared","status":"publish","type":"post","link":"https:\/\/erasmusplus.al\/?p=3439&lang=sq","title":{"rendered":"Zhvillohet vizita monitoruese p\u00ebr Projektin Tempus MArED"},"content":{"rendered":"<p><span style=\"color: #000000;\">Stafi i ZKE+ nd\u00ebrmori vizit\u00ebn e impaktit t\u00eb projektit Tempus Mared. Ky aktivitet u zhvillua n\u00eb dy takimeve t\u00eb ve\u00e7anta, t\u00eb mbajtura n\u00eb e Universitetit \u201cLuigj Gurakuqi\u2019 t\u00eb Shkodr\u00ebs, m\u00eb dat\u00eb 10 korrik 2018 dhe n\u00eb ambientet e Universitetit \u201cIsmail Qemali t\u00eb Vlor\u00ebs, m\u00eb dat\u00eb \u00a027 shtator 2018.<\/span><\/p>\n<p><span style=\"color: #000000;\">Projekti 3 vje\u00e7ar MArED mb\u00ebshteti nd\u00ebrtimin e burimeve njer\u00ebzore t\u00eb afta dhe t\u00eb kualifikuara n\u00eb detari n\u00ebp\u00ebrmjet modernizimit t\u00eb Arsimit t\u00eb lart\u00eb Detar n\u00eb Malin e Zi dhe n\u00eb Shqip\u00ebri.<\/span><\/p>\n<p><span style=\"color: #000000;\">Projekti u p\u00ebrgatit \u00a0nga Universiteti i Malit t\u00eb zi dhe p\u00ebrfshiu 17 institucione partnere nga Spanja, Sllovenia, Austria, Kroacia, Rumania, Mali i zi dhe Shqip\u00ebria.<\/span><\/p>\n<p><span style=\"color: #000000;\">P\u00ebr m\u00eb shum\u00eb informacion:<\/span> <span style=\"text-decoration: underline;\"><span style=\"color: #0000ff;\"><a style=\"color: #0000ff; text-decoration: underline;\" href=\"http:\/\/www.mared.ac.me\/\">http:\/\/www.mared.ac.me\/<\/a><\/span><\/span><\/p>\n<p><a href=\"https:\/\/erasmusplus.al\/wp-content\/uploads\/2018\/10\/1.jpg\"><img loading=\"lazy\" decoding=\"async\" class=\"alignnone size-medium wp-image-3431\" src=\"https:\/\/erasmusplus.al\/wp-content\/uploads\/2018\/10\/1-300x225.jpg\" alt=\"\" width=\"300\" height=\"225\" srcset=\"https:\/\/erasmusplus.al\/wp-content\/uploads\/2018\/10\/1-300x225.jpg 300w, https:\/\/erasmusplus.al\/wp-content\/uploads\/2018\/10\/1-768x576.jpg 768w, https:\/\/erasmusplus.al\/wp-content\/uploads\/2018\/10\/1-1024x768.jpg 1024w\" sizes=\"(max-width: 300px) 100vw, 300px\" \/><\/a> <a href=\"https:\/\/erasmusplus.al\/wp-content\/uploads\/2018\/10\/2.jpg\"><img loading=\"lazy\" decoding=\"async\" class=\"alignnone size-medium wp-image-3432\" src=\"https:\/\/erasmusplus.al\/wp-content\/uploads\/2018\/10\/2-300x225.jpg\" alt=\"\" width=\"300\" height=\"225\" srcset=\"https:\/\/erasmusplus.al\/wp-content\/uploads\/2018\/10\/2-300x225.jpg 300w, https:\/\/erasmusplus.al\/wp-content\/uploads\/2018\/10\/2-768x576.jpg 768w, https:\/\/erasmusplus.al\/wp-content\/uploads\/2018\/10\/2-1024x768.jpg 1024w\" sizes=\"(max-width: 300px) 100vw, 300px\" \/><\/a> <a href=\"https:\/\/erasmusplus.al\/wp-content\/uploads\/2018\/10\/3.jpg\"><img loading=\"lazy\" decoding=\"async\" class=\"alignnone size-medium wp-image-3433\" src=\"https:\/\/erasmusplus.al\/wp-content\/uploads\/2018\/10\/3-225x300.jpg\" alt=\"\" width=\"225\" height=\"300\" srcset=\"https:\/\/erasmusplus.al\/wp-content\/uploads\/2018\/10\/3-225x300.jpg 225w, https:\/\/erasmusplus.al\/wp-content\/uploads\/2018\/10\/3-768x1024.jpg 768w, https:\/\/erasmusplus.al\/wp-content\/uploads\/2018\/10\/3.jpg 1732w\" sizes=\"(max-width: 225px) 100vw, 225px\" \/><\/a> <a href=\"https:\/\/erasmusplus.al\/wp-content\/uploads\/2018\/10\/4.jpg\"><img loading=\"lazy\" decoding=\"async\" class=\"alignnone size-medium wp-image-3434\" src=\"https:\/\/erasmusplus.al\/wp-content\/uploads\/2018\/10\/4-225x300.jpg\" alt=\"\" width=\"225\" height=\"300\" srcset=\"https:\/\/erasmusplus.al\/wp-content\/uploads\/2018\/10\/4-225x300.jpg 225w, https:\/\/erasmusplus.al\/wp-content\/uploads\/2018\/10\/4-768x1024.jpg 768w, https:\/\/erasmusplus.al\/wp-content\/uploads\/2018\/10\/4.jpg 1732w\" sizes=\"(max-width: 225px) 100vw, 225px\" \/><\/a> <a href=\"https:\/\/erasmusplus.al\/wp-content\/uploads\/2018\/10\/5.jpg\"><img loading=\"lazy\" decoding=\"async\" class=\"alignnone size-medium wp-image-3435\" src=\"https:\/\/erasmusplus.al\/wp-content\/uploads\/2018\/10\/5-225x300.jpg\" alt=\"\" width=\"225\" height=\"300\" srcset=\"https:\/\/erasmusplus.al\/wp-content\/uploads\/2018\/10\/5-225x300.jpg 225w, https:\/\/erasmusplus.al\/wp-content\/uploads\/2018\/10\/5-768x1024.jpg 768w, https:\/\/erasmusplus.al\/wp-content\/uploads\/2018\/10\/5.jpg 1732w\" sizes=\"(max-width: 225px) 100vw, 225px\" \/><\/a> <a href=\"https:\/\/erasmusplus.al\/wp-content\/uploads\/2018\/10\/6.jpg\"><img loading=\"lazy\" decoding=\"async\" class=\"alignnone size-medium wp-image-3436\" src=\"https:\/\/erasmusplus.al\/wp-content\/uploads\/2018\/10\/6-225x300.jpg\" alt=\"\" width=\"225\" height=\"300\" srcset=\"https:\/\/erasmusplus.al\/wp-content\/uploads\/2018\/10\/6-225x300.jpg 225w, https:\/\/erasmusplus.al\/wp-content\/uploads\/2018\/10\/6-768x1024.jpg 768w, https:\/\/erasmusplus.al\/wp-content\/uploads\/2018\/10\/6.jpg 1732w\" sizes=\"(max-width: 225px) 100vw, 225px\" \/><\/a> <a href=\"https:\/\/erasmusplus.al\/wp-content\/uploads\/2018\/10\/7.jpg\"><img loading=\"lazy\" decoding=\"async\" class=\"alignnone size-medium wp-image-3437\" src=\"https:\/\/erasmusplus.al\/wp-content\/uploads\/2018\/10\/7-300x225.jpg\" alt=\"\" width=\"300\" height=\"225\" srcset=\"https:\/\/erasmusplus.al\/wp-content\/uploads\/2018\/10\/7-300x225.jpg 300w, https:\/\/erasmusplus.al\/wp-content\/uploads\/2018\/10\/7-768x576.jpg 768w, https:\/\/erasmusplus.al\/wp-content\/uploads\/2018\/10\/7-1024x768.jpg 1024w\" sizes=\"(max-width: 300px) 100vw, 300px\" \/><\/a><\/p>\n","protected":false},"excerpt":{"rendered":"<p>Stafi i ZKE+ nd\u00ebrmori vizit\u00ebn e impaktit t\u00eb projektit Tempus Mared. Ky aktivitet u zhvillua n\u00eb dy takimeve t\u00eb ve\u00e7anta, t\u00eb mbajtura n\u00eb e Universitetit \u201cLuigj Gurakuqi\u2019 t\u00eb Shkodr\u00ebs, m\u00eb dat\u00eb 10 korrik 2018 dhe n\u00eb ambientet e Universitetit \u201cIsmail Qemali t\u00eb Vlor\u00ebs, m\u00eb dat\u00eb \u00a027 shtator 2018. Projekti 3 vje\u00e7ar MArED mb\u00ebshteti nd\u00ebrtimin e [&hellip;]<\/p>\n","protected":false},"author":1,"featured_media":0,"comment_status":"closed","ping_status":"closed","sticky":false,"template":"","format":"standard","meta":{"_acf_changed":false,"_et_pb_use_builder":"","_et_pb_old_content":"","_et_gb_content_width":"","footnotes":""},"categories":[110],"tags":[],"class_list":["post-3439","post","type-post","status-publish","format-standard","hentry","category-aktivitete"],"acf":[],"_links":{"self":[{"href":"https:\/\/erasmusplus.al\/index.php?rest_route=\/wp\/v2\/posts\/3439","targetHints":{"allow":["GET"]}}],"collection":[{"href":"https:\/\/erasmusplus.al\/index.php?rest_route=\/wp\/v2\/posts"}],"about":[{"href":"https:\/\/erasmusplus.al\/index.php?rest_route=\/wp\/v2\/types\/post"}],"author":[{"embeddable":true,"href":"https:\/\/erasmusplus.al\/index.php?rest_route=\/wp\/v2\/users\/1"}],"replies":[{"embeddable":true,"href":"https:\/\/erasmusplus.al\/index.php?rest_route=%2Fwp%2Fv2%2Fcomments&post=3439"}],"version-history":[{"count":1,"href":"https:\/\/erasmusplus.al\/index.php?rest_route=\/wp\/v2\/posts\/3439\/revisions"}],"predecessor-version":[{"id":3440,"href":"https:\/\/erasmusplus.al\/index.php?rest_route=\/wp\/v2\/posts\/3439\/revisions\/3440"}],"wp:attachment":[{"href":"https:\/\/erasmusplus.al\/index.php?rest_route=%2Fwp%2Fv2%2Fmedia&parent=3439"}],"wp:term":[{"taxonomy":"category","embeddable":true,"href":"https:\/\/erasmusplus.al\/index.php?rest_route=%2Fwp%2Fv2%2Fcategories&post=3439"},{"taxonomy":"post_tag","embeddable":true,"href":"https:\/\/erasmusplus.al\/index.php?rest_route=%2Fwp%2Fv2%2Ftags&post=3439"}],"curies":[{"name":"wp","href":"https:\/\/api.w.org\/{rel}","templated":true}]}}