{"id":4662,"date":"2019-05-10T10:01:19","date_gmt":"2019-05-10T10:01:19","guid":{"rendered":"http:\/\/erasmusplus.al\/?p=4662"},"modified":"2019-05-18T10:02:04","modified_gmt":"2019-05-18T10:02:04","slug":"panairi-i-be","status":"publish","type":"post","link":"https:\/\/erasmusplus.al\/?p=4662&lang=sq","title":{"rendered":"Panairi i BE"},"content":{"rendered":"<p><span style=\"color: #000000;\">Me date 10 Maj Zyra Kombetare Erasmus+, ishte e pranishme ne panairin e BE-s\u00eb, ne aktivitetin m\u00eb te madh te Jav\u00ebs s\u00eb Evrop\u00ebs 2019, ne nje\u00a0 pasdite plot arg\u00ebtim, diskutime, muzik\u00eb, plot\u00ebsisht dedikuar Evrop\u00ebs dhe mbi te gjitha me shume informacione te vlefshme studimet ne Universitetet Europiane, programet e mobilitetit per student, bursat p\u00ebr studime Master, financimin e projekteve te bashk\u00ebpunimit mes universiteteve shqiptare dhe europiane nepermjet programit Erasmus+<\/span><\/p>\n<p><a href=\"https:\/\/erasmusplus.al\/wp-content\/uploads\/2019\/05\/panairi-BE.jpg\"><img loading=\"lazy\" decoding=\"async\" class=\"alignnone size-medium wp-image-4660\" src=\"https:\/\/erasmusplus.al\/wp-content\/uploads\/2019\/05\/panairi-BE-300x225.jpg\" alt=\"\" width=\"300\" height=\"225\" srcset=\"https:\/\/erasmusplus.al\/wp-content\/uploads\/2019\/05\/panairi-BE-300x225.jpg 300w, https:\/\/erasmusplus.al\/wp-content\/uploads\/2019\/05\/panairi-BE-768x576.jpg 768w, https:\/\/erasmusplus.al\/wp-content\/uploads\/2019\/05\/panairi-BE-1024x768.jpg 1024w, https:\/\/erasmusplus.al\/wp-content\/uploads\/2019\/05\/panairi-BE.jpg 1033w\" sizes=\"(max-width: 300px) 100vw, 300px\" \/><\/a><\/p>\n","protected":false},"excerpt":{"rendered":"<p>Me date 10 Maj Zyra Kombetare Erasmus+, ishte e pranishme ne panairin e BE-s\u00eb, ne aktivitetin m\u00eb te madh te Jav\u00ebs s\u00eb Evrop\u00ebs 2019, ne nje\u00a0 pasdite plot arg\u00ebtim, diskutime, muzik\u00eb, plot\u00ebsisht dedikuar Evrop\u00ebs dhe mbi te gjitha me shume informacione te vlefshme studimet ne Universitetet Europiane, programet e mobilitetit per student, bursat p\u00ebr studime [&hellip;]<\/p>\n","protected":false},"author":1,"featured_media":0,"comment_status":"closed","ping_status":"closed","sticky":false,"template":"","format":"standard","meta":{"_acf_changed":false,"_et_pb_use_builder":"","_et_pb_old_content":"","_et_gb_content_width":"","footnotes":""},"categories":[110],"tags":[],"class_list":["post-4662","post","type-post","status-publish","format-standard","hentry","category-aktivitete"],"acf":[],"_links":{"self":[{"href":"https:\/\/erasmusplus.al\/index.php?rest_route=\/wp\/v2\/posts\/4662","targetHints":{"allow":["GET"]}}],"collection":[{"href":"https:\/\/erasmusplus.al\/index.php?rest_route=\/wp\/v2\/posts"}],"about":[{"href":"https:\/\/erasmusplus.al\/index.php?rest_route=\/wp\/v2\/types\/post"}],"author":[{"embeddable":true,"href":"https:\/\/erasmusplus.al\/index.php?rest_route=\/wp\/v2\/users\/1"}],"replies":[{"embeddable":true,"href":"https:\/\/erasmusplus.al\/index.php?rest_route=%2Fwp%2Fv2%2Fcomments&post=4662"}],"version-history":[{"count":1,"href":"https:\/\/erasmusplus.al\/index.php?rest_route=\/wp\/v2\/posts\/4662\/revisions"}],"predecessor-version":[{"id":4663,"href":"https:\/\/erasmusplus.al\/index.php?rest_route=\/wp\/v2\/posts\/4662\/revisions\/4663"}],"wp:attachment":[{"href":"https:\/\/erasmusplus.al\/index.php?rest_route=%2Fwp%2Fv2%2Fmedia&parent=4662"}],"wp:term":[{"taxonomy":"category","embeddable":true,"href":"https:\/\/erasmusplus.al\/index.php?rest_route=%2Fwp%2Fv2%2Fcategories&post=4662"},{"taxonomy":"post_tag","embeddable":true,"href":"https:\/\/erasmusplus.al\/index.php?rest_route=%2Fwp%2Fv2%2Ftags&post=4662"}],"curies":[{"name":"wp","href":"https:\/\/api.w.org\/{rel}","templated":true}]}}