{"id":4679,"date":"2019-05-30T17:08:51","date_gmt":"2019-05-30T17:08:51","guid":{"rendered":"http:\/\/erasmusplus.al\/?p=4679"},"modified":"2019-05-30T17:09:42","modified_gmt":"2019-05-30T17:09:42","slug":"dite-informuese-mbi-programin-erasmus-ne-universitetin-ismail-qemali-vlore","status":"publish","type":"post","link":"https:\/\/erasmusplus.al\/?p=4679&lang=sq","title":{"rendered":"Dit\u00eb Informuese mbi Programin Erasmus+ n\u00eb Universitetin \u201cIsmail Qemali\u201d, Vlor\u00eb"},"content":{"rendered":"<p><span style=\"color: #000000;\"><strong>Data:<\/strong> 31 Maj 2019<\/span><\/p>\n<p><span style=\"color: #000000;\"><strong>Vendi:<\/strong> Universiteti \u201cIsmail Qemali\u201d Vlor\u00ebs.<\/span><\/p>\n<p><span style=\"color: #000000;\"><strong>Tema:<\/strong> Takim Informaciondh\u00ebn\u00ebs<\/span><\/p>\n<p><span style=\"color: #000000;\">Nj\u00eb nga m\u00ebnyrat m\u00eb t\u00eb thjeshta p\u00ebr t\u00eb m\u00ebsuar m\u00eb tep\u00ebr p\u00ebr Erasmus+ \u00ebsht\u00eb t\u00eb merrni pjes\u00eb n\u00eb aktivitetet e Info Sessions qe zyra komb\u00ebtare Erasmus+ organizon.<\/span><\/p>\n<p><span style=\"color: #000000;\">K\u00ebt\u00eb t\u00eb Premte, dat\u00eb 31 Maj, ju ftojm\u00eb n\u00eb ambjentet n\u00eb Universitetit t\u00eb Vlor\u00ebs p\u00ebr t\u00eb biseduar me tep\u00ebr dhe jemi t\u00eb hapur p\u00ebr pyetjet tuaja.<\/span><\/p>\n<p>&nbsp;<\/p>\n<p><span style=\"color: #000000;\">Tek linku me poshte gjeni axhenden:<\/span><\/p>\n<p><span style=\"color: #0000ff;\"><a style=\"color: #0000ff; text-decoration: underline;\" href=\"https:\/\/erasmusplus.al\/wp-content\/uploads\/2019\/05\/Regional-Info-Day-Erasmus-31-May-2019.pdf\">Regional Info Day Erasmus+ 31 May 2019<\/a><\/span><\/p>\n<p><a href=\"https:\/\/erasmusplus.al\/wp-content\/uploads\/2019\/05\/latest-news-foto.jpg\"><img loading=\"lazy\" decoding=\"async\" class=\"alignnone size-medium wp-image-4671\" src=\"https:\/\/erasmusplus.al\/wp-content\/uploads\/2019\/05\/latest-news-foto-300x113.jpg\" alt=\"\" width=\"300\" height=\"113\" srcset=\"https:\/\/erasmusplus.al\/wp-content\/uploads\/2019\/05\/latest-news-foto-300x113.jpg 300w, https:\/\/erasmusplus.al\/wp-content\/uploads\/2019\/05\/latest-news-foto-768x288.jpg 768w, https:\/\/erasmusplus.al\/wp-content\/uploads\/2019\/05\/latest-news-foto-1024x384.jpg 1024w, https:\/\/erasmusplus.al\/wp-content\/uploads\/2019\/05\/latest-news-foto.jpg 1200w\" sizes=\"(max-width: 300px) 100vw, 300px\" \/><\/a><\/p>\n","protected":false},"excerpt":{"rendered":"<p>Data: 31 Maj 2019 Vendi: Universiteti \u201cIsmail Qemali\u201d Vlor\u00ebs. Tema: Takim Informaciondh\u00ebn\u00ebs Nj\u00eb nga m\u00ebnyrat m\u00eb t\u00eb thjeshta p\u00ebr t\u00eb m\u00ebsuar m\u00eb tep\u00ebr p\u00ebr Erasmus+ \u00ebsht\u00eb t\u00eb merrni pjes\u00eb n\u00eb aktivitetet e Info Sessions qe zyra komb\u00ebtare Erasmus+ organizon. K\u00ebt\u00eb t\u00eb Premte, dat\u00eb 31 Maj, ju ftojm\u00eb n\u00eb ambjentet n\u00eb Universitetit t\u00eb Vlor\u00ebs p\u00ebr t\u00eb [&hellip;]<\/p>\n","protected":false},"author":1,"featured_media":0,"comment_status":"closed","ping_status":"closed","sticky":false,"template":"","format":"standard","meta":{"_acf_changed":false,"_et_pb_use_builder":"","_et_pb_old_content":"","_et_gb_content_width":"","footnotes":""},"categories":[107],"tags":[],"class_list":["post-4679","post","type-post","status-publish","format-standard","hentry","category-njoftime-sq"],"acf":[],"_links":{"self":[{"href":"https:\/\/erasmusplus.al\/index.php?rest_route=\/wp\/v2\/posts\/4679","targetHints":{"allow":["GET"]}}],"collection":[{"href":"https:\/\/erasmusplus.al\/index.php?rest_route=\/wp\/v2\/posts"}],"about":[{"href":"https:\/\/erasmusplus.al\/index.php?rest_route=\/wp\/v2\/types\/post"}],"author":[{"embeddable":true,"href":"https:\/\/erasmusplus.al\/index.php?rest_route=\/wp\/v2\/users\/1"}],"replies":[{"embeddable":true,"href":"https:\/\/erasmusplus.al\/index.php?rest_route=%2Fwp%2Fv2%2Fcomments&post=4679"}],"version-history":[{"count":2,"href":"https:\/\/erasmusplus.al\/index.php?rest_route=\/wp\/v2\/posts\/4679\/revisions"}],"predecessor-version":[{"id":4681,"href":"https:\/\/erasmusplus.al\/index.php?rest_route=\/wp\/v2\/posts\/4679\/revisions\/4681"}],"wp:attachment":[{"href":"https:\/\/erasmusplus.al\/index.php?rest_route=%2Fwp%2Fv2%2Fmedia&parent=4679"}],"wp:term":[{"taxonomy":"category","embeddable":true,"href":"https:\/\/erasmusplus.al\/index.php?rest_route=%2Fwp%2Fv2%2Fcategories&post=4679"},{"taxonomy":"post_tag","embeddable":true,"href":"https:\/\/erasmusplus.al\/index.php?rest_route=%2Fwp%2Fv2%2Ftags&post=4679"}],"curies":[{"name":"wp","href":"https:\/\/api.w.org\/{rel}","templated":true}]}}