{"id":4696,"date":"2019-07-29T13:52:05","date_gmt":"2019-07-29T13:52:05","guid":{"rendered":"http:\/\/erasmusplus.al\/?p=4696"},"modified":"2019-07-29T13:54:44","modified_gmt":"2019-07-29T13:54:44","slug":"seminar-dhe-konference-here-shqiperi-korce-date-24-maj","status":"publish","type":"post","link":"https:\/\/erasmusplus.al\/?p=4696&lang=sq","title":{"rendered":"Seminar dhe Konferenc\u00eb HERE Shqip\u00ebri, Kor\u00e7\u00eb, dat\u00eb 24 Maj."},"content":{"rendered":"<p><span style=\"color: #000000;\">N\u00eb dat\u00ebn 24 Maj 2019, n\u00eb ambjentet e Rektoratit t\u00eb Universitetit \u201cFan Noli\u201d, t\u00eb Kor\u00e7\u00ebs u zhvillua seminari \u201cReformimi i programeve t\u00eb studimit: P\u00ebrgatitja e standardeve akademike\u201d. Aktiviteti \u00ebsht\u00eb n\u00eb kuad\u00ebr t\u00eb rritjes t\u00eb kapaciteteve m\u00ebsimdh\u00ebn\u00ebs, n\u00eb p\u00ebrgatitjen e standardeve akademike, n\u00eb perputhje me aktet n\u00ebnligjore dhe procesin Bologna. Seminari kishte nj\u00eb audience t\u00eb gjer\u00eb t\u00eb pedagog\u00ebve, zv rektorja e Universitetit t\u00eb Kor\u00e7\u00ebs si dhe koordinator\u00eb t\u00eb programeve t\u00eb studimit.<\/span><\/p>\n<p><span style=\"color: #000000;\">\u00a0Objektivat e aktivitetit jan\u00eb: (a) T\u00eb transferoj\u00eb njohurit\u00eb p\u00ebr elementet e standardeve akademike n\u00eb dy fusha te r\u00ebnd\u00ebsishme: M\u00ebsuesia dhe Inxhinieria, (b)T\u00eb ngrej\u00eb kapacitetet p\u00ebr zbatimin real t\u00eb standardeve akademike n\u00eb proceset e projektimit, rishikimit dhe p\u00ebrmir\u00ebsimit t\u00eb programeve t\u00eb studimit. (c) T\u00eb paraqes praktika t\u00eb mira p\u00ebr forcimin e aft\u00ebsive praktike t\u00eb studenteve me fokus n\u00eb Bujq\u00ebsi dhe Shkencat e Veterinaris\u00eb. Seminari sh\u00ebrbeu, p\u00ebrve\u00e7 rezultateve t\u00eb pritshme edhe p\u00ebr transferimin e p\u00ebrvoj\u00ebs n\u00eb drejtim t\u00eb pro\u00e7eseve t\u00eb projektimit, rishikimit dhe riorganizimit t\u00eb programeve t\u00eb studimit, n\u00eb p\u00ebrputhje me k\u00ebrkesat e ligjit te AL dhe akteve n\u00ebnligjore p\u00ebrkat\u00ebse.<\/span><\/p>\n<p><span style=\"color: #000000;\">Sensibilizimin e personelit akademik dhe t\u00eb strukturave drejtuese p\u00ebr t\u00eb nd\u00ebrtuar procese reale te rishikimit dhe \/ose riorganizimit t\u00eb programeve t\u00eb studimit si edhe \u00a0ngritje kapacitetesh p\u00ebr t\u00eb kuptuar m\u00eb mir\u00eb k\u00ebrkesat e kodit t\u00eb cil\u00ebsis\u00eb n\u00eb lidhje me programet e studimit<\/span><\/p>\n<p><span style=\"color: #000000;\">Nj\u00eb fokus t\u00eb vecant jua dha rritjes dhe mb\u00ebshtetjeve t\u00eb studenteve dhe p\u00ebrfshirjen e t\u00eb gjith\u00eb partnereve sociale, sidomos pushtetin lokal dhe\u00a0 komunitetin e biznesit.<\/span><\/p>\n<p><span style=\"color: #000000;\">Aktiviteti i dat\u00ebs 24 Maj, vazhdoi me Konferenc\u00ebn e Par\u00eb Nd\u00ebrkomb\u00ebtare me tem\u00eb: \u201cAplikimi i k\u00ebrkimit shkencor dhe metodat e edukimit\u201d, RAEM (Research Applicaions and Educational Methods). Konferenca kishte p\u00ebr q\u00ebllim t\u00eb sillte n\u00eb fokus problemet kryesore q\u00eb kan\u00eb universitetet brenda dhe jasht\u00eb vendit n\u00eb lidhje me zbatimin e k\u00ebrkimit shkencor dhe metodat e edukimit. Grupi i eksperteve \u00a0t\u00eb reformave n\u00eb arsimin e lart\u00eb, prezantoi raste studimore n\u00eb programet e inxhinieris\u00eb dhe t\u00eb biologjis\u00eb.<\/span><\/p>\n<p><a href=\"https:\/\/erasmusplus.al\/wp-content\/uploads\/2019\/07\/here3.jpeg\"><img loading=\"lazy\" decoding=\"async\" class=\"alignnone size-medium wp-image-4693\" src=\"https:\/\/erasmusplus.al\/wp-content\/uploads\/2019\/07\/here3-300x169.jpeg\" alt=\"\" width=\"300\" height=\"169\" srcset=\"https:\/\/erasmusplus.al\/wp-content\/uploads\/2019\/07\/here3-300x169.jpeg 300w, https:\/\/erasmusplus.al\/wp-content\/uploads\/2019\/07\/here3-768x432.jpeg 768w, https:\/\/erasmusplus.al\/wp-content\/uploads\/2019\/07\/here3-1024x576.jpeg 1024w, https:\/\/erasmusplus.al\/wp-content\/uploads\/2019\/07\/here3.jpeg 1280w\" sizes=\"(max-width: 300px) 100vw, 300px\" \/><\/a><a href=\"https:\/\/erasmusplus.al\/wp-content\/uploads\/2019\/07\/here.jpeg\"> <img loading=\"lazy\" decoding=\"async\" class=\"alignnone size-medium wp-image-4691\" src=\"https:\/\/erasmusplus.al\/wp-content\/uploads\/2019\/07\/here-300x169.jpeg\" alt=\"\" width=\"300\" height=\"169\" srcset=\"https:\/\/erasmusplus.al\/wp-content\/uploads\/2019\/07\/here-300x169.jpeg 300w, https:\/\/erasmusplus.al\/wp-content\/uploads\/2019\/07\/here-768x432.jpeg 768w, https:\/\/erasmusplus.al\/wp-content\/uploads\/2019\/07\/here-1024x576.jpeg 1024w, https:\/\/erasmusplus.al\/wp-content\/uploads\/2019\/07\/here.jpeg 1280w\" sizes=\"(max-width: 300px) 100vw, 300px\" \/><\/a> <a href=\"https:\/\/erasmusplus.al\/wp-content\/uploads\/2019\/07\/here2.jpeg\"><img loading=\"lazy\" decoding=\"async\" class=\"alignnone size-medium wp-image-4692\" src=\"https:\/\/erasmusplus.al\/wp-content\/uploads\/2019\/07\/here2-300x169.jpeg\" alt=\"\" width=\"300\" height=\"169\" srcset=\"https:\/\/erasmusplus.al\/wp-content\/uploads\/2019\/07\/here2-300x169.jpeg 300w, https:\/\/erasmusplus.al\/wp-content\/uploads\/2019\/07\/here2-768x432.jpeg 768w, https:\/\/erasmusplus.al\/wp-content\/uploads\/2019\/07\/here2-1024x576.jpeg 1024w, https:\/\/erasmusplus.al\/wp-content\/uploads\/2019\/07\/here2.jpeg 1280w\" sizes=\"(max-width: 300px) 100vw, 300px\" \/><\/a><\/p>\n<p><span style=\"color: #0000ff;\"><a style=\"color: #0000ff;\" href=\"https:\/\/erasmusplus.al\/wp-content\/uploads\/2019\/07\/Agenda-HERE-24052019-Korce.pdf\">Program<\/a><\/span><\/p>\n<p><span style=\"color: #0000ff;\"><a style=\"color: #0000ff;\" href=\"https:\/\/erasmusplus.al\/wp-content\/uploads\/2019\/07\/FORCIMI-I-AFT\u00cbSIVE-PRAKTIKE-.-MIRA-SHEHU.pdf\">Prezantimi<\/a><\/span><\/p>\n","protected":false},"excerpt":{"rendered":"<p>N\u00eb dat\u00ebn 24 Maj 2019, n\u00eb ambjentet e Rektoratit t\u00eb Universitetit \u201cFan Noli\u201d, t\u00eb Kor\u00e7\u00ebs u zhvillua seminari \u201cReformimi i programeve t\u00eb studimit: P\u00ebrgatitja e standardeve akademike\u201d. Aktiviteti \u00ebsht\u00eb n\u00eb kuad\u00ebr t\u00eb rritjes t\u00eb kapaciteteve m\u00ebsimdh\u00ebn\u00ebs, n\u00eb p\u00ebrgatitjen e standardeve akademike, n\u00eb perputhje me aktet n\u00ebnligjore dhe procesin Bologna. Seminari kishte nj\u00eb audience t\u00eb gjer\u00eb [&hellip;]<\/p>\n","protected":false},"author":1,"featured_media":0,"comment_status":"closed","ping_status":"closed","sticky":false,"template":"","format":"standard","meta":{"_acf_changed":false,"_et_pb_use_builder":"","_et_pb_old_content":"","_et_gb_content_width":"","footnotes":""},"categories":[114],"tags":[],"class_list":["post-4696","post","type-post","status-publish","format-standard","hentry","category-here-aktivitete"],"acf":[],"_links":{"self":[{"href":"https:\/\/erasmusplus.al\/index.php?rest_route=\/wp\/v2\/posts\/4696","targetHints":{"allow":["GET"]}}],"collection":[{"href":"https:\/\/erasmusplus.al\/index.php?rest_route=\/wp\/v2\/posts"}],"about":[{"href":"https:\/\/erasmusplus.al\/index.php?rest_route=\/wp\/v2\/types\/post"}],"author":[{"embeddable":true,"href":"https:\/\/erasmusplus.al\/index.php?rest_route=\/wp\/v2\/users\/1"}],"replies":[{"embeddable":true,"href":"https:\/\/erasmusplus.al\/index.php?rest_route=%2Fwp%2Fv2%2Fcomments&post=4696"}],"version-history":[{"count":2,"href":"https:\/\/erasmusplus.al\/index.php?rest_route=\/wp\/v2\/posts\/4696\/revisions"}],"predecessor-version":[{"id":4698,"href":"https:\/\/erasmusplus.al\/index.php?rest_route=\/wp\/v2\/posts\/4696\/revisions\/4698"}],"wp:attachment":[{"href":"https:\/\/erasmusplus.al\/index.php?rest_route=%2Fwp%2Fv2%2Fmedia&parent=4696"}],"wp:term":[{"taxonomy":"category","embeddable":true,"href":"https:\/\/erasmusplus.al\/index.php?rest_route=%2Fwp%2Fv2%2Fcategories&post=4696"},{"taxonomy":"post_tag","embeddable":true,"href":"https:\/\/erasmusplus.al\/index.php?rest_route=%2Fwp%2Fv2%2Ftags&post=4696"}],"curies":[{"name":"wp","href":"https:\/\/api.w.org\/{rel}","templated":true}]}}