{"id":4707,"date":"2019-10-11T18:36:35","date_gmt":"2019-10-11T18:36:35","guid":{"rendered":"http:\/\/erasmusplus.al\/?p=4707"},"modified":"2019-10-11T18:36:35","modified_gmt":"2019-10-11T18:36:35","slug":"erasmusquiz-aktivitet-ne-kuader-te-diteve-nderkombetare-erasmus","status":"publish","type":"post","link":"https:\/\/erasmusplus.al\/?p=4707&lang=sq","title":{"rendered":"Erasmus+Quiz, aktivitet n\u00eb kuad\u00ebr te dit\u00ebve nd\u00ebrkomb\u00ebtare Erasmus+"},"content":{"rendered":"<p><span style=\"color: #000000;\">Aktiviteti Erasmus+Quiz \u00ebsht\u00eb nj\u00eb nd\u00ebr aktivitetet\u00a0 q\u00eb zhvillohen n\u00eb qytetin e Tiran\u00ebs n\u00eb kuad\u00ebr t\u00eb Erasmus+Days 2019. Pyet\u00ebsori do t\u00eb jet\u00eb p\u00ebrq\u00ebndruar n\u00eb programet Erasmus+, njohuri mbi mund\u00ebsit\u00eb q\u00eb ofron programi, eksperiencat, vendet dhe kulturat q\u00eb p\u00ebrfshihen n\u00eb k\u00ebt\u00eb program.<\/span><\/p>\n<p>&nbsp;<\/p>\n<p><span style=\"color: #000000;\">Zyra Erasmus+ n\u00eb Tiran\u00eb fton n\u00eb or\u00ebn 20:00, dat\u00eb 12 Tetor, n\u00eb Destil Tirana, t\u00eb gjith\u00eb ata q\u00eb kan\u00eb eksperienc\u00eb t\u00eb d\u00ebgjuar dhe jetuar, ata q\u00eb kan\u00eb nevoj\u00eb t\u00eb mesojn\u00eb m\u00eb shum\u00eb p\u00ebr Erasmus+ dhe t\u00eb gjith\u00eb ata q\u00eb kan\u00eb d\u00ebshir\u00eb t\u00eb arg\u00ebtohen.<\/span><\/p>\n<p><span style=\"color: #000000;\">\u00c7mimet p\u00ebr fituesit, nuk do t\u00eb mungojn\u00eb<\/span><\/p>\n<p><a href=\"https:\/\/erasmusplus.al\/wp-content\/uploads\/2019\/10\/poster-12.jpg\"><img loading=\"lazy\" decoding=\"async\" class=\"alignnone size-medium wp-image-4703\" src=\"https:\/\/erasmusplus.al\/wp-content\/uploads\/2019\/10\/poster-12-300x159.jpg\" alt=\"\" width=\"300\" height=\"159\" srcset=\"https:\/\/erasmusplus.al\/wp-content\/uploads\/2019\/10\/poster-12-300x159.jpg 300w, https:\/\/erasmusplus.al\/wp-content\/uploads\/2019\/10\/poster-12-768x406.jpg 768w, https:\/\/erasmusplus.al\/wp-content\/uploads\/2019\/10\/poster-12-1024x542.jpg 1024w, https:\/\/erasmusplus.al\/wp-content\/uploads\/2019\/10\/poster-12.jpg 1191w\" sizes=\"(max-width: 300px) 100vw, 300px\" \/><\/a><\/p>\n","protected":false},"excerpt":{"rendered":"<p>Aktiviteti Erasmus+Quiz \u00ebsht\u00eb nj\u00eb nd\u00ebr aktivitetet\u00a0 q\u00eb zhvillohen n\u00eb qytetin e Tiran\u00ebs n\u00eb kuad\u00ebr t\u00eb Erasmus+Days 2019. Pyet\u00ebsori do t\u00eb jet\u00eb p\u00ebrq\u00ebndruar n\u00eb programet Erasmus+, njohuri mbi mund\u00ebsit\u00eb q\u00eb ofron programi, eksperiencat, vendet dhe kulturat q\u00eb p\u00ebrfshihen n\u00eb k\u00ebt\u00eb program. &nbsp; Zyra Erasmus+ n\u00eb Tiran\u00eb fton n\u00eb or\u00ebn 20:00, dat\u00eb 12 Tetor, n\u00eb Destil Tirana, [&hellip;]<\/p>\n","protected":false},"author":1,"featured_media":0,"comment_status":"closed","ping_status":"closed","sticky":false,"template":"","format":"standard","meta":{"_acf_changed":false,"_et_pb_use_builder":"","_et_pb_old_content":"","_et_gb_content_width":"","footnotes":""},"categories":[107],"tags":[],"class_list":["post-4707","post","type-post","status-publish","format-standard","hentry","category-njoftime-sq"],"acf":[],"_links":{"self":[{"href":"https:\/\/erasmusplus.al\/index.php?rest_route=\/wp\/v2\/posts\/4707","targetHints":{"allow":["GET"]}}],"collection":[{"href":"https:\/\/erasmusplus.al\/index.php?rest_route=\/wp\/v2\/posts"}],"about":[{"href":"https:\/\/erasmusplus.al\/index.php?rest_route=\/wp\/v2\/types\/post"}],"author":[{"embeddable":true,"href":"https:\/\/erasmusplus.al\/index.php?rest_route=\/wp\/v2\/users\/1"}],"replies":[{"embeddable":true,"href":"https:\/\/erasmusplus.al\/index.php?rest_route=%2Fwp%2Fv2%2Fcomments&post=4707"}],"version-history":[{"count":1,"href":"https:\/\/erasmusplus.al\/index.php?rest_route=\/wp\/v2\/posts\/4707\/revisions"}],"predecessor-version":[{"id":4708,"href":"https:\/\/erasmusplus.al\/index.php?rest_route=\/wp\/v2\/posts\/4707\/revisions\/4708"}],"wp:attachment":[{"href":"https:\/\/erasmusplus.al\/index.php?rest_route=%2Fwp%2Fv2%2Fmedia&parent=4707"}],"wp:term":[{"taxonomy":"category","embeddable":true,"href":"https:\/\/erasmusplus.al\/index.php?rest_route=%2Fwp%2Fv2%2Fcategories&post=4707"},{"taxonomy":"post_tag","embeddable":true,"href":"https:\/\/erasmusplus.al\/index.php?rest_route=%2Fwp%2Fv2%2Ftags&post=4707"}],"curies":[{"name":"wp","href":"https:\/\/api.w.org\/{rel}","templated":true}]}}