{"id":4720,"date":"2019-11-04T14:39:43","date_gmt":"2019-11-04T14:39:43","guid":{"rendered":"http:\/\/erasmusplus.al\/?p=4720"},"modified":"2019-11-04T14:57:06","modified_gmt":"2019-11-04T14:57:06","slug":"seminar-rajonal-here-ekpertet-e-reformave-te-arsimin-e-larte","status":"publish","type":"post","link":"https:\/\/erasmusplus.al\/?p=4720&lang=sq","title":{"rendered":"SEMINAR RAJONAL HERE- EKPERTET E REFORMAVE TE ARSIMIN E LARTE"},"content":{"rendered":"<h4 class=\"m_-2713482194468727906MsoTitleCxSpLast\"><span style=\"color: #000000;\"><strong>NE MBESHTETJE TE PERPJEKJEVE PER TE PERFORCUAR DIMENSIONIN SOCIAL NE ARSIMIN E LARTE.<\/strong><u><\/u><u><\/u><\/span><\/h4>\n<p class=\"m_-2713482194468727906DetailsCxSpFirst\"><span style=\"color: #000000;\">Me pjes\u00ebmarrjen e :<u><\/u><u><\/u><\/span><\/p>\n<p class=\"m_-2713482194468727906DetailsCxSpMiddle\"><span style=\"color: #000000;\">-HERE dhe NEO nga vendet e rajonit<u><\/u><u><\/u><\/span><\/p>\n<p class=\"m_-2713482194468727906DetailsCxSpMiddle\"><span style=\"color: #000000;\">-An\u00ebtar senati te komisionit te planit strategjik<u><\/u><u><\/u><\/span><\/p>\n<p class=\"m_-2713482194468727906DetailsCxSpMiddle\"><span style=\"color: #000000;\">-ASCAL<u><\/u><u><\/u><\/span><\/p>\n<p class=\"m_-2713482194468727906DetailsCxSpMiddle\"><span style=\"color: #000000;\">-P\u00ebrgjegj\u00ebs departamenti<u><\/u><u><\/u><\/span><\/p>\n<p class=\"m_-2713482194468727906DetailsCxSpMiddle\"><span style=\"color: #000000;\">-Koordinator programi studimi<u><\/u><u><\/u><\/span><\/p>\n<p class=\"m_-2713482194468727906DetailsCxSpMiddle\"><span style=\"color: #000000;\">-Perfaq\u00ebsues t\u00eb studenteve<u><\/u><u><\/u><\/span><\/p>\n<p class=\"m_-2713482194468727906DetailsCxSpMiddle\"><span style=\"color: #000000;\">-Perfaq\u00ebsues t\u00eb zyrave SC dhe Karrier\u00ebs.<u><\/u><u><\/u><\/span><\/p>\n<p class=\"m_-2713482194468727906DetailsCxSpMiddle\"><span class=\"m_-2713482194468727906Bold\" style=\"color: #000000;\"><u><\/u>&nbsp;<u><\/u><\/span><\/p>\n<p class=\"m_-2713482194468727906DetailsCxSpMiddle\"><span style=\"color: #000000;\"><span class=\"m_-2713482194468727906Bold\">Dat\u00eb:&nbsp;<\/span>&nbsp;26 N\u00ebntor&nbsp; 2019<u><\/u><u><\/u><\/span><\/p>\n<p class=\"m_-2713482194468727906DetailsCxSpMiddle\"><span style=\"color: #000000;\"><span class=\"m_-2713482194468727906Bold\">Ora:&nbsp;&nbsp;&nbsp;&nbsp;<\/span>9.30- 16.00<u><\/u><u><\/u><\/span><\/p>\n<p class=\"m_-2713482194468727906DetailsCxSpMiddle\"><span style=\"color: #000000;\"><b>Institucioni prit\u00ebs<\/b>: Universiteti i Tiran\u00ebs, Fakulteti I shkencave t\u00eb , Tiran\u00eb<\/span><\/p>\n","protected":false},"excerpt":{"rendered":"<p>NE MBESHTETJE TE PERPJEKJEVE PER TE PERFORCUAR DIMENSIONIN SOCIAL NE ARSIMIN E LARTE. Me pjes\u00ebmarrjen e : -HERE dhe NEO nga vendet e rajonit -An\u00ebtar senati te komisionit te planit strategjik -ASCAL -P\u00ebrgjegj\u00ebs departamenti -Koordinator programi studimi -Perfaq\u00ebsues t\u00eb studenteve -Perfaq\u00ebsues t\u00eb zyrave SC dhe Karrier\u00ebs. &nbsp; Dat\u00eb:&nbsp;&nbsp;26 N\u00ebntor&nbsp; 2019 Ora:&nbsp;&nbsp;&nbsp;&nbsp;9.30- 16.00 Institucioni prit\u00ebs: Universiteti [&hellip;]<\/p>\n","protected":false},"author":1,"featured_media":0,"comment_status":"closed","ping_status":"closed","sticky":false,"template":"","format":"standard","meta":{"_acf_changed":false,"_et_pb_use_builder":"","_et_pb_old_content":"","_et_gb_content_width":"","footnotes":""},"categories":[107],"tags":[],"class_list":["post-4720","post","type-post","status-publish","format-standard","hentry","category-njoftime-sq"],"acf":[],"_links":{"self":[{"href":"https:\/\/erasmusplus.al\/index.php?rest_route=\/wp\/v2\/posts\/4720","targetHints":{"allow":["GET"]}}],"collection":[{"href":"https:\/\/erasmusplus.al\/index.php?rest_route=\/wp\/v2\/posts"}],"about":[{"href":"https:\/\/erasmusplus.al\/index.php?rest_route=\/wp\/v2\/types\/post"}],"author":[{"embeddable":true,"href":"https:\/\/erasmusplus.al\/index.php?rest_route=\/wp\/v2\/users\/1"}],"replies":[{"embeddable":true,"href":"https:\/\/erasmusplus.al\/index.php?rest_route=%2Fwp%2Fv2%2Fcomments&post=4720"}],"version-history":[{"count":2,"href":"https:\/\/erasmusplus.al\/index.php?rest_route=\/wp\/v2\/posts\/4720\/revisions"}],"predecessor-version":[{"id":4723,"href":"https:\/\/erasmusplus.al\/index.php?rest_route=\/wp\/v2\/posts\/4720\/revisions\/4723"}],"wp:attachment":[{"href":"https:\/\/erasmusplus.al\/index.php?rest_route=%2Fwp%2Fv2%2Fmedia&parent=4720"}],"wp:term":[{"taxonomy":"category","embeddable":true,"href":"https:\/\/erasmusplus.al\/index.php?rest_route=%2Fwp%2Fv2%2Fcategories&post=4720"},{"taxonomy":"post_tag","embeddable":true,"href":"https:\/\/erasmusplus.al\/index.php?rest_route=%2Fwp%2Fv2%2Ftags&post=4720"}],"curies":[{"name":"wp","href":"https:\/\/api.w.org\/{rel}","templated":true}]}}