{"id":4795,"date":"2020-01-09T14:22:12","date_gmt":"2020-01-09T14:22:12","guid":{"rendered":"http:\/\/erasmusplus.al\/?p=4795"},"modified":"2020-08-28T11:12:56","modified_gmt":"2020-08-28T11:12:56","slug":"trajnimi-si-te-shkruajme-nje-projekt-te-sukseshem-ne-erasmus-plus-programi-ndertim-kapacitetesh-ne-arsimin-e-larte-cbhe","status":"publish","type":"post","link":"https:\/\/erasmusplus.al\/?p=4795&lang=sq","title":{"rendered":"Trajnimi: Si t\u00eb shkruajm\u00eb nj\u00eb Projekt t\u00eb Suksesh\u00ebm n\u00eb Erasmus Plus &#8211; programi \u201cNd\u00ebrtim Kapacitetesh n\u00eb Arsimin e Lart\u00eb\u201d (CBHE)"},"content":{"rendered":"<p><span style=\"color: #000000;\"><strong>Dat\u00eb:<\/strong> 09 Janar, 2020<\/span><\/p>\n<p><span style=\"color: #000000;\"><strong>Vendodhja:<\/strong> Hotel Tirana \u201cInternational\u201d, Tiran\u00eb<\/span><\/p>\n<p><span style=\"color: #000000;\"><strong>Organizuar:<\/strong> Zyra Komb\u00ebtare Erasmus+ n\u00eb bashk\u00ebpunim me \u2018\u2018Union programmes in Albania\u2019\u2019<\/span><\/p>\n<p><span style=\"color: #000000;\">Zyra Komb\u00ebtare Erasmus+ n\u00eb bashk\u00ebpunim me \u2018\u2018Union programmes in Albania\u2019\u2019 organizuan n\u00eb dat\u00ebn 9 Janar 2020, trajnimin nj\u00eb ditor lidhur me aplikimin p\u00ebr projektet \u2018\u2018Rritja e Kapaciteteve n\u00eb Fush\u00ebn e Arsimit t\u00eb lart\u00eb\u2019\u2019 -CBHE -KA2, \u201cSi t\u00eb shkruajm\u00eb nj\u00eb Projekt t\u00eb Suksesh\u00ebm n\u00eb Erasmus Plus &#8211; programi \u201cNd\u00ebrtim Kapacitetesh n\u00eb Arsimin e Lart\u00eb\u201d (CBHE)\u201d<\/span><\/p>\n<p><a href=\"https:\/\/erasmusplus.al\/wp-content\/uploads\/2020\/02\/1-4-scaled.jpg\"><img loading=\"lazy\" decoding=\"async\" class=\"size-medium wp-image-4796 alignleft\" src=\"https:\/\/erasmusplus.al\/wp-content\/uploads\/2020\/02\/1-4-300x169.jpg\" alt=\"\" width=\"300\" height=\"169\" srcset=\"https:\/\/erasmusplus.al\/wp-content\/uploads\/2020\/02\/1-4-300x169.jpg 300w, https:\/\/erasmusplus.al\/wp-content\/uploads\/2020\/02\/1-4-1024x576.jpg 1024w, https:\/\/erasmusplus.al\/wp-content\/uploads\/2020\/02\/1-4-768x432.jpg 768w, https:\/\/erasmusplus.al\/wp-content\/uploads\/2020\/02\/1-4-1536x864.jpg 1536w, https:\/\/erasmusplus.al\/wp-content\/uploads\/2020\/02\/1-4-2048x1152.jpg 2048w\" sizes=\"(max-width: 300px) 100vw, 300px\" \/><\/a><span style=\"color: #000000;\">Rreth 50 pjes\u00ebmarr\u00ebs, u trajnuan p\u00ebr m\u00ebnyr\u00ebn e aplikimit n\u00eb programin \u201cNd\u00ebrtim Kapacitetesh n\u00eb Arsimin e Lart\u00eb\u201d (CBHE), p\u00ebr thirrjen \u201cErasmus+ 2020\u201d<\/span><br \/>\n<span style=\"color: #000000;\">N\u00eb trajnim pjes\u00ebmarr\u00ebsit u udh\u00ebzuan, trajnuan dhe informuan q\u00eb nga:<\/span><br \/>\n<span style=\"color: #000000;\">m\u00ebnyra e plot\u00ebsimit t\u00eb formularit p\u00ebr aplikim deri tek zgjedhja e bashk\u00ebpun\u00ebtor\u00ebve , p\u00ebrgatitja e LogFrame (Korniz\u00ebs Logjike), objektivi i p\u00ebrgjithsh\u00ebm i projektit, objektivat specifike, rezultatet, treguesi, aktivitetet, matrica e vler\u00ebsimeve t\u00eb rreziqeve dhe Supozimet e planifikimit t\u00eb emergjencave etj.<\/span><\/p>\n<p><span style=\"color: #000000;\">Thirrja p\u00ebr aplikim 2020, pritet t\u00eb ket\u00eb rezultate shum\u00eb t\u00eb mira tek universitetet n\u00eb Shqip\u00ebri, referuar rezultateve t\u00eb thirrjes s\u00eb m\u00ebparshme 2019, q\u00eb u finalizua me p\u00ebrzgjedhjen e 10 projekteve fituese CBHE, 5 prej t\u00eb cilave do t\u00eb koordinohen nga Universitetet Shqiptare.<\/span><\/p>\n<p><span style=\"color: #000000;\">P\u00ebr m\u00eb shum\u00eb informacion ju lutem klikonin n\u00eb linkun e udh\u00ebzuesit p\u00ebr programin CBHE:<\/span><br \/>\n<span style=\"text-decoration: underline;\"><span style=\"color: #0000ff;\"><a style=\"color: #0000ff; text-decoration: underline;\" href=\"https:\/\/eacea.ec.europa.eu\/erasmus-plus\/funding\/capacity-building-in-the-field-of-higher-education-2020_en?fbclid=IwAR3PUVPomcIxiwqm-HCfNnY6MtH0rHhwuEsUbi6oobwVp5xV-iH1mOHW-1Y\">https:\/\/eacea.ec.europa.eu\/\u2026\/capacity-building-in-the-field\u2026<\/a><\/span><\/span><\/p>\n<p><span style=\"color: #000000;\">KUJDES, shikoni me v\u00ebmendje ndryshimet p\u00ebr \u201cThirrjen 2020\u201d.<\/span><\/p>\n<p><a href=\"https:\/\/erasmusplus.al\/wp-content\/uploads\/2020\/08\/CBHE-Training-Agenda-9-January-2020.pdf\"><span style=\"text-decoration: underline;\"><span style=\"color: #0000ff; text-decoration: underline;\">CBHE Training Agenda &#8211; 9 January 2020<\/span><\/span><\/a><\/p>\n<p><a href=\"https:\/\/erasmusplus.al\/wp-content\/uploads\/2020\/02\/2-4-scaled.jpg\"><img loading=\"lazy\" decoding=\"async\" class=\"alignnone size-medium wp-image-4797\" src=\"https:\/\/erasmusplus.al\/wp-content\/uploads\/2020\/02\/2-4-300x169.jpg\" alt=\"\" width=\"300\" height=\"169\" srcset=\"https:\/\/erasmusplus.al\/wp-content\/uploads\/2020\/02\/2-4-300x169.jpg 300w, https:\/\/erasmusplus.al\/wp-content\/uploads\/2020\/02\/2-4-1024x576.jpg 1024w, https:\/\/erasmusplus.al\/wp-content\/uploads\/2020\/02\/2-4-768x432.jpg 768w, https:\/\/erasmusplus.al\/wp-content\/uploads\/2020\/02\/2-4-1536x864.jpg 1536w, https:\/\/erasmusplus.al\/wp-content\/uploads\/2020\/02\/2-4-2048x1152.jpg 2048w\" sizes=\"(max-width: 300px) 100vw, 300px\" \/><\/a> <a href=\"https:\/\/erasmusplus.al\/wp-content\/uploads\/2020\/02\/3-3.jpg\"><img loading=\"lazy\" decoding=\"async\" class=\"alignnone size-medium wp-image-4798\" src=\"https:\/\/erasmusplus.al\/wp-content\/uploads\/2020\/02\/3-3-300x199.jpg\" alt=\"\" width=\"300\" height=\"199\" srcset=\"https:\/\/erasmusplus.al\/wp-content\/uploads\/2020\/02\/3-3-300x199.jpg 300w, https:\/\/erasmusplus.al\/wp-content\/uploads\/2020\/02\/3-3-768x509.jpg 768w, https:\/\/erasmusplus.al\/wp-content\/uploads\/2020\/02\/3-3-360x240.jpg 360w, https:\/\/erasmusplus.al\/wp-content\/uploads\/2020\/02\/3-3.jpg 960w\" sizes=\"(max-width: 300px) 100vw, 300px\" \/><\/a> <a href=\"https:\/\/erasmusplus.al\/wp-content\/uploads\/2020\/02\/4-3-scaled.jpg\"><img loading=\"lazy\" decoding=\"async\" class=\"alignnone size-medium wp-image-4799\" src=\"https:\/\/erasmusplus.al\/wp-content\/uploads\/2020\/02\/4-3-300x169.jpg\" alt=\"\" width=\"300\" height=\"169\" srcset=\"https:\/\/erasmusplus.al\/wp-content\/uploads\/2020\/02\/4-3-300x169.jpg 300w, https:\/\/erasmusplus.al\/wp-content\/uploads\/2020\/02\/4-3-1024x576.jpg 1024w, https:\/\/erasmusplus.al\/wp-content\/uploads\/2020\/02\/4-3-768x432.jpg 768w, https:\/\/erasmusplus.al\/wp-content\/uploads\/2020\/02\/4-3-1536x864.jpg 1536w, https:\/\/erasmusplus.al\/wp-content\/uploads\/2020\/02\/4-3-2048x1152.jpg 2048w\" sizes=\"(max-width: 300px) 100vw, 300px\" \/><\/a> <a href=\"https:\/\/erasmusplus.al\/wp-content\/uploads\/2020\/02\/5-2.jpg\"><img loading=\"lazy\" decoding=\"async\" class=\"alignnone size-medium wp-image-4800\" src=\"https:\/\/erasmusplus.al\/wp-content\/uploads\/2020\/02\/5-2-300x199.jpg\" alt=\"\" width=\"300\" height=\"199\" srcset=\"https:\/\/erasmusplus.al\/wp-content\/uploads\/2020\/02\/5-2-300x199.jpg 300w, https:\/\/erasmusplus.al\/wp-content\/uploads\/2020\/02\/5-2-768x509.jpg 768w, https:\/\/erasmusplus.al\/wp-content\/uploads\/2020\/02\/5-2-360x240.jpg 360w, https:\/\/erasmusplus.al\/wp-content\/uploads\/2020\/02\/5-2.jpg 960w\" sizes=\"(max-width: 300px) 100vw, 300px\" \/><\/a> <a href=\"https:\/\/erasmusplus.al\/wp-content\/uploads\/2020\/02\/6-scaled.jpg\"><img loading=\"lazy\" decoding=\"async\" class=\"alignnone size-medium wp-image-4801\" src=\"https:\/\/erasmusplus.al\/wp-content\/uploads\/2020\/02\/6-300x169.jpg\" alt=\"\" width=\"300\" height=\"169\" srcset=\"https:\/\/erasmusplus.al\/wp-content\/uploads\/2020\/02\/6-300x169.jpg 300w, https:\/\/erasmusplus.al\/wp-content\/uploads\/2020\/02\/6-1024x576.jpg 1024w, https:\/\/erasmusplus.al\/wp-content\/uploads\/2020\/02\/6-768x432.jpg 768w, https:\/\/erasmusplus.al\/wp-content\/uploads\/2020\/02\/6-1536x864.jpg 1536w, https:\/\/erasmusplus.al\/wp-content\/uploads\/2020\/02\/6-2048x1152.jpg 2048w\" sizes=\"(max-width: 300px) 100vw, 300px\" \/><\/a><\/p>\n","protected":false},"excerpt":{"rendered":"<p>Dat\u00eb: 09 Janar, 2020 Vendodhja: Hotel Tirana \u201cInternational\u201d, Tiran\u00eb Organizuar: Zyra Komb\u00ebtare Erasmus+ n\u00eb bashk\u00ebpunim me \u2018\u2018Union programmes in Albania\u2019\u2019 Zyra Komb\u00ebtare Erasmus+ n\u00eb bashk\u00ebpunim me \u2018\u2018Union programmes in Albania\u2019\u2019 organizuan n\u00eb dat\u00ebn 9 Janar 2020, trajnimin nj\u00eb ditor lidhur me aplikimin p\u00ebr projektet \u2018\u2018Rritja e Kapaciteteve n\u00eb Fush\u00ebn e Arsimit t\u00eb lart\u00eb\u2019\u2019 -CBHE -KA2, [&hellip;]<\/p>\n","protected":false},"author":1,"featured_media":0,"comment_status":"closed","ping_status":"closed","sticky":false,"template":"","format":"standard","meta":{"_acf_changed":false,"_et_pb_use_builder":"","_et_pb_old_content":"","_et_gb_content_width":"","footnotes":""},"categories":[110],"tags":[],"class_list":["post-4795","post","type-post","status-publish","format-standard","hentry","category-aktivitete"],"acf":[],"_links":{"self":[{"href":"https:\/\/erasmusplus.al\/index.php?rest_route=\/wp\/v2\/posts\/4795","targetHints":{"allow":["GET"]}}],"collection":[{"href":"https:\/\/erasmusplus.al\/index.php?rest_route=\/wp\/v2\/posts"}],"about":[{"href":"https:\/\/erasmusplus.al\/index.php?rest_route=\/wp\/v2\/types\/post"}],"author":[{"embeddable":true,"href":"https:\/\/erasmusplus.al\/index.php?rest_route=\/wp\/v2\/users\/1"}],"replies":[{"embeddable":true,"href":"https:\/\/erasmusplus.al\/index.php?rest_route=%2Fwp%2Fv2%2Fcomments&post=4795"}],"version-history":[{"count":2,"href":"https:\/\/erasmusplus.al\/index.php?rest_route=\/wp\/v2\/posts\/4795\/revisions"}],"predecessor-version":[{"id":5574,"href":"https:\/\/erasmusplus.al\/index.php?rest_route=\/wp\/v2\/posts\/4795\/revisions\/5574"}],"wp:attachment":[{"href":"https:\/\/erasmusplus.al\/index.php?rest_route=%2Fwp%2Fv2%2Fmedia&parent=4795"}],"wp:term":[{"taxonomy":"category","embeddable":true,"href":"https:\/\/erasmusplus.al\/index.php?rest_route=%2Fwp%2Fv2%2Fcategories&post=4795"},{"taxonomy":"post_tag","embeddable":true,"href":"https:\/\/erasmusplus.al\/index.php?rest_route=%2Fwp%2Fv2%2Ftags&post=4795"}],"curies":[{"name":"wp","href":"https:\/\/api.w.org\/{rel}","templated":true}]}}