{"id":4810,"date":"2019-05-15T14:35:53","date_gmt":"2019-05-15T14:35:53","guid":{"rendered":"http:\/\/erasmusplus.al\/?p=4810"},"modified":"2020-02-04T14:38:39","modified_gmt":"2020-02-04T14:38:39","slug":"takim-informaciondhenes-te-programit-erasmus-ne-nivel-lokal-ne-shqiperi","status":"publish","type":"post","link":"https:\/\/erasmusplus.al\/?p=4810&lang=sq","title":{"rendered":"Takim Informaciondh\u00ebn\u00ebs t\u00eb programit Erasmus+ n\u00eb Nivel Lokal n\u00eb Shqip\u00ebri."},"content":{"rendered":"<p><a href=\"https:\/\/erasmusplus.al\/wp-content\/uploads\/2020\/02\/erasmus-banner.jpg\"><img loading=\"lazy\" decoding=\"async\" class=\"alignnone size-medium wp-image-4807\" src=\"https:\/\/erasmusplus.al\/wp-content\/uploads\/2020\/02\/erasmus-banner-300x94.jpg\" alt=\"\" width=\"300\" height=\"94\" srcset=\"https:\/\/erasmusplus.al\/wp-content\/uploads\/2020\/02\/erasmus-banner-300x94.jpg 300w, https:\/\/erasmusplus.al\/wp-content\/uploads\/2020\/02\/erasmus-banner-1024x320.jpg 1024w, https:\/\/erasmusplus.al\/wp-content\/uploads\/2020\/02\/erasmus-banner-768x240.jpg 768w, https:\/\/erasmusplus.al\/wp-content\/uploads\/2020\/02\/erasmus-banner.jpg 1169w\" sizes=\"(max-width: 300px) 100vw, 300px\" \/><\/a><\/p>\n<p><span style=\"color: #000000;\"><strong>Tema: <\/strong>Takim Informaciondh\u00ebn\u00ebs n\u00eb Nivel Lokal<\/span><\/p>\n<p><span style=\"color: #000000;\"><strong>Date:<\/strong>15 Maj, 2019<\/span><\/p>\n<p><span style=\"color: #000000;\"><strong>Vendodhja:<\/strong> Salla e takimeve , Hotel Kapital, Tiran\u00eb.<\/span><\/p>\n<p><a href=\"https:\/\/erasmusplus.al\/wp-content\/uploads\/2020\/02\/stenda-Kend-i-BE.jpg\"><img loading=\"lazy\" decoding=\"async\" class=\"size-medium wp-image-4808 alignleft\" src=\"https:\/\/erasmusplus.al\/wp-content\/uploads\/2020\/02\/stenda-Kend-i-BE-300x300.jpg\" alt=\"\" width=\"300\" height=\"300\" srcset=\"https:\/\/erasmusplus.al\/wp-content\/uploads\/2020\/02\/stenda-Kend-i-BE-300x300.jpg 300w, https:\/\/erasmusplus.al\/wp-content\/uploads\/2020\/02\/stenda-Kend-i-BE-150x150.jpg 150w, https:\/\/erasmusplus.al\/wp-content\/uploads\/2020\/02\/stenda-Kend-i-BE-768x768.jpg 768w, https:\/\/erasmusplus.al\/wp-content\/uploads\/2020\/02\/stenda-Kend-i-BE.jpg 1000w\" sizes=\"(max-width: 300px) 100vw, 300px\" \/><\/a><\/p>\n<p><span style=\"color: #000000;\">Dit\u00eb informimi dhe trajnimi t\u00eb pikave t\u00eb kontaktit t\u00eb projektit \u201cBashkit\u00eb p\u00ebr n\u00eb Europ\u00eb\u201d p\u00ebr programin Erasmus plus, ne kuader t\u00eb takimit \u201cTrajnimi mbi Menaxhimin e Nj\u00ebsive t\u00eb Integrimit Evropian dhe Komunikimit\u201d. Gjat\u00eb takimit kordinator-ja e Zyr\u00ebs Komb\u00ebtare Erasmus+, Aida Breti prezantoi platfrom\u00ebn dhe programet q\u00eb Erasmus+ mb\u00ebshtet.<\/span><\/p>\n<p><span style=\"color: #000000;\">Takimi kishte r\u00ebnd\u00ebsin\u00eb e vecant\u00eb sepse projekti ka p\u00ebrfshirjen e 61 bashkive n\u00ebp\u00ebr Shqip\u00ebri, t\u00eb cilat kan\u00eb nj\u00eb shp\u00ebrndarje t\u00eb gjer\u00eb t\u00eb informacionit n\u00eb nivele lokale. Fokuset e t\u00eb dyja programeve jan\u00eb p\u00ebr t\u00eb nj\u00ebjtin drejtim \u201crritjen e kapacitetit p\u00ebrthith\u00ebs n\u00eb Shqip\u00ebri p\u00ebr fondet dhe programet evropiane\u201d <\/span><\/p>\n<p>&nbsp;<\/p>\n<p>&nbsp;<\/p>\n<p>&nbsp;<\/p>\n<p><span style=\"color: #000000;\">P\u00ebr m\u00eb shum\u00eb informacion Linku:<\/span><\/p>\n<p><span style=\"text-decoration: underline;\"><span style=\"color: #0000ff; text-decoration: underline;\"><a style=\"color: #0000ff; text-decoration: underline;\" href=\"https:\/\/erasmusplus.al\/\">https:\/\/erasmusplus.al\/<\/a><\/span><\/span><\/p>\n<p><span style=\"text-decoration: underline;\"><span style=\"color: #0000ff; text-decoration: underline;\"><a style=\"color: #0000ff; text-decoration: underline;\" href=\"http:\/\/www.bpe.al\/al\/rreth-nesh\">http:\/\/www.bpe.al\/al\/rreth-nesh<\/a><\/span><\/span><\/p>\n<p><span style=\"text-decoration: underline;\"><span style=\"color: #0000ff; text-decoration: underline;\">\u00a0 <a style=\"color: #0000ff; text-decoration: underline;\" href=\"https:\/\/eeas.europa.eu\/delegations\/albania\/16326\/bashkimi-evropian-forcon-mbeshtetjen-qeverisjen-vendore-ne-shqiperi_sq\">https:\/\/eeas.europa.eu\/delegations\/albania\/16326\/bashkimi-evropian-forcon-mbeshtetjen-qeverisjen-vendore-ne-shqiperi_sq<\/a><\/span><\/span><\/p>\n","protected":false},"excerpt":{"rendered":"<p>Tema: Takim Informaciondh\u00ebn\u00ebs n\u00eb Nivel Lokal Date:15 Maj, 2019 Vendodhja: Salla e takimeve , Hotel Kapital, Tiran\u00eb. Dit\u00eb informimi dhe trajnimi t\u00eb pikave t\u00eb kontaktit t\u00eb projektit \u201cBashkit\u00eb p\u00ebr n\u00eb Europ\u00eb\u201d p\u00ebr programin Erasmus plus, ne kuader t\u00eb takimit \u201cTrajnimi mbi Menaxhimin e Nj\u00ebsive t\u00eb Integrimit Evropian dhe Komunikimit\u201d. Gjat\u00eb takimit kordinator-ja e Zyr\u00ebs Komb\u00ebtare [&hellip;]<\/p>\n","protected":false},"author":1,"featured_media":0,"comment_status":"closed","ping_status":"closed","sticky":false,"template":"","format":"standard","meta":{"_acf_changed":false,"_et_pb_use_builder":"","_et_pb_old_content":"","_et_gb_content_width":"","footnotes":""},"categories":[110],"tags":[],"class_list":["post-4810","post","type-post","status-publish","format-standard","hentry","category-aktivitete"],"acf":[],"_links":{"self":[{"href":"https:\/\/erasmusplus.al\/index.php?rest_route=\/wp\/v2\/posts\/4810","targetHints":{"allow":["GET"]}}],"collection":[{"href":"https:\/\/erasmusplus.al\/index.php?rest_route=\/wp\/v2\/posts"}],"about":[{"href":"https:\/\/erasmusplus.al\/index.php?rest_route=\/wp\/v2\/types\/post"}],"author":[{"embeddable":true,"href":"https:\/\/erasmusplus.al\/index.php?rest_route=\/wp\/v2\/users\/1"}],"replies":[{"embeddable":true,"href":"https:\/\/erasmusplus.al\/index.php?rest_route=%2Fwp%2Fv2%2Fcomments&post=4810"}],"version-history":[{"count":1,"href":"https:\/\/erasmusplus.al\/index.php?rest_route=\/wp\/v2\/posts\/4810\/revisions"}],"predecessor-version":[{"id":4812,"href":"https:\/\/erasmusplus.al\/index.php?rest_route=\/wp\/v2\/posts\/4810\/revisions\/4812"}],"wp:attachment":[{"href":"https:\/\/erasmusplus.al\/index.php?rest_route=%2Fwp%2Fv2%2Fmedia&parent=4810"}],"wp:term":[{"taxonomy":"category","embeddable":true,"href":"https:\/\/erasmusplus.al\/index.php?rest_route=%2Fwp%2Fv2%2Fcategories&post=4810"},{"taxonomy":"post_tag","embeddable":true,"href":"https:\/\/erasmusplus.al\/index.php?rest_route=%2Fwp%2Fv2%2Ftags&post=4810"}],"curies":[{"name":"wp","href":"https:\/\/api.w.org\/{rel}","templated":true}]}}