{"id":4860,"date":"2019-05-31T15:30:27","date_gmt":"2019-05-31T15:30:27","guid":{"rendered":"http:\/\/erasmusplus.al\/?p=4860"},"modified":"2020-02-04T15:35:24","modified_gmt":"2020-02-04T15:35:24","slug":"31-maj-2019-dite-informuese-ne-universitetin-ismail-qemali-vlore","status":"publish","type":"post","link":"https:\/\/erasmusplus.al\/?p=4860&lang=sq","title":{"rendered":"31 Maj 2019, Dit\u00eb Informuese n\u00eb Universitetin \u201cIsmail Qemali\u201d, Vlor\u00eb."},"content":{"rendered":"<p><span style=\"color: #000000;\"><strong>Data:<\/strong> 31 Maj, 2019<\/span><\/p>\n<p><span style=\"color: #000000;\"><strong>Vendodhja:<\/strong> Rektorati i Universitetit \u201cIsmail Qemali\u201d, Vlor\u00eb<\/span><\/p>\n<p><span style=\"color: #000000;\"><strong>Organizuar:<\/strong> Zyra Komb\u00ebtare Erasmus+, Universiteti i Vlor\u00ebs<\/span><\/p>\n<p><span style=\"color: #000000;\">N\u00eb Universitetin e Vlor\u00ebs n\u00eb dat\u00eb 31 Maj u zhvillua aktiviteti informues \u201cMb\u00ebshtetja e Institucioneve t\u00eb Arsimit t\u00eb Lart\u00eb n\u00eb Shqip\u00ebri p\u00ebr rritjen e pjes\u00ebmarrjes t\u00eb CBHE, Jean Monnet dhe ICM n\u00eb kuad\u00ebr t\u00eb programit Erasmus+ 2020\u201d. Aktiviteti mblodhi 230 t\u00eb rinj, student\u00eb dhe pedagog\u00eb, te cil\u00ebt shfaq\u00ebn interest t\u00eb madh p\u00ebr m\u00ebnyr\u00ebn e aplikimeve apo kritereve. \u00a0Aktiviteti u hap me p\u00ebrsh\u00ebndetjen e Rektorit t\u00eb Univeristet t\u00eb Vlor\u00ebs Z. Roland Zisi, p\u00ebrfaqesuesja e Zyr\u00ebs t\u00eb Delegacionit t\u00eb BE-s\u00eb n\u00eb Shqip\u00ebri, Xheni Sinakolit\u00a0 dhe Koordinatoria e\u00a0 Zyr\u00ebs Erasmus+ n\u00eb Shqip\u00ebri \u00a0Aida Breti. Koordinatorja njohu t\u00eb pranishmit mbi m\u00ebnyr\u00ebn e\u00a0 aplikimeve ne projektet Rritje Kapacitetesh n\u00eb Arsimin e Lart\u00eb (CBHE), vijuar me diskutim t\u00eb hapur me zv\/koordinatoren Elona Saraci mbi Diplom\u00ebn e P\u00ebrbashk\u00ebt Erasmus+Mundus (EMJMD) dhe Shk\u00ebmbimet Nd\u00ebrkomb\u00ebtare (ICM). Pjesa e tret\u00eb u pasua me takimin e Zyr\u00ebs Nd\u00ebrkombetare IRO dhe\u00a0 grupeve t\u00eb projekteve. N\u00eb k\u00ebt\u00eb sesion u diskutuan praktikat me t\u00eb mira t\u00eb zyrave me marr\u00ebdh\u00ebniet nd\u00ebrkomb\u00ebtare p\u00ebr t\u00eb maksimizuar mund\u00ebsit\u00eb n\u00eb Erasmus+. Nj\u00eb panair informaciondh\u00ebn\u00ebs mbi Erasmus+ ishte organizuar n\u00eb hyrje t\u00eb Univeristetit gjat\u00eb gjith\u00eb paradites.<\/span><\/p>\n<p><span style=\"text-decoration: underline;\"><span style=\"color: #0000ff;\"><a style=\"color: #0000ff; text-decoration: underline;\" href=\"http:\/\/www.univlora.edu.al\">www.univlora.edu.al<\/a><\/span><\/span><\/p>\n<p><span style=\"color: #000000;\"><a href=\"https:\/\/erasmusplus.al\/wp-content\/uploads\/2020\/02\/Agenda-Regional-Info-Day-Erasmus.doc\"><span style=\"text-decoration: underline;\"><span style=\"color: #0000ff; text-decoration: underline;\">A<\/span><span style=\"color: #0000ff; text-decoration: underline;\">genda- Regional Info Day Erasmus+<\/span><\/span><\/a><\/span><\/p>\n<p><a href=\"https:\/\/erasmusplus.al\/wp-content\/uploads\/2020\/02\/1.jpeg\"><img loading=\"lazy\" decoding=\"async\" class=\"alignnone size-medium wp-image-4850\" src=\"https:\/\/erasmusplus.al\/wp-content\/uploads\/2020\/02\/1-300x169.jpeg\" sizes=\"(max-width: 300px) 100vw, 300px\" srcset=\"https:\/\/erasmusplus.al\/wp-content\/uploads\/2020\/02\/1-300x169.jpeg 300w, https:\/\/erasmusplus.al\/wp-content\/uploads\/2020\/02\/1-1024x576.jpeg 1024w, https:\/\/erasmusplus.al\/wp-content\/uploads\/2020\/02\/1-768x432.jpeg 768w, https:\/\/erasmusplus.al\/wp-content\/uploads\/2020\/02\/1.jpeg 1280w\" alt=\"\" width=\"300\" height=\"169\" \/><\/a>\u00a0<a href=\"https:\/\/erasmusplus.al\/wp-content\/uploads\/2020\/02\/2.jpeg\"><img loading=\"lazy\" decoding=\"async\" class=\"alignnone size-medium wp-image-4851\" src=\"https:\/\/erasmusplus.al\/wp-content\/uploads\/2020\/02\/2-300x169.jpeg\" sizes=\"(max-width: 300px) 100vw, 300px\" srcset=\"https:\/\/erasmusplus.al\/wp-content\/uploads\/2020\/02\/2-300x169.jpeg 300w, https:\/\/erasmusplus.al\/wp-content\/uploads\/2020\/02\/2-1024x576.jpeg 1024w, https:\/\/erasmusplus.al\/wp-content\/uploads\/2020\/02\/2-768x432.jpeg 768w, https:\/\/erasmusplus.al\/wp-content\/uploads\/2020\/02\/2.jpeg 1280w\" alt=\"\" width=\"300\" height=\"169\" \/><\/a>\u00a0<a href=\"https:\/\/erasmusplus.al\/wp-content\/uploads\/2020\/02\/3.jpeg\"><img loading=\"lazy\" decoding=\"async\" class=\"alignnone size-medium wp-image-4852\" src=\"https:\/\/erasmusplus.al\/wp-content\/uploads\/2020\/02\/3-300x169.jpeg\" sizes=\"(max-width: 300px) 100vw, 300px\" srcset=\"https:\/\/erasmusplus.al\/wp-content\/uploads\/2020\/02\/3-300x169.jpeg 300w, https:\/\/erasmusplus.al\/wp-content\/uploads\/2020\/02\/3-1024x576.jpeg 1024w, https:\/\/erasmusplus.al\/wp-content\/uploads\/2020\/02\/3-768x432.jpeg 768w, https:\/\/erasmusplus.al\/wp-content\/uploads\/2020\/02\/3.jpeg 1280w\" alt=\"\" width=\"300\" height=\"169\" \/><\/a>\u00a0<a href=\"https:\/\/erasmusplus.al\/wp-content\/uploads\/2020\/02\/6.jpeg\"><img loading=\"lazy\" decoding=\"async\" class=\"alignnone size-medium wp-image-4853\" src=\"https:\/\/erasmusplus.al\/wp-content\/uploads\/2020\/02\/6-300x169.jpeg\" sizes=\"(max-width: 300px) 100vw, 300px\" srcset=\"https:\/\/erasmusplus.al\/wp-content\/uploads\/2020\/02\/6-300x169.jpeg 300w, https:\/\/erasmusplus.al\/wp-content\/uploads\/2020\/02\/6-1024x576.jpeg 1024w, https:\/\/erasmusplus.al\/wp-content\/uploads\/2020\/02\/6-768x432.jpeg 768w, https:\/\/erasmusplus.al\/wp-content\/uploads\/2020\/02\/6.jpeg 1280w\" alt=\"\" width=\"300\" height=\"169\" \/><\/a>\u00a0<a href=\"https:\/\/erasmusplus.al\/wp-content\/uploads\/2020\/02\/8.jpeg\"><img loading=\"lazy\" decoding=\"async\" class=\"alignnone size-medium wp-image-4854\" src=\"https:\/\/erasmusplus.al\/wp-content\/uploads\/2020\/02\/8-300x169.jpeg\" sizes=\"(max-width: 300px) 100vw, 300px\" srcset=\"https:\/\/erasmusplus.al\/wp-content\/uploads\/2020\/02\/8-300x169.jpeg 300w, https:\/\/erasmusplus.al\/wp-content\/uploads\/2020\/02\/8-1024x576.jpeg 1024w, https:\/\/erasmusplus.al\/wp-content\/uploads\/2020\/02\/8-768x432.jpeg 768w, https:\/\/erasmusplus.al\/wp-content\/uploads\/2020\/02\/8.jpeg 1280w\" alt=\"\" width=\"300\" height=\"169\" \/><\/a>\u00a0<a href=\"https:\/\/erasmusplus.al\/wp-content\/uploads\/2020\/02\/9.jpeg\"><img loading=\"lazy\" decoding=\"async\" class=\"alignnone size-medium wp-image-4855\" src=\"https:\/\/erasmusplus.al\/wp-content\/uploads\/2020\/02\/9-169x300.jpeg\" sizes=\"(max-width: 169px) 100vw, 169px\" srcset=\"https:\/\/erasmusplus.al\/wp-content\/uploads\/2020\/02\/9-169x300.jpeg 169w, https:\/\/erasmusplus.al\/wp-content\/uploads\/2020\/02\/9-576x1024.jpeg 576w, https:\/\/erasmusplus.al\/wp-content\/uploads\/2020\/02\/9.jpeg 720w\" alt=\"\" width=\"169\" height=\"300\" \/><\/a>\u00a0<a href=\"https:\/\/erasmusplus.al\/wp-content\/uploads\/2020\/02\/13.jpeg\"><img loading=\"lazy\" decoding=\"async\" class=\"alignnone size-medium wp-image-4856\" src=\"https:\/\/erasmusplus.al\/wp-content\/uploads\/2020\/02\/13-300x169.jpeg\" sizes=\"(max-width: 300px) 100vw, 300px\" srcset=\"https:\/\/erasmusplus.al\/wp-content\/uploads\/2020\/02\/13-300x169.jpeg 300w, https:\/\/erasmusplus.al\/wp-content\/uploads\/2020\/02\/13-1024x576.jpeg 1024w, https:\/\/erasmusplus.al\/wp-content\/uploads\/2020\/02\/13-768x432.jpeg 768w, https:\/\/erasmusplus.al\/wp-content\/uploads\/2020\/02\/13.jpeg 1280w\" alt=\"\" width=\"300\" height=\"169\" \/><\/a>\u00a0<a href=\"https:\/\/erasmusplus.al\/wp-content\/uploads\/2020\/02\/14.jpeg\"><img loading=\"lazy\" decoding=\"async\" class=\"alignnone size-medium wp-image-4857\" src=\"https:\/\/erasmusplus.al\/wp-content\/uploads\/2020\/02\/14-300x169.jpeg\" sizes=\"(max-width: 300px) 100vw, 300px\" srcset=\"https:\/\/erasmusplus.al\/wp-content\/uploads\/2020\/02\/14-300x169.jpeg 300w, https:\/\/erasmusplus.al\/wp-content\/uploads\/2020\/02\/14-1024x576.jpeg 1024w, https:\/\/erasmusplus.al\/wp-content\/uploads\/2020\/02\/14-768x432.jpeg 768w, https:\/\/erasmusplus.al\/wp-content\/uploads\/2020\/02\/14.jpeg 1280w\" alt=\"\" width=\"300\" height=\"169\" \/><\/a><\/p>\n","protected":false},"excerpt":{"rendered":"<p>Data: 31 Maj, 2019 Vendodhja: Rektorati i Universitetit \u201cIsmail Qemali\u201d, Vlor\u00eb Organizuar: Zyra Komb\u00ebtare Erasmus+, Universiteti i Vlor\u00ebs N\u00eb Universitetin e Vlor\u00ebs n\u00eb dat\u00eb 31 Maj u zhvillua aktiviteti informues \u201cMb\u00ebshtetja e Institucioneve t\u00eb Arsimit t\u00eb Lart\u00eb n\u00eb Shqip\u00ebri p\u00ebr rritjen e pjes\u00ebmarrjes t\u00eb CBHE, Jean Monnet dhe ICM n\u00eb kuad\u00ebr t\u00eb programit Erasmus+ 2020\u201d. [&hellip;]<\/p>\n","protected":false},"author":1,"featured_media":0,"comment_status":"closed","ping_status":"closed","sticky":false,"template":"","format":"standard","meta":{"_acf_changed":false,"_et_pb_use_builder":"","_et_pb_old_content":"","_et_gb_content_width":"","footnotes":""},"categories":[110],"tags":[],"class_list":["post-4860","post","type-post","status-publish","format-standard","hentry","category-aktivitete"],"acf":[],"_links":{"self":[{"href":"https:\/\/erasmusplus.al\/index.php?rest_route=\/wp\/v2\/posts\/4860","targetHints":{"allow":["GET"]}}],"collection":[{"href":"https:\/\/erasmusplus.al\/index.php?rest_route=\/wp\/v2\/posts"}],"about":[{"href":"https:\/\/erasmusplus.al\/index.php?rest_route=\/wp\/v2\/types\/post"}],"author":[{"embeddable":true,"href":"https:\/\/erasmusplus.al\/index.php?rest_route=\/wp\/v2\/users\/1"}],"replies":[{"embeddable":true,"href":"https:\/\/erasmusplus.al\/index.php?rest_route=%2Fwp%2Fv2%2Fcomments&post=4860"}],"version-history":[{"count":2,"href":"https:\/\/erasmusplus.al\/index.php?rest_route=\/wp\/v2\/posts\/4860\/revisions"}],"predecessor-version":[{"id":4863,"href":"https:\/\/erasmusplus.al\/index.php?rest_route=\/wp\/v2\/posts\/4860\/revisions\/4863"}],"wp:attachment":[{"href":"https:\/\/erasmusplus.al\/index.php?rest_route=%2Fwp%2Fv2%2Fmedia&parent=4860"}],"wp:term":[{"taxonomy":"category","embeddable":true,"href":"https:\/\/erasmusplus.al\/index.php?rest_route=%2Fwp%2Fv2%2Fcategories&post=4860"},{"taxonomy":"post_tag","embeddable":true,"href":"https:\/\/erasmusplus.al\/index.php?rest_route=%2Fwp%2Fv2%2Ftags&post=4860"}],"curies":[{"name":"wp","href":"https:\/\/api.w.org\/{rel}","templated":true}]}}