{"id":4879,"date":"2019-09-09T10:31:28","date_gmt":"2019-09-09T10:31:28","guid":{"rendered":"http:\/\/erasmusplus.al\/?p=4879"},"modified":"2020-02-18T10:32:35","modified_gmt":"2020-02-18T10:32:35","slug":"vizite-studimore-here-universiteti-i-shkencave-te-aplikuara-viene-edukimi-i-bazuar-ne-kompetenca-bazat-prespektivat-dhe-implementimi","status":"publish","type":"post","link":"https:\/\/erasmusplus.al\/?p=4879&lang=sq","title":{"rendered":"Vizit\u00eb Studimore HERE \u2013 Universiteti i Shkencave t\u00eb Aplikuara, Vien\u00eb \u201cEdukimi i bazuar n\u00eb kompetenca; bazat, prespektivat dhe implementimi"},"content":{"rendered":"<p><span style=\"color: #000000;\"><strong>Data: <\/strong>9-10 Shtator 2019<\/span><\/p>\n<p><span style=\"color: #000000;\"><strong>Vendi: <\/strong>Universitetin e Shkencave t\u00eb Aplikuara, Vien\u00eb, Austri<\/span><\/p>\n<p><span style=\"color: #000000;\"><strong>Organizuar: <\/strong>Universitetin e Shkencave t\u00eb Aplikuara t\u00eb Vien\u00ebs, dhe SPHERE<\/span><\/p>\n<p><span style=\"color: #000000;\"><strong>\u00a0<\/strong><\/span><\/p>\n<p><span style=\"color: #000000;\">N\u00eb datat 9-10 Shtator 2019, u organizua vizita studimore p\u00ebr ekspert\u00ebt e arsimit t\u00eb lart\u00eb (HERE), me titull \u201cEdukimi i bazuar n\u00eb kompetenca; bazat, prespektivat dhe implementimi\u201d n\u00eb Universitetin e Shkencave t\u00eb Aplikuara, Vien\u00eb, Austri, ku mor\u00ebn pjes\u00eb p\u00ebrfaq\u00ebsues t\u00eb t\u00eb gjitha niveleve, si edhe ekspert\u00ebt nga t\u00eb 25 shteteve. Shqip\u00ebria u p\u00ebrfaq\u00ebsua nga profesoreshat A. Paparisto dhe E. Fetahu si an\u00ebtare t\u00eb grupit HERE Erasmus + p\u00ebr Shqip\u00ebrin\u00eb.<\/span><\/p>\n<p><span style=\"color: #000000;\">T\u00eb m\u00ebsuarit bazuar n\u00eb kompetenca \u00ebsht\u00eb nj\u00eb koncept, i cili ka marr\u00eb nj\u00eb interes t\u00eb ve\u00e7ant\u00eb n\u00eb institucionet e arsimit t\u00eb lart\u00eb n\u00eb rajon dhe Europ\u00eb p\u00ebr shkak t\u00eb ndryshimeve q\u00eb ka p\u00ebsuar tregu i pun\u00ebs dhe problematikave q\u00eb lidhen me pun\u00ebsimin.<\/span><\/p>\n<p><span style=\"color: #000000;\">N\u00eb kuad\u00ebr t\u00eb k\u00ebtij aktiviteti \u00ebsht\u00eb publikuar artikulli i m\u00ebposht\u00ebm:<\/span><\/p>\n<p><span style=\"text-decoration: underline;\"><span style=\"color: #0000ff;\"><a style=\"color: #0000ff; text-decoration: underline;\" href=\"https:\/\/businessmag.al\/mesimi-bazuar-ne-kompetenca-dhe-aftesi-nje-prespektive-domethenese-per-nevojat-e-tregut-dhe-marredhenien-biznes-universitet\/\">M\u00ebsimi bazuar n\u00eb kompetenca dhe aft\u00ebsi. Nj\u00eb prespektiv\u00eb dometh\u00ebn\u00ebse p\u00ebr nevojat e tregut dhe marr\u00ebdh\u00ebnien biznes-universitet. \u00bb Business Magazine Albania \u2013 Media Dixhitale dedikuar Sip\u00ebrmarrjes<\/a><\/span><\/span><\/p>\n<p><span style=\"color: #000000;\">M\u00eb shum\u00eb informacione p\u00ebr aktivitetin mund t\u00eb gjeni:<\/span><\/p>\n<p><span style=\"text-decoration: underline;\"><span style=\"color: #0000ff;\"><a style=\"color: #0000ff; text-decoration: underline;\" href=\"https:\/\/supporthere.org\/vienna2019\/\">https:\/\/supporthere.org\/vienna2019\/\u00a0<\/a><\/span><\/span><\/p>\n<p><a href=\"https:\/\/erasmusplus.al\/wp-content\/uploads\/2020\/02\/1-all.jpg\"><img loading=\"lazy\" decoding=\"async\" class=\"alignnone size-medium wp-image-4877\" src=\"https:\/\/erasmusplus.al\/wp-content\/uploads\/2020\/02\/1-all-300x200.jpg\" alt=\"\" width=\"300\" height=\"200\" srcset=\"https:\/\/erasmusplus.al\/wp-content\/uploads\/2020\/02\/1-all-300x200.jpg 300w, https:\/\/erasmusplus.al\/wp-content\/uploads\/2020\/02\/1-all-1024x683.jpg 1024w, https:\/\/erasmusplus.al\/wp-content\/uploads\/2020\/02\/1-all-768x512.jpg 768w, https:\/\/erasmusplus.al\/wp-content\/uploads\/2020\/02\/1-all-360x240.jpg 360w, https:\/\/erasmusplus.al\/wp-content\/uploads\/2020\/02\/1-all-272x182.jpg 272w, https:\/\/erasmusplus.al\/wp-content\/uploads\/2020\/02\/1-all.jpg 1101w\" sizes=\"(max-width: 300px) 100vw, 300px\" \/><\/a><\/p>\n","protected":false},"excerpt":{"rendered":"<p>Data: 9-10 Shtator 2019 Vendi: Universitetin e Shkencave t\u00eb Aplikuara, Vien\u00eb, Austri Organizuar: Universitetin e Shkencave t\u00eb Aplikuara t\u00eb Vien\u00ebs, dhe SPHERE \u00a0 N\u00eb datat 9-10 Shtator 2019, u organizua vizita studimore p\u00ebr ekspert\u00ebt e arsimit t\u00eb lart\u00eb (HERE), me titull \u201cEdukimi i bazuar n\u00eb kompetenca; bazat, prespektivat dhe implementimi\u201d n\u00eb Universitetin e Shkencave t\u00eb [&hellip;]<\/p>\n","protected":false},"author":1,"featured_media":0,"comment_status":"closed","ping_status":"closed","sticky":false,"template":"","format":"standard","meta":{"_acf_changed":false,"_et_pb_use_builder":"","_et_pb_old_content":"","_et_gb_content_width":"","footnotes":""},"categories":[114],"tags":[],"class_list":["post-4879","post","type-post","status-publish","format-standard","hentry","category-here-aktivitete"],"acf":[],"_links":{"self":[{"href":"https:\/\/erasmusplus.al\/index.php?rest_route=\/wp\/v2\/posts\/4879","targetHints":{"allow":["GET"]}}],"collection":[{"href":"https:\/\/erasmusplus.al\/index.php?rest_route=\/wp\/v2\/posts"}],"about":[{"href":"https:\/\/erasmusplus.al\/index.php?rest_route=\/wp\/v2\/types\/post"}],"author":[{"embeddable":true,"href":"https:\/\/erasmusplus.al\/index.php?rest_route=\/wp\/v2\/users\/1"}],"replies":[{"embeddable":true,"href":"https:\/\/erasmusplus.al\/index.php?rest_route=%2Fwp%2Fv2%2Fcomments&post=4879"}],"version-history":[{"count":1,"href":"https:\/\/erasmusplus.al\/index.php?rest_route=\/wp\/v2\/posts\/4879\/revisions"}],"predecessor-version":[{"id":4880,"href":"https:\/\/erasmusplus.al\/index.php?rest_route=\/wp\/v2\/posts\/4879\/revisions\/4880"}],"wp:attachment":[{"href":"https:\/\/erasmusplus.al\/index.php?rest_route=%2Fwp%2Fv2%2Fmedia&parent=4879"}],"wp:term":[{"taxonomy":"category","embeddable":true,"href":"https:\/\/erasmusplus.al\/index.php?rest_route=%2Fwp%2Fv2%2Fcategories&post=4879"},{"taxonomy":"post_tag","embeddable":true,"href":"https:\/\/erasmusplus.al\/index.php?rest_route=%2Fwp%2Fv2%2Ftags&post=4879"}],"curies":[{"name":"wp","href":"https:\/\/api.w.org\/{rel}","templated":true}]}}