{"id":4918,"date":"2019-06-12T15:34:00","date_gmt":"2019-06-12T15:34:00","guid":{"rendered":"http:\/\/erasmusplus.al\/?p=4918"},"modified":"2020-02-18T15:39:30","modified_gmt":"2020-02-18T15:39:30","slug":"seminari-here-njohja-implikimet-per-qasje-nderkufitare-ne-arsimin-e-larte-dhe-levizshmerine","status":"publish","type":"post","link":"https:\/\/erasmusplus.al\/?p=4918&lang=sq","title":{"rendered":"Seminari HERE  Njohja: Implikimet p\u00ebr Qasje Nd\u00ebrkufitare n\u00eb Arsimin e Lart\u00eb dhe L\u00ebvizshm\u00ebrin\u00eb &#8216;"},"content":{"rendered":"<p><span style=\"color: #000000;\"><strong>Dat\u00eb:<\/strong> 12-13 \u00a0Qeshor , 2019<\/span><\/p>\n<p><span style=\"color: #000000;\"><strong>Vendodhja:<\/strong> Universiteti Teknik i Moldavis\u00eb, Chisinau Moldavi<\/span><\/p>\n<p><span style=\"color: #000000;\"><strong>Organizuar:<\/strong> Universitetit Teknik i Moldavis\u00eb dhe SPHERE .<\/span><\/p>\n<p><span style=\"color: #000000;\">N\u00eb dat\u00ebn 12-13 Qeshor \u00a02019, n\u00eb ambjentet e Universitetit Teknik t\u00eb Moldavis\u00eb u zhvillua seminari <span style=\"text-decoration: underline;\"><span style=\"color: #0000ff; text-decoration: underline;\"><a style=\"color: #0000ff; text-decoration: underline;\" href=\"https:\/\/supporthere.org\/moldova2019\">\u201cRecognition: Implications for cross border access to higher education and mobility\u201d<\/a><\/span><\/span>. N\u00eb k\u00ebto vite njohja e mobiliteteve \u00ebsht\u00eb shtrir\u00eb dhe n\u00eb axhend\u00ebn e arsimit te lart\u00eb duke u p\u00ebrceptuar si rrit\u00ebs i faktorit ekonomik. Pal\u00eb t\u00eb tjera t\u00eb interesuara jan\u00eb organizata studentesh, administrata lokale dhe rajonale, punedh\u00ebn\u00ebs dhe autoritete k\u00ebshilluese. Seminari ishte i hapur p\u00ebr t\u00eb gjith\u00eb an\u00ebtar\u00ebt e HERE-ve nga 25 vende, ku Shqip\u00ebria p\u00ebrfaq\u00ebsohej nga ekspert\u00ebt e reformave p\u00ebr arsimin e lart\u00eb Prof. B. Bijo dhe Prof. F. Bidaj,\u00a0 \u00a0p\u00ebr t\u00eb takuar dhe debatuar me eksperte te nismave Europiane.<\/span><\/p>\n<p><span style=\"color: #000000;\">&#8211; Rezultatet e seminarit jan\u00eb:<\/span><\/p>\n<ol>\n<li><span style=\"color: #000000;\">Arritja e nj\u00eb pamje t\u00eb qart\u00eb t\u00eb p\u00ebrpar\u00ebsive dhe aktiviteteve aktuale n\u00eb fush\u00ebn e njohjes s\u00eb kualifikimeve.<\/span><\/li>\n<li><span style=\"color: #000000;\">Njohjen e kontekstit t\u00eb politikave komb\u00ebtare dhe institucionale p\u00ebr nd\u00ebrkomb\u00ebtarizimin.<\/span><\/li>\n<li><span style=\"color: #000000;\">Vler\u00ebsimi dhe diskutimi i nevoj\u00ebs p\u00ebr zhvillimin e personelit p\u00ebrkat\u00ebs n\u00eb nivele t\u00eb sistemit dhe institucional.<\/span><\/li>\n<li><span style=\"color: #000000;\">Vler\u00ebsimi i hendekut midis p\u00ebrgatitjes komb\u00ebtar dhe praktik\u00ebs s\u00eb mir\u00eb nd\u00ebrkomb\u00ebtare, me q\u00ebllim t\u00eb identifikimit t\u00eb TAM-ve t\u00eb mundshme n\u00eb t\u00eb ardhmen dhe veprimeve t\u00eb tjera SPHERE.<\/span><\/li>\n<\/ol>\n<p><span style=\"color: #000000;\">P\u00ebr m\u00eb shum\u00eb informacion p\u00ebr p\u00ebrmbajtjen dhe\u00a0 konluzionet i gjeni tek Rapori i Seminarit.<\/span><\/p>\n<p><span style=\"text-decoration: underline;\"><span style=\"color: #0000ff;\"><a style=\"color: #0000ff; text-decoration: underline;\" href=\"https:\/\/supporthere.org\/page\/seminar-report-moldova-june-2019\">https:\/\/supporthere.org\/page\/seminar-report-moldova-june-2019<\/a><\/span><\/span><\/p>\n<p><span style=\"color: #000000;\">Prezantimet q\u00eb u zhvilluan gjat\u00eb seminarit i gjeni:<\/span><\/p>\n<p><span style=\"text-decoration: underline;\"><span style=\"color: #0000ff;\"><a style=\"color: #0000ff; text-decoration: underline;\" href=\"https:\/\/supporthere.org\/moldova2019\/page\/documents-presentations-5\">https:\/\/supporthere.org\/moldova2019\/page\/documents-presentations-5<\/a><\/span><\/span><\/p>\n<p><a href=\"https:\/\/erasmusplus.al\/wp-content\/uploads\/2020\/02\/1-6.jpg\"><img loading=\"lazy\" decoding=\"async\" class=\"alignnone size-medium wp-image-4910\" src=\"https:\/\/erasmusplus.al\/wp-content\/uploads\/2020\/02\/1-6-300x200.jpg\" sizes=\"(max-width: 300px) 100vw, 300px\" srcset=\"https:\/\/erasmusplus.al\/wp-content\/uploads\/2020\/02\/1-6-300x200.jpg 300w, https:\/\/erasmusplus.al\/wp-content\/uploads\/2020\/02\/1-6-768x513.jpg 768w, https:\/\/erasmusplus.al\/wp-content\/uploads\/2020\/02\/1-6-360x240.jpg 360w, https:\/\/erasmusplus.al\/wp-content\/uploads\/2020\/02\/1-6-272x182.jpg 272w, https:\/\/erasmusplus.al\/wp-content\/uploads\/2020\/02\/1-6.jpg 959w\" alt=\"\" width=\"300\" height=\"200\" \/><\/a>\u00a0<a href=\"https:\/\/erasmusplus.al\/wp-content\/uploads\/2020\/02\/2-6.jpg\"><img loading=\"lazy\" decoding=\"async\" class=\"alignnone size-medium wp-image-4911\" src=\"https:\/\/erasmusplus.al\/wp-content\/uploads\/2020\/02\/2-6-300x200.jpg\" sizes=\"(max-width: 300px) 100vw, 300px\" srcset=\"https:\/\/erasmusplus.al\/wp-content\/uploads\/2020\/02\/2-6-300x200.jpg 300w, https:\/\/erasmusplus.al\/wp-content\/uploads\/2020\/02\/2-6-768x513.jpg 768w, https:\/\/erasmusplus.al\/wp-content\/uploads\/2020\/02\/2-6-360x240.jpg 360w, https:\/\/erasmusplus.al\/wp-content\/uploads\/2020\/02\/2-6-272x182.jpg 272w, https:\/\/erasmusplus.al\/wp-content\/uploads\/2020\/02\/2-6.jpg 959w\" alt=\"\" width=\"300\" height=\"200\" \/><\/a>\u00a0<a href=\"https:\/\/erasmusplus.al\/wp-content\/uploads\/2020\/02\/3-5.jpg\"><img loading=\"lazy\" decoding=\"async\" class=\"alignnone size-medium wp-image-4912\" src=\"https:\/\/erasmusplus.al\/wp-content\/uploads\/2020\/02\/3-5-300x200.jpg\" sizes=\"(max-width: 300px) 100vw, 300px\" srcset=\"https:\/\/erasmusplus.al\/wp-content\/uploads\/2020\/02\/3-5-300x200.jpg 300w, https:\/\/erasmusplus.al\/wp-content\/uploads\/2020\/02\/3-5-768x513.jpg 768w, https:\/\/erasmusplus.al\/wp-content\/uploads\/2020\/02\/3-5-360x240.jpg 360w, https:\/\/erasmusplus.al\/wp-content\/uploads\/2020\/02\/3-5-272x182.jpg 272w, https:\/\/erasmusplus.al\/wp-content\/uploads\/2020\/02\/3-5.jpg 959w\" alt=\"\" width=\"300\" height=\"200\" \/><\/a>\u00a0<a href=\"https:\/\/erasmusplus.al\/wp-content\/uploads\/2020\/02\/4-4.jpg\"><img loading=\"lazy\" decoding=\"async\" class=\"alignnone size-medium wp-image-4913\" src=\"https:\/\/erasmusplus.al\/wp-content\/uploads\/2020\/02\/4-4-300x200.jpg\" sizes=\"(max-width: 300px) 100vw, 300px\" srcset=\"https:\/\/erasmusplus.al\/wp-content\/uploads\/2020\/02\/4-4-300x200.jpg 300w, https:\/\/erasmusplus.al\/wp-content\/uploads\/2020\/02\/4-4-768x513.jpg 768w, https:\/\/erasmusplus.al\/wp-content\/uploads\/2020\/02\/4-4-360x240.jpg 360w, https:\/\/erasmusplus.al\/wp-content\/uploads\/2020\/02\/4-4-272x182.jpg 272w, https:\/\/erasmusplus.al\/wp-content\/uploads\/2020\/02\/4-4.jpg 959w\" alt=\"\" width=\"300\" height=\"200\" \/><\/a>\u00a0<a href=\"https:\/\/erasmusplus.al\/wp-content\/uploads\/2020\/02\/6-1.jpg\"><img loading=\"lazy\" decoding=\"async\" class=\"alignnone size-medium wp-image-4914\" src=\"https:\/\/erasmusplus.al\/wp-content\/uploads\/2020\/02\/6-1-300x169.jpg\" sizes=\"(max-width: 300px) 100vw, 300px\" srcset=\"https:\/\/erasmusplus.al\/wp-content\/uploads\/2020\/02\/6-1-300x169.jpg 300w, https:\/\/erasmusplus.al\/wp-content\/uploads\/2020\/02\/6-1-768x432.jpg 768w, https:\/\/erasmusplus.al\/wp-content\/uploads\/2020\/02\/6-1.jpg 960w\" alt=\"\" width=\"300\" height=\"169\" \/><\/a>\u00a0<a href=\"https:\/\/erasmusplus.al\/wp-content\/uploads\/2020\/02\/Chisinau-2.jpg\"><img loading=\"lazy\" decoding=\"async\" class=\"alignnone size-medium wp-image-4915\" src=\"https:\/\/erasmusplus.al\/wp-content\/uploads\/2020\/02\/Chisinau-2-300x169.jpg\" sizes=\"(max-width: 300px) 100vw, 300px\" srcset=\"https:\/\/erasmusplus.al\/wp-content\/uploads\/2020\/02\/Chisinau-2-300x169.jpg 300w, https:\/\/erasmusplus.al\/wp-content\/uploads\/2020\/02\/Chisinau-2-768x432.jpg 768w, https:\/\/erasmusplus.al\/wp-content\/uploads\/2020\/02\/Chisinau-2.jpg 960w\" alt=\"\" width=\"300\" height=\"169\" \/><\/a><\/p>\n","protected":false},"excerpt":{"rendered":"<p>Dat\u00eb: 12-13 \u00a0Qeshor , 2019 Vendodhja: Universiteti Teknik i Moldavis\u00eb, Chisinau Moldavi Organizuar: Universitetit Teknik i Moldavis\u00eb dhe SPHERE . N\u00eb dat\u00ebn 12-13 Qeshor \u00a02019, n\u00eb ambjentet e Universitetit Teknik t\u00eb Moldavis\u00eb u zhvillua seminari \u201cRecognition: Implications for cross border access to higher education and mobility\u201d. N\u00eb k\u00ebto vite njohja e mobiliteteve \u00ebsht\u00eb shtrir\u00eb dhe [&hellip;]<\/p>\n","protected":false},"author":1,"featured_media":0,"comment_status":"closed","ping_status":"closed","sticky":false,"template":"","format":"standard","meta":{"_acf_changed":false,"_et_pb_use_builder":"","_et_pb_old_content":"","_et_gb_content_width":"","footnotes":""},"categories":[114],"tags":[],"class_list":["post-4918","post","type-post","status-publish","format-standard","hentry","category-here-aktivitete"],"acf":[],"_links":{"self":[{"href":"https:\/\/erasmusplus.al\/index.php?rest_route=\/wp\/v2\/posts\/4918","targetHints":{"allow":["GET"]}}],"collection":[{"href":"https:\/\/erasmusplus.al\/index.php?rest_route=\/wp\/v2\/posts"}],"about":[{"href":"https:\/\/erasmusplus.al\/index.php?rest_route=\/wp\/v2\/types\/post"}],"author":[{"embeddable":true,"href":"https:\/\/erasmusplus.al\/index.php?rest_route=\/wp\/v2\/users\/1"}],"replies":[{"embeddable":true,"href":"https:\/\/erasmusplus.al\/index.php?rest_route=%2Fwp%2Fv2%2Fcomments&post=4918"}],"version-history":[{"count":4,"href":"https:\/\/erasmusplus.al\/index.php?rest_route=\/wp\/v2\/posts\/4918\/revisions"}],"predecessor-version":[{"id":4922,"href":"https:\/\/erasmusplus.al\/index.php?rest_route=\/wp\/v2\/posts\/4918\/revisions\/4922"}],"wp:attachment":[{"href":"https:\/\/erasmusplus.al\/index.php?rest_route=%2Fwp%2Fv2%2Fmedia&parent=4918"}],"wp:term":[{"taxonomy":"category","embeddable":true,"href":"https:\/\/erasmusplus.al\/index.php?rest_route=%2Fwp%2Fv2%2Fcategories&post=4918"},{"taxonomy":"post_tag","embeddable":true,"href":"https:\/\/erasmusplus.al\/index.php?rest_route=%2Fwp%2Fv2%2Ftags&post=4918"}],"curies":[{"name":"wp","href":"https:\/\/api.w.org\/{rel}","templated":true}]}}