{"id":4926,"date":"2019-04-17T15:43:01","date_gmt":"2019-04-17T15:43:01","guid":{"rendered":"http:\/\/erasmusplus.al\/?p=4926"},"modified":"2020-02-18T15:44:16","modified_gmt":"2020-02-18T15:44:16","slug":"takim-ekspertet-e-reformave-ne-arsimin-e-larte-here-dhe-zyra-kombetare-erasmus","status":"publish","type":"post","link":"https:\/\/erasmusplus.al\/?p=4926&lang=sq","title":{"rendered":"Takim Ekspertet e Reformave n\u00eb Arsimin e Lart\u00eb (HERE) dhe Zyra Komb\u00ebtare Erasmus+"},"content":{"rendered":"<p><span style=\"color: #000000;\"><strong>Dat\u00eb:<\/strong> 17 Prill, 2019<\/span><\/p>\n<p><span style=\"color: #000000;\"><strong>Vendodhja:<\/strong> Ministria e Arsimit<\/span><\/p>\n<p><span style=\"color: #000000;\"><strong>Organizuar:<\/strong> HERE + ZKE+<\/span><\/p>\n<p>&nbsp;<\/p>\n<p>&nbsp;<\/p>\n<p><span style=\"color: #000000;\">N\u00eb dat\u00ebn 17 Prill 2019, n\u00eb ambjentet e Ministris\u00eb t\u00eb Arsimit u zhvillua takimi midis Ekspert\u00ebve t\u00eb Reformave n\u00eb Arsimin e Lart\u00eb (HERE) dhe Zyr\u00ebs Komb\u00ebtare Erasmus+.<\/span><\/p>\n<p><span style=\"color: #000000;\">Takimi kishte p\u00ebr q\u00ebllim kristalizimin e programit deri ne fund t\u00eb\u00a0 2019,\u00a0 informimin mbi risit\u00eb mbi programin, aktivitetet organizuar nga SPHERE, seminaret konferencat, vizitat studimore, temat e publikimeve, etj.<\/span><\/p>\n<p><span style=\"color: #000000;\">M\u00eb shum\u00eb informacione p\u00ebr HERE gjeni n\u00eb linkun:<\/span> <span style=\"text-decoration: underline;\"><span style=\"color: #0000ff;\"><a style=\"color: #0000ff; text-decoration: underline;\" href=\"https:\/\/erasmusplus.al\/?page_id=593\">https:\/\/erasmusplus.al\/?page_id=593<\/a><\/span><\/span><\/p>\n<p><span style=\"color: #000000;\">M\u00eb shum\u00eb informacione p\u00ebr SPHERE gjeni n\u00eb linkun:<\/span> <a href=\"https:\/\/supporthere.org\/\"><span style=\"text-decoration: underline;\"><span style=\"color: #0000ff; text-decoration: underline;\">https:\/\/supporthere.org\/<\/span><\/span><\/a><\/p>\n<p><a href=\"https:\/\/erasmusplus.al\/wp-content\/uploads\/2020\/02\/foto-1-1.jpg\"><img loading=\"lazy\" decoding=\"async\" class=\"alignnone size-medium wp-image-4927\" src=\"https:\/\/erasmusplus.al\/wp-content\/uploads\/2020\/02\/foto-1-1-300x224.jpg\" alt=\"\" width=\"300\" height=\"224\" srcset=\"https:\/\/erasmusplus.al\/wp-content\/uploads\/2020\/02\/foto-1-1-300x224.jpg 300w, https:\/\/erasmusplus.al\/wp-content\/uploads\/2020\/02\/foto-1-1-768x574.jpg 768w, https:\/\/erasmusplus.al\/wp-content\/uploads\/2020\/02\/foto-1-1.jpg 960w\" sizes=\"(max-width: 300px) 100vw, 300px\" \/><\/a><\/p>\n","protected":false},"excerpt":{"rendered":"<p>Dat\u00eb: 17 Prill, 2019 Vendodhja: Ministria e Arsimit Organizuar: HERE + ZKE+ &nbsp; &nbsp; N\u00eb dat\u00ebn 17 Prill 2019, n\u00eb ambjentet e Ministris\u00eb t\u00eb Arsimit u zhvillua takimi midis Ekspert\u00ebve t\u00eb Reformave n\u00eb Arsimin e Lart\u00eb (HERE) dhe Zyr\u00ebs Komb\u00ebtare Erasmus+. Takimi kishte p\u00ebr q\u00ebllim kristalizimin e programit deri ne fund t\u00eb\u00a0 2019,\u00a0 informimin mbi [&hellip;]<\/p>\n","protected":false},"author":1,"featured_media":0,"comment_status":"closed","ping_status":"closed","sticky":false,"template":"","format":"standard","meta":{"_acf_changed":false,"_et_pb_use_builder":"","_et_pb_old_content":"","_et_gb_content_width":"","footnotes":""},"categories":[114],"tags":[],"class_list":["post-4926","post","type-post","status-publish","format-standard","hentry","category-here-aktivitete"],"acf":[],"_links":{"self":[{"href":"https:\/\/erasmusplus.al\/index.php?rest_route=\/wp\/v2\/posts\/4926","targetHints":{"allow":["GET"]}}],"collection":[{"href":"https:\/\/erasmusplus.al\/index.php?rest_route=\/wp\/v2\/posts"}],"about":[{"href":"https:\/\/erasmusplus.al\/index.php?rest_route=\/wp\/v2\/types\/post"}],"author":[{"embeddable":true,"href":"https:\/\/erasmusplus.al\/index.php?rest_route=\/wp\/v2\/users\/1"}],"replies":[{"embeddable":true,"href":"https:\/\/erasmusplus.al\/index.php?rest_route=%2Fwp%2Fv2%2Fcomments&post=4926"}],"version-history":[{"count":1,"href":"https:\/\/erasmusplus.al\/index.php?rest_route=\/wp\/v2\/posts\/4926\/revisions"}],"predecessor-version":[{"id":4928,"href":"https:\/\/erasmusplus.al\/index.php?rest_route=\/wp\/v2\/posts\/4926\/revisions\/4928"}],"wp:attachment":[{"href":"https:\/\/erasmusplus.al\/index.php?rest_route=%2Fwp%2Fv2%2Fmedia&parent=4926"}],"wp:term":[{"taxonomy":"category","embeddable":true,"href":"https:\/\/erasmusplus.al\/index.php?rest_route=%2Fwp%2Fv2%2Fcategories&post=4926"},{"taxonomy":"post_tag","embeddable":true,"href":"https:\/\/erasmusplus.al\/index.php?rest_route=%2Fwp%2Fv2%2Ftags&post=4926"}],"curies":[{"name":"wp","href":"https:\/\/api.w.org\/{rel}","templated":true}]}}