{"id":4938,"date":"2020-02-07T15:55:59","date_gmt":"2020-02-07T15:55:59","guid":{"rendered":"http:\/\/erasmusplus.al\/?p=4938"},"modified":"2020-02-18T15:57:12","modified_gmt":"2020-02-18T15:57:12","slug":"takim-ekspertet-e-reformave-ne-arsimin-e-larte-here-dhe-zyra-kombetare-erasmus-2","status":"publish","type":"post","link":"https:\/\/erasmusplus.al\/?p=4938&lang=sq","title":{"rendered":"Takim Ekspertet e Reformave n\u00eb Arsimin e Lart\u00eb (HERE) dhe Zyra Komb\u00ebtare Erasmus+"},"content":{"rendered":"<p><span style=\"color: #000000;\"><strong>Dat\u00eb:<\/strong> 07 Shkurt, 2020<\/span><\/p>\n<p><span style=\"color: #000000;\"><strong>Vendodhja:<\/strong> Zyra Komb\u00ebtare Erasmus+<\/span><\/p>\n<p><span style=\"color: #000000;\"><strong>Organizuar:<\/strong> HERE + ZKE+<\/span><\/p>\n<p>&nbsp;<\/p>\n<p>&nbsp;<\/p>\n<p><span style=\"color: #000000;\">N\u00eb dat\u00ebn 07 Shkurt 2020, n\u00eb zyr\u00ebn e\u00a0 Zyr\u00ebs Komb\u00ebtare Erasmus+ u zhvillua takimi midis Eksperteve t\u00eb Reformave n\u00eb Arsimin e Lart\u00eb (HERE) dhe Zyr\u00ebs Komb\u00ebtare Erasmus+.<\/span><\/p>\n<p><span style=\"color: #000000;\">Takimi kishte p\u00ebr q\u00ebllim kristalizimin e programit deri ne fund t\u00eb\u00a0 2020,\u00a0 informimin mbi risit\u00eb mbi programin, aktivitetet organizuar nga SPHERE, seminaret konferencat, vizitat studimore, temat e publikimeve, etj.<\/span><\/p>\n<p><span style=\"color: #000000;\">M\u00eb shum\u00eb informacione p\u00ebr HERE gjeni n\u00eb linkun<\/span>: <span style=\"text-decoration: underline;\"><span style=\"color: #0000ff;\"><a style=\"color: #0000ff; text-decoration: underline;\" href=\"https:\/\/erasmusplus.al\/?page_id=593\">https:\/\/erasmusplus.al\/?page_id=593<\/a><\/span><\/span><\/p>\n<p><span style=\"color: #000000;\">M\u00eb shum\u00eb informacione p\u00ebr SPHERE gjeni n\u00eb linkun:<\/span> <a href=\"https:\/\/supporthere.org\/\"><span style=\"text-decoration: underline;\"><span style=\"color: #0000ff; text-decoration: underline;\">https:\/\/supporthere.org\/<\/span><\/span><\/a><\/p>\n<p><a href=\"https:\/\/erasmusplus.al\/wp-content\/uploads\/2020\/02\/1-7-scaled.jpg\"><img loading=\"lazy\" decoding=\"async\" class=\"alignnone size-medium wp-image-4934\" src=\"https:\/\/erasmusplus.al\/wp-content\/uploads\/2020\/02\/1-7-300x169.jpg\" sizes=\"(max-width: 300px) 100vw, 300px\" srcset=\"https:\/\/erasmusplus.al\/wp-content\/uploads\/2020\/02\/1-7-300x169.jpg 300w, https:\/\/erasmusplus.al\/wp-content\/uploads\/2020\/02\/1-7-1024x576.jpg 1024w, https:\/\/erasmusplus.al\/wp-content\/uploads\/2020\/02\/1-7-768x432.jpg 768w, https:\/\/erasmusplus.al\/wp-content\/uploads\/2020\/02\/1-7-1536x864.jpg 1536w, https:\/\/erasmusplus.al\/wp-content\/uploads\/2020\/02\/1-7-2048x1152.jpg 2048w\" alt=\"\" width=\"300\" height=\"169\" \/><\/a>\u00a0<a href=\"https:\/\/erasmusplus.al\/wp-content\/uploads\/2020\/02\/3-6-scaled.jpg\"><img loading=\"lazy\" decoding=\"async\" class=\"alignnone size-medium wp-image-4935\" src=\"https:\/\/erasmusplus.al\/wp-content\/uploads\/2020\/02\/3-6-300x169.jpg\" sizes=\"(max-width: 300px) 100vw, 300px\" srcset=\"https:\/\/erasmusplus.al\/wp-content\/uploads\/2020\/02\/3-6-300x169.jpg 300w, https:\/\/erasmusplus.al\/wp-content\/uploads\/2020\/02\/3-6-1024x576.jpg 1024w, https:\/\/erasmusplus.al\/wp-content\/uploads\/2020\/02\/3-6-768x432.jpg 768w, https:\/\/erasmusplus.al\/wp-content\/uploads\/2020\/02\/3-6-1536x864.jpg 1536w, https:\/\/erasmusplus.al\/wp-content\/uploads\/2020\/02\/3-6-2048x1152.jpg 2048w\" alt=\"\" width=\"300\" height=\"169\" \/><\/a>\u00a0<a href=\"https:\/\/erasmusplus.al\/wp-content\/uploads\/2020\/02\/4-5-scaled.jpg\"><img loading=\"lazy\" decoding=\"async\" class=\"alignnone size-medium wp-image-4936\" src=\"https:\/\/erasmusplus.al\/wp-content\/uploads\/2020\/02\/4-5-300x169.jpg\" sizes=\"(max-width: 300px) 100vw, 300px\" srcset=\"https:\/\/erasmusplus.al\/wp-content\/uploads\/2020\/02\/4-5-300x169.jpg 300w, https:\/\/erasmusplus.al\/wp-content\/uploads\/2020\/02\/4-5-1024x576.jpg 1024w, https:\/\/erasmusplus.al\/wp-content\/uploads\/2020\/02\/4-5-768x432.jpg 768w, https:\/\/erasmusplus.al\/wp-content\/uploads\/2020\/02\/4-5-1536x864.jpg 1536w, https:\/\/erasmusplus.al\/wp-content\/uploads\/2020\/02\/4-5-2048x1152.jpg 2048w\" alt=\"\" width=\"300\" height=\"169\" \/><\/a><\/p>\n","protected":false},"excerpt":{"rendered":"<p>Dat\u00eb: 07 Shkurt, 2020 Vendodhja: Zyra Komb\u00ebtare Erasmus+ Organizuar: HERE + ZKE+ &nbsp; &nbsp; N\u00eb dat\u00ebn 07 Shkurt 2020, n\u00eb zyr\u00ebn e\u00a0 Zyr\u00ebs Komb\u00ebtare Erasmus+ u zhvillua takimi midis Eksperteve t\u00eb Reformave n\u00eb Arsimin e Lart\u00eb (HERE) dhe Zyr\u00ebs Komb\u00ebtare Erasmus+. Takimi kishte p\u00ebr q\u00ebllim kristalizimin e programit deri ne fund t\u00eb\u00a0 2020,\u00a0 informimin mbi [&hellip;]<\/p>\n","protected":false},"author":1,"featured_media":0,"comment_status":"closed","ping_status":"closed","sticky":false,"template":"","format":"standard","meta":{"_acf_changed":false,"_et_pb_use_builder":"","_et_pb_old_content":"","_et_gb_content_width":"","footnotes":""},"categories":[114],"tags":[],"class_list":["post-4938","post","type-post","status-publish","format-standard","hentry","category-here-aktivitete"],"acf":[],"_links":{"self":[{"href":"https:\/\/erasmusplus.al\/index.php?rest_route=\/wp\/v2\/posts\/4938","targetHints":{"allow":["GET"]}}],"collection":[{"href":"https:\/\/erasmusplus.al\/index.php?rest_route=\/wp\/v2\/posts"}],"about":[{"href":"https:\/\/erasmusplus.al\/index.php?rest_route=\/wp\/v2\/types\/post"}],"author":[{"embeddable":true,"href":"https:\/\/erasmusplus.al\/index.php?rest_route=\/wp\/v2\/users\/1"}],"replies":[{"embeddable":true,"href":"https:\/\/erasmusplus.al\/index.php?rest_route=%2Fwp%2Fv2%2Fcomments&post=4938"}],"version-history":[{"count":1,"href":"https:\/\/erasmusplus.al\/index.php?rest_route=\/wp\/v2\/posts\/4938\/revisions"}],"predecessor-version":[{"id":4939,"href":"https:\/\/erasmusplus.al\/index.php?rest_route=\/wp\/v2\/posts\/4938\/revisions\/4939"}],"wp:attachment":[{"href":"https:\/\/erasmusplus.al\/index.php?rest_route=%2Fwp%2Fv2%2Fmedia&parent=4938"}],"wp:term":[{"taxonomy":"category","embeddable":true,"href":"https:\/\/erasmusplus.al\/index.php?rest_route=%2Fwp%2Fv2%2Fcategories&post=4938"},{"taxonomy":"post_tag","embeddable":true,"href":"https:\/\/erasmusplus.al\/index.php?rest_route=%2Fwp%2Fv2%2Ftags&post=4938"}],"curies":[{"name":"wp","href":"https:\/\/api.w.org\/{rel}","templated":true}]}}