{"id":5100,"date":"2019-12-17T12:10:24","date_gmt":"2019-12-17T12:10:24","guid":{"rendered":"http:\/\/erasmusplus.al\/?p=5100"},"modified":"2020-06-30T08:47:28","modified_gmt":"2020-06-30T08:47:28","slug":"dita-kombetare-informuese-erasmus-2019","status":"publish","type":"post","link":"https:\/\/erasmusplus.al\/?p=5100&lang=sq","title":{"rendered":"Dita Komb\u00ebtare Informuese Erasmus+, 2019"},"content":{"rendered":"<p><span style=\"color: #000000;\"><strong>Data: <\/strong>17 Dhjetor 2019<\/span><\/p>\n<p><span style=\"color: #000000;\"><strong>Vendodhja: <\/strong>Europe House, Tirana, Albania<\/span><\/p>\n<p><span style=\"color: #000000;\"><strong>\u00a0<\/strong><\/span><\/p>\n<p><span style=\"color: #000000;\">Zyra Komb\u00ebtare Erasmus+ n\u00eb Shqip\u00ebri me mb\u00ebshtetjen e Delegacionit Europian dhe Europe House organizuan, &#8220;Dita Komb\u00ebtare Informuese 2019&#8221;, m\u00eb 17 Dhjetor 2019. Aktiviteti \u00a0kishte si fokus prezantimin e \u201cThirrjes 2019\u201d p\u00ebr propozime projektesh n\u00eb kuad\u00ebr t\u00eb programit t\u00eb Bashkimit Evropian Erasmus +, i cili p\u00ebrfshin informacione dhe udh\u00ebzime se si t\u00eb aplikoni n\u00eb programet e m\u00ebposhtme: Nd\u00ebrtimi i Kapaciteteve p\u00ebr Arsimin e Lart\u00eb, L\u00ebvizshm\u00ebria e Mobiliteteve Nd\u00ebrkomb\u00ebtare, Erasmus + Mundus, Master i P\u00ebrbashk\u00ebt dhe Jean Monnet. P\u00ebr m\u00eb tep\u00ebr, u prezantuan dy programe t\u00eb rrjetit t\u00eb student\u00ebve n\u00ebn Erasmus +: ESN dhe WBAA.<\/span><\/p>\n<p><span style=\"color: #000000;\">Aktiviteti mblodhi mbi 150 studente dhe 100 aktor\u00eb te ndrysh\u00ebm nga Institucionet e Arsimit t\u00eb Lart\u00eb n\u00eb Shqip\u00ebri, ku\u00a0 prezantoi mund\u00ebsit\u00eb p\u00ebr t\u00eb p\u00ebrfituar nga programet e ndryshme t\u00eb BE-s\u00eb, s\u00eb bashku me p\u00ebrvojat reale nga projektet e suksesshme. P\u00ebrfaq\u00ebsuesi nd\u00ebrkomb\u00ebtar nga Agjensia Komb\u00ebtare Erasmus + e Maqedonis\u00eb t\u00eb Veriut mori pjes\u00eb n\u00eb k\u00ebt\u00eb aktivitet, p\u00ebr nxitjen e bashk\u00ebpunimit nd\u00ebrmjet Institucionet e Arsimit t\u00eb Lart\u00eb n\u00eb Shqip\u00ebri dhe Maqedonis\u00eb s\u00eb Veriut, p\u00ebrsa i p\u00ebrket pjes\u00ebmarrjes n\u00eb L\u00ebvizjen e Mobiliteteve Nd\u00ebrkomb\u00ebtare dhe mund\u00ebsive brenda skem\u00ebs Jean Monnet.<\/span><\/p>\n<p><span style=\"color: #000000;\">N\u00eb mbylljen e aktivitetit &#8220;Dita Komb\u00ebtare Informuese 2019&#8221;, pjes\u00ebmarr\u00ebsit pat\u00ebn mund\u00ebsin\u00eb t\u00eb a) Rrisin rrjetin e bashk\u00ebpunimit me Institucionet e Arsimit t\u00eb Lart n\u00eb Maqedonine e Veriut; b) M\u00ebsuan se si t\u00eb aplikojn\u00eb n\u00eb programet dhe mund\u00ebsit\u00eb e ndryshme Erasmus+; c) M\u00ebsuan dhe u prezantuan p\u00ebr strategjit\u00eb dhe politikat komb\u00ebtare t\u00eb Ministris\u00eb s\u00eb Arsimit t\u00eb Lart\u00eb.<\/span><\/p>\n<p><span style=\"color: #000000;\"><strong>Erasmus+ National Information Day-2019<\/strong><\/span><\/p>\n<p><span style=\"color: #000000;\">Venue: Europe House, Tirana, Albania<\/span><\/p>\n<p><span style=\"color: #000000;\">Date: 17<sup>th<\/sup> December 2019<\/span><\/p>\n<p><span style=\"color: #000000;\"><strong>\u00a0<\/strong><\/span><\/p>\n<p><span style=\"color: #000000;\"><strong>Agenda<\/strong><\/span><\/p>\n<table style=\"width: 0%; border-style: solid; border-color: #000000;\" width=\"85.8753%\">\n<tbody>\n<tr>\n<td style=\"width: 31.3176%; border-style: solid; border-color: #000000; background-color: #cce3eb;\"><span style=\"color: #000000;\">09:30-10:00<\/span><\/td>\n<td style=\"width: 132.014%; border-style: solid; border-color: #000000; background-color: #cce3eb;\"><span style=\"color: #000000;\">REGISTRATION OF PARTICIPANTS AND COFFEE.<\/span><\/td>\n<\/tr>\n<tr>\n<td style=\"width: 31.3176%; border-style: solid; border-color: #000000; background-color: #cce3eb;\"><span style=\"color: #000000;\">10:00-10.30<\/span><\/td>\n<td style=\"width: 132.014%; border-style: solid; border-color: #000000; background-color: #cce3eb;\"><span style=\"color: #000000;\">WELCOME SPEECH<\/span><\/td>\n<\/tr>\n<tr>\n<td style=\"width: 31.3176%;\" rowspan=\"3\"><\/td>\n<td style=\"width: 132.014%; border-style: solid; border-color: #000000;\"><span style=\"color: #000000;\">Delegation of the European Union to Albania,<\/span><\/p>\n<p><span style=\"color: #000000;\">Head of Operations Section<\/span><\/p>\n<p><span style=\"color: #000000;\">\u00a0\u00a0\u00a0\u00a0\u00a0\u00a0\u00a0\u00a0\u00a0\u00a0\u00a0\u00a0\u00a0\u00a0\u00a0\u00a0\u00a0\u00a0\u00a0\u00a0\u00a0\u00a0\u00a0\u00a0\u00a0\u00a0\u00a0\u00a0\u00a0\u00a0\u00a0\u00a0\u00a0\u00a0\u00a0\u00a0\u00a0\u00a0\u00a0\u00a0\u00a0\u00a0\u00a0\u00a0\u00a0\u00a0\u00a0\u00a0\u00a0\u00a0\u00a0\u00a0\u00a0\u00a0\u00a0\u00a0\u00a0\u00a0\u00a0\u00a0\u00a0\u00a0\u00a0\u00a0\u00a0\u00a0\u00a0\u00a0\u00a0\u00a0\u00a0\u00a0\u00a0\u00a0\u00a0\u00a0\u00a0\u00a0\u00a0\u00a0\u00a0 <em>Lenka VITKOVA, <\/em><\/span><\/td>\n<\/tr>\n<tr>\n<td style=\"width: 132.014%; border-style: solid; border-color: #000000;\"><span style=\"color: #000000;\"><em>\u00a0\u00a0\u00a0\u00a0\u00a0\u00a0\u00a0\u00a0\u00a0\u00a0\u00a0\u00a0\u00a0\u00a0\u00a0\u00a0\u00a0\u00a0 Moderator:\u00a0 <\/em>Programme Manager at European Commission\u00a0<\/span><\/p>\n<p><span style=\"color: #000000;\">\u00a0\u00a0\u00a0\u00a0\u00a0\u00a0\u00a0\u00a0\u00a0\u00a0\u00a0\u00a0\u00a0\u00a0\u00a0\u00a0\u00a0\u00a0 Presentation of 10 selected Erasmus+ CBHE projects, 2019 Call<\/span><\/p>\n<p><span style=\"color: #000000;\"><em>\u00a0 \u00a0 \u00a0 \u00a0 \u00a0 \u00a0 \u00a0 \u00a0 \u00a0 \u00a0 \u00a0 \u00a0 \u00a0 \u00a0 \u00a0 \u00a0 \u00a0 \u00a0 \u00a0 \u00a0 \u00a0 \u00a0 \u00a0 \u00a0 \u00a0 \u00a0 \u00a0 \u00a0 \u00a0 \u00a0 \u00a0 \u00a0 \u00a0 \u00a0 \u00a0 \u00a0 \u00a0 \u00a0 \u00a0 \u00a0 \u00a0 \u00a0 \u00a0 \u00a0 \u00a0 Xheni SINAKOLI<\/em><\/span><\/td>\n<\/tr>\n<tr>\n<td style=\"width: 132.014%; border-style: solid; border-color: #000000;\"><span style=\"text-decoration: underline;\"><span style=\"color: #0000ff;\"><a style=\"color: #0000ff;\" href=\"https:\/\/erasmusplus.al\/wp-content\/uploads\/2020\/03\/00.01-10-Projektet-Fituese-CBHE_2019.pdf\"><strong><em>00.01 10 Projektet Fituese CBHE_2019<\/em><\/strong><\/a><\/span><\/span><\/td>\n<\/tr>\n<tr>\n<td style=\"width: 31.3176%; border-style: solid; border-color: #000000; background-color: #cce3eb;\"><span style=\"color: #000000;\">\u00a0SESSION 1:<\/span><\/td>\n<td style=\"width: 132.014%; border-style: solid; border-color: #000000; background-color: #cce3eb;\"><span style=\"color: #000000;\">ERASMUS+ FOR HIGHER EDUCATION INSTITUTIONS<\/span><\/td>\n<\/tr>\n<tr>\n<td style=\"width: 31.3176%;\" rowspan=\"3\"><span style=\"color: #000000;\">10:30-11:30<\/span><\/td>\n<td style=\"width: 132.014%; border-style: solid; border-color: #000000;\"><span style=\"color: #000000;\"><strong>Basic features of the Erasmus+ programme Capacity Building in the Field of Higher Education<\/strong><\/span><\/td>\n<\/tr>\n<tr>\n<td style=\"width: 132.014%; border-style: solid; border-color: #000000;\"><span style=\"color: #000000;\">National Erasmus+ Office, <em>Elona SARACI<\/em><\/span><\/p>\n<p><a href=\"https:\/\/erasmusplus.al\/wp-content\/uploads\/2020\/03\/CBHE-project-application-final-Call-2020.pdf\"><span style=\"text-decoration: underline;\"><span style=\"color: #0000ff;\"><strong>CBHE project application final -Call 2020<\/strong><\/span><\/span><\/a><\/td>\n<\/tr>\n<tr>\n<td style=\"width: 132.014%; border-style: solid; border-color: #000000;\"><span style=\"color: #000000;\"><em>Albanian Coordinators of CBHE: <\/em><\/span><br \/>\n<span style=\"color: #000000;\">University of Art, <em>Pjeter GURALUMI\u00a0 <\/em><\/span><br \/>\n<span style=\"color: #000000;\">Polytechnic University of Tirana, <em>Alma AFEJZOLLI<\/em><\/span><\/p>\n<p><a href=\"https:\/\/erasmusplus.al\/wp-content\/uploads\/2020\/03\/KA2.04-Bkstone-_UPT.pdf\"><span style=\"text-decoration: underline;\"><span style=\"color: #0000ff; text-decoration: underline;\"><strong><em>KA2.04 Bkstone _UPT<\/em><\/strong> <\/span><\/span><\/a><br \/>\n<span style=\"color: #000000;\">University of Durres &#8221; Aleksander Moisiu\u201d, <em>Albana HALILI<\/em><\/span><\/p>\n<p><a href=\"https:\/\/erasmusplus.al\/wp-content\/uploads\/2020\/03\/KA2.03-VTech@WBUni_UAMD.pdf\"><span style=\"text-decoration: underline;\"><span style=\"color: #0000ff;\"><strong>KA2.03 VTech@WBUni_UAMD<\/strong><\/span><\/span><\/a><br \/>\n<span style=\"color: #000000;\">Polis University, <em>Flora KRASNIQI<\/em><\/span><\/p>\n<p><a href=\"https:\/\/erasmusplus.al\/wp-content\/uploads\/2020\/03\/KA2.05-Drive_UPOLIS.pdf\"><span style=\"text-decoration: underline;\"><span style=\"color: #0000ff;\"><strong><em>KA2.05 Drive_UPOLIS<\/em><\/strong><\/span><\/span><\/a><\/p>\n<p><span style=\"color: #000000;\">University of Tirana, <em>Kozeta SEVRANI<\/em><\/span><\/p>\n<p><span style=\"text-decoration: underline;\"><span style=\"color: #0000ff;\"><strong><em>KA2.02 INTERBA UT_K.Bakiu<\/em><\/strong><\/span><\/span><\/p>\n<p><span style=\"color: #000000;\">Agriculture University of Tirana, <em>Aurora HOXHA<\/em><\/span><br \/>\n<span style=\"color: #000000;\">Agriculture University of Tirana, <em>Renata KONGOLI<\/em><\/span><\/p>\n<p><span style=\"color: #000000;\">European University of Tirana, <em>Ketrina CABIRI<\/em><\/span><\/td>\n<\/tr>\n<tr>\n<td style=\"width: 31.3176%; border-style: solid; border-color: #000000;\" rowspan=\"4\"><span style=\"color: #000000;\">11:30-12:30<\/span><\/td>\n<td style=\"width: 132.014%; border-style: solid; border-color: #000000;\"><span style=\"color: #000000;\"><strong>International Credit Mobility in Erasmus+<\/strong><\/span><\/td>\n<\/tr>\n<tr>\n<td style=\"width: 132.014%; border-style: solid; border-color: #000000;\"><span style=\"color: #000000;\">National Erasmus+ Office, <em>Erida CURRAJ<\/em><\/span><\/p>\n<p><a href=\"https:\/\/erasmusplus.al\/wp-content\/uploads\/2020\/03\/KA1.01-Introduction-ICM_2020call.pdf\"><span style=\"text-decoration: underline;\"><span style=\"color: #0000ff;\"><strong>KA1.01 Introduction -ICM_2020call<\/strong><\/span><\/span><\/a><\/td>\n<\/tr>\n<tr>\n<td style=\"width: 132.014%; border-style: solid; border-color: #000000;\"><span style=\"color: #000000;\">National Office of North Macedonia, <em>Aleksandar <\/em><em>BOGOJEVSKI<\/em><\/span><\/p>\n<p><a href=\"https:\/\/erasmusplus.al\/wp-content\/uploads\/2020\/03\/KA1-02-Trends-in-KA1-and-Influence-of-E.pdf\"><span style=\"text-decoration: underline;\"><span style=\"color: #0000ff;\"><strong><em>KA1 02 Trends in KA1 and Influence of E+ <\/em><\/strong><\/span><\/span><\/a><\/td>\n<\/tr>\n<tr>\n<td style=\"width: 132.014%; border-style: solid; border-color: #000000;\"><span style=\"color: #000000;\">University of Tirana, <em>Elton SKENDAJ<\/em><\/span><br \/>\n<span style=\"color: #000000;\">University of Vlora, <em>Rezarta SINANALIAJ<\/em><\/span><\/p>\n<p><a href=\"https:\/\/erasmusplus.al\/wp-content\/uploads\/2020\/03\/KA1.03-UNIVERSITY-OF-VLORA-E.pdf\"><span style=\"text-decoration: underline;\"><span style=\"color: #0000ff;\"><strong><em>KA1.03 UNIVERSITY OF VLORA &#8211; E+<\/em><\/strong><\/span><\/span><\/a><\/p>\n<p><span style=\"color: #000000;\">University of Elbasan, <em>Eda CELA<\/em><\/span><\/td>\n<\/tr>\n<tr>\n<td style=\"width: 31.3176%; border-style: solid; border-color: #000000;\" rowspan=\"2\"><span style=\"color: #000000;\">12:30-13:00<\/span><\/td>\n<td style=\"width: 132.014%; border-style: solid; border-color: #000000;\"><span style=\"color: #000000;\"><strong>Presentation of Jean Monnet programme + Best Practice <\/strong><\/span><\/td>\n<\/tr>\n<tr>\n<td style=\"width: 132.014%; border-style: solid; border-color: #000000;\"><span style=\"color: #000000;\"><em>\u00a0\u00a0 <\/em>University of Vlore, <em>Armela PANAJOTI<\/em><\/span><\/p>\n<p><a href=\"https:\/\/erasmusplus.al\/wp-content\/uploads\/2020\/03\/JM-01-A.Panajoti-call2020.pdf\"><span style=\"text-decoration: underline;\"><span style=\"color: #0000ff;\"><strong><em>JM 01-A.Panajoti call2020<\/em><\/strong><\/span><\/span><\/a><\/p>\n<p><span style=\"color: #000000;\">University of Tirana, <em>Juliana MARKO GJINKO<\/em><\/span><\/p>\n<p><a href=\"https:\/\/erasmusplus.al\/wp-content\/uploads\/2020\/03\/JM-02-J.MARKO-case-study.pdf\"><span style=\"text-decoration: underline;\"><span style=\"color: #0000ff;\"><strong><em>JM 02 &#8211; J.MARKO case study<\/em><\/strong><\/span><\/span><\/a><\/td>\n<\/tr>\n<tr>\n<td style=\"width: 31.3176%; border-style: solid; border-color: #000000; background-color: #cce3eb;\"><span style=\"color: #000000;\">13:00-14:00<\/span><\/td>\n<td style=\"width: 132.014%; border-style: solid; border-color: #000000; background-color: #cce3eb;\"><span style=\"color: #000000;\">LUNCH<\/span><\/td>\n<\/tr>\n<tr>\n<td style=\"width: 31.3176%; border-style: solid; border-color: #000000; background-color: #cce3eb;\"><span style=\"color: #000000;\">\u00a0Session 2:<\/span><\/td>\n<td style=\"width: 132.014%; border-style: solid; border-color: #000000; background-color: #cce3eb;\"><span style=\"color: #000000;\">ERASMUS+ FOR STUDENTS<\/span><\/td>\n<\/tr>\n<tr>\n<td style=\"width: 31.3176%; border-style: solid; border-color: #000000;\" rowspan=\"4\"><span style=\"color: #000000;\">14:00-15:00<\/span><\/td>\n<td style=\"width: 132.014%; border-style: solid; border-color: #000000;\"><span style=\"color: #000000;\"><strong>The existing possibilities within the Erasmus Mundus JMD, EM partnerships and ICM<\/strong><\/span><\/td>\n<\/tr>\n<tr>\n<td style=\"width: 132.014%; border-style: solid; border-color: #000000;\"><span style=\"color: #000000;\">International credit mobility for students;<\/span><\/p>\n<p><span style=\"color: #000000;\">\u00a0\u00a0\u00a0\u00a0\u00a0\u00a0\u00a0\u00a0\u00a0\u00a0\u00a0\u00a0\u00a0\u00a0\u00a0\u00a0\u00a0\u00a0\u00a0\u00a0\u00a0\u00a0\u00a0\u00a0\u00a0\u00a0\u00a0\u00a0\u00a0\u00a0\u00a0\u00a0\u00a0\u00a0\u00a0\u00a0\u00a0\u00a0\u00a0\u00a0\u00a0\u00a0\u00a0\u00a0\u00a0\u00a0 European University of Tirana, <em>Ines TROSHANI<\/em>\u00a0<\/span><\/p>\n<p><span style=\"color: #000000;\"><strong>\u00a0 \u00a0 \u00a0 \u00a0 \u00a0 \u00a0 \u00a0 \u00a0 \u00a0 \u00a0 \u00a0 \u00a0 \u00a0 \u00a0 \u00a0 \u00a0<a href=\"https:\/\/erasmusplus.al\/wp-content\/uploads\/2020\/03\/02.01-ICM-Case-Study-Students-Mobility-Info-Day.pdf\"><span style=\"text-decoration: underline;\"><span style=\"color: #0000ff; text-decoration: underline;\">02.01 ICM Case Study Students Mobility- Info Day<\/span><\/span><\/a>\u00a0 \u00a0 \u00a0 \u00a0 \u00a0 \u00a0 \u00a0 \u00a0 \u00a0 \u00a0 \u00a0 \u00a0 \u00a0 \u00a0 \u00a0 \u00a0 \u00a0 \u00a0 \u00a0 \u00a0 \u00a0 \u00a0\u00a0<\/strong><\/span><\/td>\n<\/tr>\n<tr>\n<td style=\"width: 132.014%; border-style: solid; border-color: #000000;\"><span style=\"color: #000000;\">Erasmus Mundus Joint Masters;<\/span><\/p>\n<p><span style=\"color: #000000;\">\u00a0\u00a0\u00a0\u00a0\u00a0 National Erasmus+ Office, <em>Erida CURRAJ<\/em><\/span><\/p>\n<p><span style=\"color: #000000;\">\u00a0\u00a0\u00a0\u00a0\u00a0\u00a0\u00a0\u00a0\u00a0\u00a0\u00a0 \u00a0\u00a0\u00a0\u00a0\u00a0\u00a0\u00a0\u00a0\u00a0\u00a0\u00a0\u00a0\u00a0\u00a0\u00a0\u00a0\u00a0\u00a0\u00a0\u00a0\u00a0\u00a0\u00a0\u00a0\u00a0\u00a0\u00a0\u00a0\u00a0\u00a0\u00a0\u00a0\u00a0\u00a0\u00a0\u00a0\u00a0\u00a0\u00a0\u00a0\u00a0\u00a0\u00a0\u00a0\u00a0\u00a0\u00a0\u00a0\u00a0\u00a0\u00a0\u00a0JMMundus Student: <em>Lutjona LULAJ<\/em><\/span><\/p>\n<p><span style=\"color: #000000;\"><strong>\u00a0\u00a0\u00a0\u00a0\u00a0\u00a0\u00a0\u00a0\u00a0\u00a0\u00a0\u00a0\u00a0\u00a0\u00a0\u00a0\u00a0\u00a0\u00a0\u00a0\u00a0\u00a0\u00a0\u00a0\u00a0\u00a0\u00a0\u00a0\u00a0\u00a0\u00a0\u00a0\u00a0\u00a0\u00a0\u00a0\u00a0\u00a0\u00a0\u00a0\u00a0\u00a0\u00a0\u00a0\u00a0\u00a0\u00a0\u00a0\u00a0\u00a0\u00a0 <a href=\"https:\/\/erasmusplus.al\/wp-content\/uploads\/2020\/03\/02.03-How-to-apply-EJMM-Joint-Master2020.pdf\"><span style=\"color: #0000ff;\">02.03 How to apply EJMM, Joint Master2020<\/span><\/a><\/strong><\/span><\/td>\n<\/tr>\n<tr>\n<td style=\"width: 132.014%; border-style: solid; border-color: #000000;\"><span style=\"color: #000000;\">Student\u2019s experience.<\/span><\/p>\n<p><a href=\"https:\/\/erasmusplus.al\/wp-content\/uploads\/2020\/03\/02.02-Student-Eexperience-_Arjola.pdf\"><span style=\"text-decoration: underline;\"><span style=\"color: #0000ff;\"><strong>02.02 Student E+experience _Arjola<\/strong><\/span><\/span><\/a><\/p>\n<p><a href=\"https:\/\/erasmusplus.al\/wp-content\/uploads\/2020\/03\/02.02-Student-Eexperience_O.Sidorela.pdf\"><span style=\"text-decoration: underline;\"><span style=\"color: #0000ff;\"><strong>02.02 Student E+experience_O.Sidorela<\/strong><\/span><\/span><\/a><\/p>\n<p><span style=\"text-decoration: underline;\"><span style=\"color: #0000ff;\"><strong>02.02 Student E+ experience_A.Deda<\/strong><\/span><\/span><\/td>\n<\/tr>\n<tr>\n<td style=\"width: 31.3176%; border-style: solid; border-color: #000000;\" rowspan=\"2\"><span style=\"color: #000000;\">15:00- 15:30<\/span><\/td>\n<td style=\"width: 132.014%; border-style: solid; border-color: #000000;\"><span style=\"color: #000000;\"><strong>Erasmus Student Network (ESN Tirana)<\/strong><\/span><\/td>\n<\/tr>\n<tr>\n<td style=\"width: 132.014%; border-style: solid; border-color: #000000;\"><span style=\"color: #000000;\"><em>Lutjona LULA<\/em><\/span><\/p>\n<p><a href=\"https:\/\/erasmusplus.al\/wp-content\/uploads\/2020\/03\/02.04-ESN-Presentation-NEO-Info-Day.pdf\"><span style=\"text-decoration: underline;\"><span style=\"color: #0000ff;\"><strong>02.04 ESN Presentation NEO Info Day <\/strong><\/span><\/span><\/a><\/p>\n<p><span style=\"color: #000000;\">Student\u2019s experience-Incoming students<\/span><\/td>\n<\/tr>\n<tr>\n<td style=\"width: 31.3176%; border-style: solid; border-color: #000000;\" rowspan=\"2\"><span style=\"color: #000000;\">15:30- 16:00<\/span><\/td>\n<td style=\"width: 132.014%; border-style: solid; border-color: #000000;\"><span style=\"color: #000000;\"><strong>Western Balkans Alumni Association (WBAA)<\/strong><\/span><\/p>\n<p><span style=\"color: #000000;\"><strong>\u00a0\u00a0\u00a0\u00a0\u00a0\u00a0\u00a0\u00a0\u00a0\u00a0\u00a0\u00a0\u00a0\u00a0\u00a0\u00a0\u00a0\u00a0\u00a0\u00a0\u00a0\u00a0\u00a0\u00a0\u00a0\u00a0\u00a0\u00a0\u00a0\u00a0\u00a0\u00a0\u00a0\u00a0\u00a0\u00a0\u00a0\u00a0\u00a0\u00a0\u00a0\u00a0\u00a0\u00a0\u00a0\u00a0\u00a0\u00a0\u00a0\u00a0\u00a0\u00a0\u00a0\u00a0\u00a0\u00a0\u00a0\u00a0\u00a0\u00a0\u00a0\u00a0\u00a0\u00a0\u00a0\u00a0\u00a0\u00a0\u00a0\u00a0\u00a0\u00a0\u00a0\u00a0\u00a0\u00a0\u00a0\u00a0\u00a0\u00a0\u00a0\u00a0\u00a0\u00a0\u00a0\u00a0\u00a0\u00a0\u00a0\u00a0\u00a0\u00a0\u00a0\u00a0\u00a0\u00a0\u00a0\u00a0\u00a0\u00a0\u00a0\u00a0 <\/strong><em>Klaudjo KAVAJA<\/em><\/span><\/p>\n<p><span style=\"color: #000000;\"><em>\u00a0\u00a0\u00a0\u00a0\u00a0\u00a0\u00a0\u00a0\u00a0\u00a0\u00a0\u00a0\u00a0\u00a0\u00a0\u00a0\u00a0\u00a0\u00a0\u00a0\u00a0\u00a0\u00a0\u00a0\u00a0\u00a0\u00a0\u00a0\u00a0\u00a0\u00a0\u00a0\u00a0\u00a0\u00a0\u00a0\u00a0\u00a0\u00a0\u00a0\u00a0\u00a0\u00a0\u00a0\u00a0\u00a0\u00a0\u00a0\u00a0\u00a0\u00a0\u00a0\u00a0\u00a0\u00a0\u00a0\u00a0\u00a0\u00a0\u00a0\u00a0\u00a0\u00a0\u00a0\u00a0\u00a0\u00a0\u00a0\u00a0 <a href=\"https:\/\/erasmusplus.al\/wp-content\/uploads\/2020\/03\/02.05-WBAA-Presentation-Info-day.pdf\"><span style=\"text-decoration: underline;\"><span style=\"color: #0000ff;\"><strong>02.05 WBAA Presentation Info day<\/strong><\/span><\/span><\/a><\/em><\/span><\/td>\n<\/tr>\n<tr>\n<td style=\"width: 132.014%; border-style: solid; border-color: #000000;\"><span style=\"color: #000000;\">Student\u2019s experience- Alumni Student<\/span><\/td>\n<\/tr>\n<tr>\n<td style=\"width: 31.3176%; border-style: solid; border-color: #000000; background-color: #cce3eb;\"><span style=\"color: #000000;\">16:00<\/span><\/td>\n<td style=\"width: 132.014%; border-style: solid; border-color: #000000; background-color: #cce3eb;\"><span style=\"color: #000000;\">CLOSING EVENT<\/span><\/td>\n<\/tr>\n<\/tbody>\n<\/table>\n<p><span style=\"color: #000000;\"><a style=\"color: #000000;\" href=\"https:\/\/erasmusplus.al\/wp-content\/uploads\/2020\/03\/1.jpg\"><img loading=\"lazy\" decoding=\"async\" class=\"alignnone size-medium wp-image-5052\" src=\"https:\/\/erasmusplus.al\/wp-content\/uploads\/2020\/03\/1-300x168.jpg\" alt=\"\" width=\"300\" height=\"168\" srcset=\"https:\/\/erasmusplus.al\/wp-content\/uploads\/2020\/03\/1-300x168.jpg 300w, https:\/\/erasmusplus.al\/wp-content\/uploads\/2020\/03\/1-768x431.jpg 768w, https:\/\/erasmusplus.al\/wp-content\/uploads\/2020\/03\/1.jpg 960w\" sizes=\"(max-width: 300px) 100vw, 300px\" \/><\/a> <a style=\"color: #000000;\" href=\"https:\/\/erasmusplus.al\/wp-content\/uploads\/2020\/03\/2.jpg\"><img loading=\"lazy\" decoding=\"async\" class=\"alignnone size-medium wp-image-5053\" src=\"https:\/\/erasmusplus.al\/wp-content\/uploads\/2020\/03\/2-300x225.jpg\" alt=\"\" width=\"300\" height=\"225\" srcset=\"https:\/\/erasmusplus.al\/wp-content\/uploads\/2020\/03\/2-300x225.jpg 300w, https:\/\/erasmusplus.al\/wp-content\/uploads\/2020\/03\/2-768x576.jpg 768w, https:\/\/erasmusplus.al\/wp-content\/uploads\/2020\/03\/2.jpg 960w\" sizes=\"(max-width: 300px) 100vw, 300px\" \/><\/a> <a style=\"color: #000000;\" href=\"https:\/\/erasmusplus.al\/wp-content\/uploads\/2020\/03\/2a.jpg\"><img loading=\"lazy\" decoding=\"async\" class=\"alignnone size-medium wp-image-5054\" src=\"https:\/\/erasmusplus.al\/wp-content\/uploads\/2020\/03\/2a-300x225.jpg\" alt=\"\" width=\"300\" height=\"225\" srcset=\"https:\/\/erasmusplus.al\/wp-content\/uploads\/2020\/03\/2a-300x225.jpg 300w, https:\/\/erasmusplus.al\/wp-content\/uploads\/2020\/03\/2a-768x576.jpg 768w, https:\/\/erasmusplus.al\/wp-content\/uploads\/2020\/03\/2a.jpg 960w\" sizes=\"(max-width: 300px) 100vw, 300px\" \/><\/a> <a style=\"color: #000000;\" href=\"https:\/\/erasmusplus.al\/wp-content\/uploads\/2020\/03\/3.jpg\"><img loading=\"lazy\" decoding=\"async\" class=\"alignnone size-medium wp-image-5055\" src=\"https:\/\/erasmusplus.al\/wp-content\/uploads\/2020\/03\/3-300x225.jpg\" alt=\"\" width=\"300\" height=\"225\" srcset=\"https:\/\/erasmusplus.al\/wp-content\/uploads\/2020\/03\/3-300x225.jpg 300w, https:\/\/erasmusplus.al\/wp-content\/uploads\/2020\/03\/3-768x576.jpg 768w, https:\/\/erasmusplus.al\/wp-content\/uploads\/2020\/03\/3.jpg 960w\" sizes=\"(max-width: 300px) 100vw, 300px\" \/><\/a> <a style=\"color: #000000;\" href=\"https:\/\/erasmusplus.al\/wp-content\/uploads\/2020\/03\/4.jpg\"><img loading=\"lazy\" decoding=\"async\" class=\"alignnone size-medium wp-image-5056\" src=\"https:\/\/erasmusplus.al\/wp-content\/uploads\/2020\/03\/4-225x300.jpg\" alt=\"\" width=\"225\" height=\"300\" srcset=\"https:\/\/erasmusplus.al\/wp-content\/uploads\/2020\/03\/4-225x300.jpg 225w, https:\/\/erasmusplus.al\/wp-content\/uploads\/2020\/03\/4.jpg 720w\" sizes=\"(max-width: 225px) 100vw, 225px\" \/><\/a> <a style=\"color: #000000;\" href=\"https:\/\/erasmusplus.al\/wp-content\/uploads\/2020\/03\/5.jpg\"><img loading=\"lazy\" decoding=\"async\" class=\"alignnone size-medium wp-image-5057\" src=\"https:\/\/erasmusplus.al\/wp-content\/uploads\/2020\/03\/5-300x225.jpg\" alt=\"\" width=\"300\" height=\"225\" srcset=\"https:\/\/erasmusplus.al\/wp-content\/uploads\/2020\/03\/5-300x225.jpg 300w, https:\/\/erasmusplus.al\/wp-content\/uploads\/2020\/03\/5-768x576.jpg 768w, https:\/\/erasmusplus.al\/wp-content\/uploads\/2020\/03\/5.jpg 960w\" sizes=\"(max-width: 300px) 100vw, 300px\" \/><\/a><\/span><\/p>\n","protected":false},"excerpt":{"rendered":"<p>Data: 17 Dhjetor 2019 Vendodhja: Europe House, Tirana, Albania \u00a0 Zyra Komb\u00ebtare Erasmus+ n\u00eb Shqip\u00ebri me mb\u00ebshtetjen e Delegacionit Europian dhe Europe House organizuan, &#8220;Dita Komb\u00ebtare Informuese 2019&#8221;, m\u00eb 17 Dhjetor 2019. Aktiviteti \u00a0kishte si fokus prezantimin e \u201cThirrjes 2019\u201d p\u00ebr propozime projektesh n\u00eb kuad\u00ebr t\u00eb programit t\u00eb Bashkimit Evropian Erasmus +, i cili p\u00ebrfshin [&hellip;]<\/p>\n","protected":false},"author":1,"featured_media":0,"comment_status":"closed","ping_status":"closed","sticky":false,"template":"","format":"standard","meta":{"_acf_changed":false,"_et_pb_use_builder":"","_et_pb_old_content":"","_et_gb_content_width":"","footnotes":""},"categories":[110],"tags":[],"class_list":["post-5100","post","type-post","status-publish","format-standard","hentry","category-aktivitete"],"acf":[],"_links":{"self":[{"href":"https:\/\/erasmusplus.al\/index.php?rest_route=\/wp\/v2\/posts\/5100","targetHints":{"allow":["GET"]}}],"collection":[{"href":"https:\/\/erasmusplus.al\/index.php?rest_route=\/wp\/v2\/posts"}],"about":[{"href":"https:\/\/erasmusplus.al\/index.php?rest_route=\/wp\/v2\/types\/post"}],"author":[{"embeddable":true,"href":"https:\/\/erasmusplus.al\/index.php?rest_route=\/wp\/v2\/users\/1"}],"replies":[{"embeddable":true,"href":"https:\/\/erasmusplus.al\/index.php?rest_route=%2Fwp%2Fv2%2Fcomments&post=5100"}],"version-history":[{"count":4,"href":"https:\/\/erasmusplus.al\/index.php?rest_route=\/wp\/v2\/posts\/5100\/revisions"}],"predecessor-version":[{"id":5105,"href":"https:\/\/erasmusplus.al\/index.php?rest_route=\/wp\/v2\/posts\/5100\/revisions\/5105"}],"wp:attachment":[{"href":"https:\/\/erasmusplus.al\/index.php?rest_route=%2Fwp%2Fv2%2Fmedia&parent=5100"}],"wp:term":[{"taxonomy":"category","embeddable":true,"href":"https:\/\/erasmusplus.al\/index.php?rest_route=%2Fwp%2Fv2%2Fcategories&post=5100"},{"taxonomy":"post_tag","embeddable":true,"href":"https:\/\/erasmusplus.al\/index.php?rest_route=%2Fwp%2Fv2%2Ftags&post=5100"}],"curies":[{"name":"wp","href":"https:\/\/api.w.org\/{rel}","templated":true}]}}