{"id":5205,"date":"2019-02-28T15:52:00","date_gmt":"2019-02-28T15:52:00","guid":{"rendered":"http:\/\/erasmusplus.al\/?p=5205"},"modified":"2020-06-25T08:45:12","modified_gmt":"2020-06-25T08:45:12","slug":"seminari-specializimet-e-zgjuara-ekspertet-e-reformave-te-arsimit-te-larte-28-shkurt-uat","status":"publish","type":"post","link":"https:\/\/erasmusplus.al\/?p=5205&lang=sq","title":{"rendered":"Seminari \u201cSpecializimet e Zgjuara\u201d, Ekspert\u00ebt e Reformave t\u00eb Arsimit t\u00eb Lart\u00eb, 28 Shkurt, UAT"},"content":{"rendered":"<p><span style=\"color: #000000;\"><strong>Data: <\/strong>28 Shkurt 2019<\/span><\/p>\n<p><span style=\"color: #000000;\"><strong>Vendi: <\/strong>Universiteti Bujq\u00ebsor i Tiran\u00ebs<\/span><\/p>\n<p><span style=\"color: #000000;\"><strong>Organizuar: <\/strong>Zyra Komb\u00ebtare Erasmus+ and HERE Shqip\u00ebria.<\/span><\/p>\n<p><span style=\"color: #000000;\">N\u00eb dat\u00ebn 28 Shkurt 2019, n\u00eb ambjentet e universitetit Bujq\u00ebsor t\u00eb Tiran\u00ebs u zhvillua seminari \u201cSpecialite t\u00eb Zgjuara\u201d, organizuar nga ZKE+ dhe HERE Shqip\u00ebria. \u00a0\u00a0N\u00eb seminar ishte I ftuar, Z Amin Mahn nga Ministria e Arsimit e Shkenc\u00ebs dhe K\u00ebrkimit Austriak. \u00a0N\u00eb seminar mor\u00ebn pjes\u00eb mbi 60 veta, aktor\u00eb t\u00eb ndrysh\u00ebm nga akademia,\u00a0 sektori privat dhe ai administrat\u00ebs shtet\u00ebrore.<\/span><\/p>\n<p><span style=\"color: #000000;\">Temat kryesore q\u00eb u adresuan \u00a0n\u00eb seminar\u00eb jan\u00eb :<\/span><\/p>\n<ul>\n<li><span style=\"color: #000000;\">Sfidat dhe p\u00ebrfitimet q\u00eb sjell bashk\u00ebpunimi n\u00eb partneritet me IAL-Biznes n\u00eb kuad\u00ebr t\u00eb nj\u00eb zhvillimi rajonal t\u00eb q\u00ebndruesh\u00ebm,<\/span><\/li>\n<li><span style=\"color: #000000;\">Si ndikojne IAL-t\u00eb n\u00eb krijimin e mjedisit te duhur p\u00ebr &#8220;Specialitetet e Zgjuara&#8221;.<\/span><\/li>\n<li><span style=\"color: #000000;\">Paraqitja e praktikave te mira dhe konkrete evropiane lidhur me pergatitjen e nje strategjie per &#8220;smart specialization&#8221;.<\/span><\/li>\n<\/ul>\n<p><span style=\"color: #000000;\">M\u00eb shum\u00eb informacion p\u00ebr HERE, gjeni tek :<\/span> <span style=\"text-decoration: underline;\"><span style=\"color: #0000ff; text-decoration: underline;\"><a style=\"color: #0000ff; text-decoration: underline;\" href=\"https:\/\/supporthere.org\/\">https:\/\/supporthere.org\/<\/a><\/span><\/span><\/p>\n<p><a href=\"https:\/\/erasmusplus.al\/wp-content\/uploads\/2020\/04\/poster.jpg\"><img loading=\"lazy\" decoding=\"async\" class=\"alignnone size-medium wp-image-5197\" src=\"https:\/\/erasmusplus.al\/wp-content\/uploads\/2020\/04\/poster-212x300.jpg\" sizes=\"(max-width: 212px) 100vw, 212px\" srcset=\"https:\/\/erasmusplus.al\/wp-content\/uploads\/2020\/04\/poster-212x300.jpg 212w, https:\/\/erasmusplus.al\/wp-content\/uploads\/2020\/04\/poster.jpg 679w\" alt=\"\" width=\"212\" height=\"300\" \/><\/a> \u00a0<a href=\"https:\/\/erasmusplus.al\/wp-content\/uploads\/2020\/04\/2.jpg\"><img loading=\"lazy\" decoding=\"async\" class=\"alignnone size-medium wp-image-5198\" src=\"https:\/\/erasmusplus.al\/wp-content\/uploads\/2020\/04\/2-300x225.jpg\" sizes=\"(max-width: 300px) 100vw, 300px\" srcset=\"https:\/\/erasmusplus.al\/wp-content\/uploads\/2020\/04\/2-300x225.jpg 300w, https:\/\/erasmusplus.al\/wp-content\/uploads\/2020\/04\/2-768x576.jpg 768w, https:\/\/erasmusplus.al\/wp-content\/uploads\/2020\/04\/2.jpg 960w\" alt=\"\" width=\"300\" height=\"225\" \/><\/a>\u00a0<a href=\"https:\/\/erasmusplus.al\/wp-content\/uploads\/2020\/04\/3.jpg\"><img loading=\"lazy\" decoding=\"async\" class=\"alignnone size-medium wp-image-5199\" src=\"https:\/\/erasmusplus.al\/wp-content\/uploads\/2020\/04\/3-300x225.jpg\" sizes=\"(max-width: 300px) 100vw, 300px\" srcset=\"https:\/\/erasmusplus.al\/wp-content\/uploads\/2020\/04\/3-300x225.jpg 300w, https:\/\/erasmusplus.al\/wp-content\/uploads\/2020\/04\/3-768x576.jpg 768w, https:\/\/erasmusplus.al\/wp-content\/uploads\/2020\/04\/3.jpg 960w\" alt=\"\" width=\"300\" height=\"225\" \/><\/a>\u00a0<a href=\"https:\/\/erasmusplus.al\/wp-content\/uploads\/2020\/04\/4.jpg\"><img loading=\"lazy\" decoding=\"async\" class=\"alignnone size-medium wp-image-5200\" src=\"https:\/\/erasmusplus.al\/wp-content\/uploads\/2020\/04\/4-300x225.jpg\" sizes=\"(max-width: 300px) 100vw, 300px\" srcset=\"https:\/\/erasmusplus.al\/wp-content\/uploads\/2020\/04\/4-300x225.jpg 300w, https:\/\/erasmusplus.al\/wp-content\/uploads\/2020\/04\/4-768x576.jpg 768w, https:\/\/erasmusplus.al\/wp-content\/uploads\/2020\/04\/4.jpg 960w\" alt=\"\" width=\"300\" height=\"225\" \/><\/a>\u00a0<a href=\"https:\/\/erasmusplus.al\/wp-content\/uploads\/2020\/04\/6.jpg\"><img loading=\"lazy\" decoding=\"async\" class=\"alignnone size-medium wp-image-5201\" src=\"https:\/\/erasmusplus.al\/wp-content\/uploads\/2020\/04\/6-300x225.jpg\" sizes=\"(max-width: 300px) 100vw, 300px\" srcset=\"https:\/\/erasmusplus.al\/wp-content\/uploads\/2020\/04\/6-300x225.jpg 300w, https:\/\/erasmusplus.al\/wp-content\/uploads\/2020\/04\/6-768x576.jpg 768w, https:\/\/erasmusplus.al\/wp-content\/uploads\/2020\/04\/6.jpg 960w\" alt=\"\" width=\"300\" height=\"225\" \/><\/a>\u00a0<a href=\"https:\/\/erasmusplus.al\/wp-content\/uploads\/2020\/04\/aid.jpg\"><img loading=\"lazy\" decoding=\"async\" class=\"alignnone size-medium wp-image-5202\" src=\"https:\/\/erasmusplus.al\/wp-content\/uploads\/2020\/04\/aid-225x300.jpg\" sizes=\"(max-width: 225px) 100vw, 225px\" srcset=\"https:\/\/erasmusplus.al\/wp-content\/uploads\/2020\/04\/aid-225x300.jpg 225w, https:\/\/erasmusplus.al\/wp-content\/uploads\/2020\/04\/aid.jpg 720w\" alt=\"\" width=\"225\" height=\"300\" \/><\/a><\/p>\n","protected":false},"excerpt":{"rendered":"<p>Data: 28 Shkurt 2019 Vendi: Universiteti Bujq\u00ebsor i Tiran\u00ebs Organizuar: Zyra Komb\u00ebtare Erasmus+ and HERE Shqip\u00ebria. N\u00eb dat\u00ebn 28 Shkurt 2019, n\u00eb ambjentet e universitetit Bujq\u00ebsor t\u00eb Tiran\u00ebs u zhvillua seminari \u201cSpecialite t\u00eb Zgjuara\u201d, organizuar nga ZKE+ dhe HERE Shqip\u00ebria. \u00a0\u00a0N\u00eb seminar ishte I ftuar, Z Amin Mahn nga Ministria e Arsimit e Shkenc\u00ebs dhe [&hellip;]<\/p>\n","protected":false},"author":1,"featured_media":0,"comment_status":"closed","ping_status":"closed","sticky":false,"template":"","format":"standard","meta":{"_acf_changed":false,"_et_pb_use_builder":"","_et_pb_old_content":"","_et_gb_content_width":"","footnotes":""},"categories":[114],"tags":[],"class_list":["post-5205","post","type-post","status-publish","format-standard","hentry","category-here-aktivitete"],"acf":[],"_links":{"self":[{"href":"https:\/\/erasmusplus.al\/index.php?rest_route=\/wp\/v2\/posts\/5205","targetHints":{"allow":["GET"]}}],"collection":[{"href":"https:\/\/erasmusplus.al\/index.php?rest_route=\/wp\/v2\/posts"}],"about":[{"href":"https:\/\/erasmusplus.al\/index.php?rest_route=\/wp\/v2\/types\/post"}],"author":[{"embeddable":true,"href":"https:\/\/erasmusplus.al\/index.php?rest_route=\/wp\/v2\/users\/1"}],"replies":[{"embeddable":true,"href":"https:\/\/erasmusplus.al\/index.php?rest_route=%2Fwp%2Fv2%2Fcomments&post=5205"}],"version-history":[{"count":2,"href":"https:\/\/erasmusplus.al\/index.php?rest_route=\/wp\/v2\/posts\/5205\/revisions"}],"predecessor-version":[{"id":5430,"href":"https:\/\/erasmusplus.al\/index.php?rest_route=\/wp\/v2\/posts\/5205\/revisions\/5430"}],"wp:attachment":[{"href":"https:\/\/erasmusplus.al\/index.php?rest_route=%2Fwp%2Fv2%2Fmedia&parent=5205"}],"wp:term":[{"taxonomy":"category","embeddable":true,"href":"https:\/\/erasmusplus.al\/index.php?rest_route=%2Fwp%2Fv2%2Fcategories&post=5205"},{"taxonomy":"post_tag","embeddable":true,"href":"https:\/\/erasmusplus.al\/index.php?rest_route=%2Fwp%2Fv2%2Ftags&post=5205"}],"curies":[{"name":"wp","href":"https:\/\/api.w.org\/{rel}","templated":true}]}}