{"id":5249,"date":"2019-12-13T16:31:09","date_gmt":"2019-12-13T16:31:09","guid":{"rendered":"http:\/\/erasmusplus.al\/?p=5249"},"modified":"2020-04-07T16:33:29","modified_gmt":"2020-04-07T16:33:29","slug":"takim-pergatitor-per-diten-kombetare-te-informimit-mbi-erasmus","status":"publish","type":"post","link":"https:\/\/erasmusplus.al\/?p=5249&lang=sq","title":{"rendered":"Takim p\u00ebrgatitor p\u00ebr Dit\u00ebn Komb\u00ebtare t\u00eb Informimit mbi Erasmus+."},"content":{"rendered":"<p><span style=\"color: #000000;\"><strong>Dat\u00eb<\/strong>: 13 Dhjetor 2019<\/span><\/p>\n<p><span style=\"color: #000000;\"><strong>Vendodhia:<\/strong> Zyra Komb\u00ebtare Erasmus+, Tiran\u00eb, Shqip\u00ebri.<\/span><\/p>\n<p>&nbsp;<\/p>\n<p><span style=\"color: #000000;\">&nbsp;N\u00eb dat\u00ebn 13 Dhjetor, 2019, u takuan n\u00eb zyrat e ZKE+, koordinator\u00ebt shqiptare t\u00eb projekteve fituese n\u00eb programin \u201cNd\u00ebrtim kapacitetesh\u201d. Thirrja 2019 kuror\u00ebzoi IAL n\u00eb Shqip\u00ebri me 10 projekte, 5 prej tyre jane koordinator IAL shqiptare. N\u00eb total jan\u00eb 9 projekte te programit KA2, t\u00eb drejtuara nga IAL n\u00eb Shqip\u00ebri. &nbsp;Takimi konsistoi n\u00eb pergatitjen e kontentit p\u00ebr prezantimet dhe diseminimin e projekteve gjat\u00eb aktivitetit \u201cDita Kombetare e Informimit mbi Erasmus+\u201d q\u00eb do t\u00eb mbahet \u00ebe daten&nbsp; 17 Dhjetor 2019, tek Europe House.<\/span><\/p>\n<p>&nbsp;<\/p>\n<p><span style=\"color: #000000;\">M\u00eb shum\u00eb informacione mbi projekteve fituese:<\/span><\/p>\n<p><span style=\"text-decoration: underline;\"><span style=\"color: #0000ff;\"><a style=\"color: #0000ff; text-decoration: underline;\" href=\"https:\/\/erasmusplus.al\/?page_id=1196\">https:\/\/erasmusplus.al\/?page_id=1196<\/a><\/span><\/span><\/p>\n<p>&nbsp;<\/p>\n<p><span style=\"color: #000000;\">M\u00eb shum\u00eb informacione mbi projektet KA2:<\/span><\/p>\n<p><span style=\"text-decoration: underline;\"><span style=\"color: #0000ff;\"><a style=\"color: #0000ff; text-decoration: underline;\" href=\"https:\/\/erasmusplus.al\/?page_id=1114\">https:\/\/erasmusplus.al\/?page_id=1114<\/a><\/span><\/span><\/p>\n<p><img loading=\"lazy\" decoding=\"async\" class=\"alignnone size-medium wp-image-5246\" src=\"https:\/\/erasmusplus.al\/wp-content\/uploads\/2020\/04\/13dec-300x169.jpg\" sizes=\"(max-width: 300px) 100vw, 300px\" srcset=\"https:\/\/erasmusplus.al\/wp-content\/uploads\/2020\/04\/13dec-300x169.jpg 300w, https:\/\/erasmusplus.al\/wp-content\/uploads\/2020\/04\/13dec-1024x576.jpg 1024w, https:\/\/erasmusplus.al\/wp-content\/uploads\/2020\/04\/13dec-768x432.jpg 768w, https:\/\/erasmusplus.al\/wp-content\/uploads\/2020\/04\/13dec-1536x864.jpg 1536w, https:\/\/erasmusplus.al\/wp-content\/uploads\/2020\/04\/13dec-2048x1152.jpg 2048w\" alt=\"\" width=\"300\" height=\"169\"><\/p>\n","protected":false},"excerpt":{"rendered":"<p>Dat\u00eb: 13 Dhjetor 2019 Vendodhia: Zyra Komb\u00ebtare Erasmus+, Tiran\u00eb, Shqip\u00ebri. &nbsp; &nbsp;N\u00eb dat\u00ebn 13 Dhjetor, 2019, u takuan n\u00eb zyrat e ZKE+, koordinator\u00ebt shqiptare t\u00eb projekteve fituese n\u00eb programin \u201cNd\u00ebrtim kapacitetesh\u201d. Thirrja 2019 kuror\u00ebzoi IAL n\u00eb Shqip\u00ebri me 10 projekte, 5 prej tyre jane koordinator IAL shqiptare. N\u00eb total jan\u00eb 9 projekte te programit KA2, [&hellip;]<\/p>\n","protected":false},"author":1,"featured_media":0,"comment_status":"closed","ping_status":"closed","sticky":false,"template":"","format":"standard","meta":{"_acf_changed":false,"_et_pb_use_builder":"","_et_pb_old_content":"","_et_gb_content_width":"","footnotes":""},"categories":[110],"tags":[],"class_list":["post-5249","post","type-post","status-publish","format-standard","hentry","category-aktivitete"],"acf":[],"_links":{"self":[{"href":"https:\/\/erasmusplus.al\/index.php?rest_route=\/wp\/v2\/posts\/5249","targetHints":{"allow":["GET"]}}],"collection":[{"href":"https:\/\/erasmusplus.al\/index.php?rest_route=\/wp\/v2\/posts"}],"about":[{"href":"https:\/\/erasmusplus.al\/index.php?rest_route=\/wp\/v2\/types\/post"}],"author":[{"embeddable":true,"href":"https:\/\/erasmusplus.al\/index.php?rest_route=\/wp\/v2\/users\/1"}],"replies":[{"embeddable":true,"href":"https:\/\/erasmusplus.al\/index.php?rest_route=%2Fwp%2Fv2%2Fcomments&post=5249"}],"version-history":[{"count":2,"href":"https:\/\/erasmusplus.al\/index.php?rest_route=\/wp\/v2\/posts\/5249\/revisions"}],"predecessor-version":[{"id":5251,"href":"https:\/\/erasmusplus.al\/index.php?rest_route=\/wp\/v2\/posts\/5249\/revisions\/5251"}],"wp:attachment":[{"href":"https:\/\/erasmusplus.al\/index.php?rest_route=%2Fwp%2Fv2%2Fmedia&parent=5249"}],"wp:term":[{"taxonomy":"category","embeddable":true,"href":"https:\/\/erasmusplus.al\/index.php?rest_route=%2Fwp%2Fv2%2Fcategories&post=5249"},{"taxonomy":"post_tag","embeddable":true,"href":"https:\/\/erasmusplus.al\/index.php?rest_route=%2Fwp%2Fv2%2Ftags&post=5249"}],"curies":[{"name":"wp","href":"https:\/\/api.w.org\/{rel}","templated":true}]}}