{"id":5286,"date":"2019-05-06T13:28:23","date_gmt":"2019-05-06T13:28:23","guid":{"rendered":"http:\/\/erasmusplus.al\/?p=5286"},"modified":"2020-04-24T13:33:50","modified_gmt":"2020-04-24T13:33:50","slug":"erasmus-info-day-ne-universitetin-e-elbasanit-maj-2019","status":"publish","type":"post","link":"https:\/\/erasmusplus.al\/?p=5286&lang=sq","title":{"rendered":"Erasmus+ Info Day n\u00eb Universitetin e Elbasanit-Maj 2019"},"content":{"rendered":"<p><span style=\"color: #000000;\"><strong>Data: <\/strong>6 Maj, 2019<\/span><\/p>\n<p><span style=\"color: #000000;\"><strong>Vendi:<\/strong> Universiteti i Elbasanit \u201cAleksand\u00ebr Xhuvani\u201d, Tirane, Shqip\u00ebri.<\/span><\/p>\n<p><span style=\"color: #000000;\">N\u00eb kuad\u00ebr t\u00eb aktiviteteve \u201cEurope Week\u201d n\u00eb datat 6-10 Maj, 2019, Universiteti i Elbasanit zhvilloi aktivitetin Erasmus+ Info DAY.\u00a0\u00a0 N\u00eb aktivitet ishin ftuar bashk\u00ebpun\u00ebtore t\u00eb Arsimit t\u00eb Lart\u00eb nga Shqip\u00ebria, nga vendet e Ballkanit Per\u00ebndimor dhe Europ\u00ebs. 17 Institucione t\u00eb Arsimit t\u00eb Lart\u00eb nga Vendet patnere q\u00eb kane nd\u00ebrtuar mobilitete me Universitetin e Elbasanit ishin mbledhur dhe n\u00eb dit\u00ebt n\u00eb vazhdim do t\u00eb merrnin pjes\u00eb n\u00eb panairin e BE, organizuar n\u00eb mjediset e UE. Student\u00ebt dhe Stafi akademik do t\u00eb njihen m\u00eb nga af\u00ebr p\u00ebr kapacitetin dhe mund\u00ebsit\u00eb q\u00eb mund t\u00eb ofrohen n\u00eb k\u00ebto Universitete. \u00a0<\/span><\/p>\n<p><span style=\"color: #000000;\">Aktiviteti u hap me fjal\u00ebn p\u00ebrsh\u00ebndet\u00ebse t\u00eb Rektorit Z.Topit, si edhe t\u00eb dekan\u00ebve t\u00eb \u00e7do fakulteti t\u00eb UE. Gjithashtu ishin t\u00eb ftuar edhe stafi i Zyr\u00ebs Komb\u00ebtare Erasmus+, ku Znj Saraci theksoi r\u00ebnd\u00ebsin\u00eb e bashk\u00ebpunimit midis patner\u00ebve edhe n\u00eb programet e tjera Erasmus+. N\u00eb aktivitet nuk munguan edhe d\u00ebshmi t\u00eb sudent\u00ebve shqiptar\u00eb gjat\u00eb eksperiencave t\u00eb tyre gjat\u00eb mobiliteteve.<\/span><\/p>\n<p><a href=\"https:\/\/erasmusplus.al\/wp-content\/uploads\/2020\/04\/60122947_1279105848948647_3076232169270542336_n.jpg\"><img loading=\"lazy\" decoding=\"async\" class=\"alignnone size-medium wp-image-5281\" src=\"https:\/\/erasmusplus.al\/wp-content\/uploads\/2020\/04\/60122947_1279105848948647_3076232169270542336_n-212x300.jpg\" sizes=\"(max-width: 212px) 100vw, 212px\" srcset=\"https:\/\/erasmusplus.al\/wp-content\/uploads\/2020\/04\/60122947_1279105848948647_3076232169270542336_n-212x300.jpg 212w, https:\/\/erasmusplus.al\/wp-content\/uploads\/2020\/04\/60122947_1279105848948647_3076232169270542336_n.jpg 595w\" alt=\"\" width=\"212\" height=\"300\" \/><\/a><a href=\"https:\/\/erasmusplus.al\/wp-content\/uploads\/2020\/04\/IMG_20190506_3-scaled.jpg\">\u00a0<img loading=\"lazy\" decoding=\"async\" class=\"alignnone size-medium wp-image-5279\" src=\"https:\/\/erasmusplus.al\/wp-content\/uploads\/2020\/04\/IMG_20190506_3-169x300.jpg\" sizes=\"(max-width: 169px) 100vw, 169px\" srcset=\"https:\/\/erasmusplus.al\/wp-content\/uploads\/2020\/04\/IMG_20190506_3-169x300.jpg 169w, https:\/\/erasmusplus.al\/wp-content\/uploads\/2020\/04\/IMG_20190506_3-576x1024.jpg 576w, https:\/\/erasmusplus.al\/wp-content\/uploads\/2020\/04\/IMG_20190506_3-768x1365.jpg 768w, https:\/\/erasmusplus.al\/wp-content\/uploads\/2020\/04\/IMG_20190506_3-864x1536.jpg 864w, https:\/\/erasmusplus.al\/wp-content\/uploads\/2020\/04\/IMG_20190506_3-1152x2048.jpg 1152w, https:\/\/erasmusplus.al\/wp-content\/uploads\/2020\/04\/IMG_20190506_3-scaled.jpg 1440w\" alt=\"\" width=\"169\" height=\"300\" \/><\/a>\u00a0<a href=\"https:\/\/erasmusplus.al\/wp-content\/uploads\/2020\/04\/IMG_20190506_120719-scaled.jpg\"><img loading=\"lazy\" decoding=\"async\" class=\"alignnone size-medium wp-image-5280\" src=\"https:\/\/erasmusplus.al\/wp-content\/uploads\/2020\/04\/IMG_20190506_120719-169x300.jpg\" sizes=\"(max-width: 169px) 100vw, 169px\" srcset=\"https:\/\/erasmusplus.al\/wp-content\/uploads\/2020\/04\/IMG_20190506_120719-169x300.jpg 169w, https:\/\/erasmusplus.al\/wp-content\/uploads\/2020\/04\/IMG_20190506_120719-576x1024.jpg 576w, https:\/\/erasmusplus.al\/wp-content\/uploads\/2020\/04\/IMG_20190506_120719-768x1365.jpg 768w, https:\/\/erasmusplus.al\/wp-content\/uploads\/2020\/04\/IMG_20190506_120719-864x1536.jpg 864w, https:\/\/erasmusplus.al\/wp-content\/uploads\/2020\/04\/IMG_20190506_120719-1152x2048.jpg 1152w, https:\/\/erasmusplus.al\/wp-content\/uploads\/2020\/04\/IMG_20190506_120719-scaled.jpg 1440w\" alt=\"\" width=\"169\" height=\"300\" \/><\/a>\u00a0<a href=\"https:\/\/erasmusplus.al\/wp-content\/uploads\/2020\/04\/IMG_20190506_1-scaled.jpg\"><img loading=\"lazy\" decoding=\"async\" class=\"alignnone size-medium wp-image-5282\" src=\"https:\/\/erasmusplus.al\/wp-content\/uploads\/2020\/04\/IMG_20190506_1-300x169.jpg\" sizes=\"(max-width: 300px) 100vw, 300px\" srcset=\"https:\/\/erasmusplus.al\/wp-content\/uploads\/2020\/04\/IMG_20190506_1-300x169.jpg 300w, https:\/\/erasmusplus.al\/wp-content\/uploads\/2020\/04\/IMG_20190506_1-1024x576.jpg 1024w, https:\/\/erasmusplus.al\/wp-content\/uploads\/2020\/04\/IMG_20190506_1-768x432.jpg 768w, https:\/\/erasmusplus.al\/wp-content\/uploads\/2020\/04\/IMG_20190506_1-1536x864.jpg 1536w, https:\/\/erasmusplus.al\/wp-content\/uploads\/2020\/04\/IMG_20190506_1-2048x1152.jpg 2048w\" alt=\"\" width=\"300\" height=\"169\" \/><\/a>\u00a0<a href=\"https:\/\/erasmusplus.al\/wp-content\/uploads\/2020\/04\/IMG_20190506_2-scaled.jpg\"><img loading=\"lazy\" decoding=\"async\" class=\"alignnone size-medium wp-image-5283\" src=\"https:\/\/erasmusplus.al\/wp-content\/uploads\/2020\/04\/IMG_20190506_2-300x169.jpg\" sizes=\"(max-width: 300px) 100vw, 300px\" srcset=\"https:\/\/erasmusplus.al\/wp-content\/uploads\/2020\/04\/IMG_20190506_2-300x169.jpg 300w, https:\/\/erasmusplus.al\/wp-content\/uploads\/2020\/04\/IMG_20190506_2-1024x576.jpg 1024w, https:\/\/erasmusplus.al\/wp-content\/uploads\/2020\/04\/IMG_20190506_2-768x432.jpg 768w, https:\/\/erasmusplus.al\/wp-content\/uploads\/2020\/04\/IMG_20190506_2-1536x864.jpg 1536w, https:\/\/erasmusplus.al\/wp-content\/uploads\/2020\/04\/IMG_20190506_2-2048x1152.jpg 2048w\" alt=\"\" width=\"300\" height=\"169\" \/><\/a><\/p>\n","protected":false},"excerpt":{"rendered":"<p>Data: 6 Maj, 2019 Vendi: Universiteti i Elbasanit \u201cAleksand\u00ebr Xhuvani\u201d, Tirane, Shqip\u00ebri. N\u00eb kuad\u00ebr t\u00eb aktiviteteve \u201cEurope Week\u201d n\u00eb datat 6-10 Maj, 2019, Universiteti i Elbasanit zhvilloi aktivitetin Erasmus+ Info DAY.\u00a0\u00a0 N\u00eb aktivitet ishin ftuar bashk\u00ebpun\u00ebtore t\u00eb Arsimit t\u00eb Lart\u00eb nga Shqip\u00ebria, nga vendet e Ballkanit Per\u00ebndimor dhe Europ\u00ebs. 17 Institucione t\u00eb Arsimit t\u00eb Lart\u00eb [&hellip;]<\/p>\n","protected":false},"author":1,"featured_media":0,"comment_status":"closed","ping_status":"closed","sticky":false,"template":"","format":"standard","meta":{"_acf_changed":false,"_et_pb_use_builder":"","_et_pb_old_content":"","_et_gb_content_width":"","footnotes":""},"categories":[110],"tags":[],"class_list":["post-5286","post","type-post","status-publish","format-standard","hentry","category-aktivitete"],"acf":[],"_links":{"self":[{"href":"https:\/\/erasmusplus.al\/index.php?rest_route=\/wp\/v2\/posts\/5286","targetHints":{"allow":["GET"]}}],"collection":[{"href":"https:\/\/erasmusplus.al\/index.php?rest_route=\/wp\/v2\/posts"}],"about":[{"href":"https:\/\/erasmusplus.al\/index.php?rest_route=\/wp\/v2\/types\/post"}],"author":[{"embeddable":true,"href":"https:\/\/erasmusplus.al\/index.php?rest_route=\/wp\/v2\/users\/1"}],"replies":[{"embeddable":true,"href":"https:\/\/erasmusplus.al\/index.php?rest_route=%2Fwp%2Fv2%2Fcomments&post=5286"}],"version-history":[{"count":2,"href":"https:\/\/erasmusplus.al\/index.php?rest_route=\/wp\/v2\/posts\/5286\/revisions"}],"predecessor-version":[{"id":5288,"href":"https:\/\/erasmusplus.al\/index.php?rest_route=\/wp\/v2\/posts\/5286\/revisions\/5288"}],"wp:attachment":[{"href":"https:\/\/erasmusplus.al\/index.php?rest_route=%2Fwp%2Fv2%2Fmedia&parent=5286"}],"wp:term":[{"taxonomy":"category","embeddable":true,"href":"https:\/\/erasmusplus.al\/index.php?rest_route=%2Fwp%2Fv2%2Fcategories&post=5286"},{"taxonomy":"post_tag","embeddable":true,"href":"https:\/\/erasmusplus.al\/index.php?rest_route=%2Fwp%2Fv2%2Ftags&post=5286"}],"curies":[{"name":"wp","href":"https:\/\/api.w.org\/{rel}","templated":true}]}}