{"id":5330,"date":"2019-06-28T14:49:30","date_gmt":"2019-06-28T14:49:30","guid":{"rendered":"http:\/\/erasmusplus.al\/?p=5330"},"modified":"2020-04-24T14:51:41","modified_gmt":"2020-04-24T14:51:41","slug":"vizite-monitoruese-projekti-almars-ubt","status":"publish","type":"post","link":"https:\/\/erasmusplus.al\/?p=5330&lang=sq","title":{"rendered":"Vizit\u00eb Monitoruese Projekti ALMARS, UBT"},"content":{"rendered":"<p><span style=\"color: #000000;\"><strong>Titulli: <\/strong><strong><em>Capacity building for Blue Growth and curriculum development of Marine Fishery in Albania \u2013 ALMARS<\/em><\/strong>.<\/span><\/p>\n<p><span style=\"color: #000000;\"><strong>\u00a0<\/strong><\/span><\/p>\n<p><span style=\"color: #000000;\"><strong>Dat\u00eb:<\/strong> 28 Qeshor, 2019<\/span><\/p>\n<p><span style=\"color: #000000;\"><strong>Vendodhja:<\/strong> Universiteti Bujq\u00ebsor i Tiran\u00ebs, Tiran\u00eb, Shqip\u00ebri<\/span><\/p>\n<p><span style=\"color: #000000;\">N\u00eb dat\u00ebn 28 Qeshor 2019, n\u00eb Universitetin Bujq\u00ebsor t\u00eb Tiran\u00ebs u zhvillua vizita monitoruese e projektit \u201cNd\u00ebrtimi i Kapaciteteve p\u00ebr Gjallesat Ujore dhe Zhvillimin e Kurrikulave t\u00eb Peshkimit Detar n\u00eb Shqip\u00ebri\u201d (<em>Capacity building for Blue Growth and curriculum development of Marine Fishery in Albania \u2013 ALMARS.<\/em><\/span><\/p>\n<p><span style=\"color: #000000;\">), i mb\u00ebshtetur nga programi Erasmus+ \u201cNd\u00ebrtim Kapacitetesh p\u00ebr Arsimin e Lart\u201d.<\/span><\/p>\n<p><span style=\"color: #000000;\">Projekti ALMARS ka p\u00ebr q\u00ebllim kryesor t\u00eb ndihmoj rritjen dhe zhvillimin e industris\u00eb s\u00eb peshkimit detar n\u00eb Shqip\u00ebri. Objektivat e tij specifike jane:<\/span><\/p>\n<ol>\n<li><span style=\"color: #000000;\"><em> T\u00eb kryej\u00eb nj\u00eb analiz\u00eb t\u00eb holl\u00ebsishme t\u00eb statusit aktual t\u00eb industris\u00eb s\u00eb peshkimit detar n\u00eb Shqip\u00ebri<\/em><\/span><\/li>\n<li><span style=\"color: #000000;\"><em> T\u00eb zhvilloj\u00eb dhe testoj\u00eb grad\u00ebn e p\u00ebrbashk\u00ebt master n\u00eb peshkimin detar n\u00eb universitetet shqiptare<\/em><\/span><\/li>\n<li><span style=\"color: #000000;\"><em> T\u00eb zhvillohet rrjet\u00ebzimi p\u00ebr bashk\u00ebpunim dhe shk\u00ebmbimi i njohurive dhe informacionit midis pal\u00ebve t\u00eb interesuara n\u00eb fush\u00ebn detare<\/em><\/span><\/li>\n<li><span style=\"color: #000000;\"><em> P\u00ebrmir\u00ebsimi i aft\u00ebsive t\u00eb detar\u00ebve sipas standardeve IMO dhe k\u00ebrkesave t\u00eb legjislacionit t\u00eb BE-s\u00ebP\u00ebr t\u2019u regjistruar kompanit\u00eb\/student\u00ebt, ndiqni linkun e m\u00ebposht\u00ebm:<\/em><\/span><\/li>\n<\/ol>\n<p><span style=\"color: #000000;\">\u00a0Projekti, me konsortium 8+1 patner\u00eb nga Europa dhe Shqip\u00ebria sapo ka filluar vitin e par\u00eb t\u00eb implementimit. Universitetet Shqiptare q\u00eb marrin pjes\u00eb n\u00eb k\u00ebt\u00eb projekt jan\u00eb: Universiteti Bujq\u00ebsor i Tiran\u00ebs (UBT), Universiteti i Vlor\u00ebs \u201cIsmail Qemali\u201d (UV), Universiteti i Durr\u00ebsit \u201cAleksand\u00ebr Moisiu\u201d (UAMD).<\/span><\/p>\n<p><span style=\"color: #000000;\">P\u00ebr m\u00eb shum\u00eb informacion mund t\u00eb gjeni n\u00eb:<\/span><\/p>\n<p><span style=\"text-decoration: underline;\"><span style=\"color: #0000ff; text-decoration: underline;\"><a style=\"color: #0000ff; text-decoration: underline;\" href=\"http:\/\/almars-project.eu\/\">http:\/\/almars-project.eu\/<\/a><\/span><\/span><\/p>\n<p><span style=\"text-decoration: underline;\"><span style=\"color: #0000ff; text-decoration: underline;\"><a style=\"color: #0000ff; text-decoration: underline;\" href=\"https:\/\/ubt.edu.al\/sq\/2019\/04\/03\/erasmus-2\/\">https:\/\/ubt.edu.al\/sq\/2019\/04\/03\/erasmus-2\/<\/a><\/span><\/span><\/p>\n<p><span style=\"color: #000000;\">P\u00ebr m\u00eb shum\u00eb informacione p\u00ebr Projektet Nd\u00ebrtim kapacitetesh ju mund t\u00eb gjeni tek :<\/span><\/p>\n<p><span style=\"text-decoration: underline;\"><span style=\"color: #0000ff;\"><a style=\"color: #0000ff; text-decoration: underline;\" href=\"https:\/\/erasmusplus.al\/?page_id=1114\">https:\/\/erasmusplus.al\/?page_id=1114<\/a><\/span><\/span><\/p>\n<p><a href=\"https:\/\/erasmusplus.al\/wp-content\/uploads\/2020\/04\/Poster.jpeg\"><img loading=\"lazy\" decoding=\"async\" class=\"alignnone size-medium wp-image-5327\" src=\"https:\/\/erasmusplus.al\/wp-content\/uploads\/2020\/04\/Poster-212x300.jpeg\" sizes=\"(max-width: 212px) 100vw, 212px\" srcset=\"https:\/\/erasmusplus.al\/wp-content\/uploads\/2020\/04\/Poster-212x300.jpeg 212w, https:\/\/erasmusplus.al\/wp-content\/uploads\/2020\/04\/Poster-724x1024.jpeg 724w, https:\/\/erasmusplus.al\/wp-content\/uploads\/2020\/04\/Poster-768x1086.jpeg 768w, https:\/\/erasmusplus.al\/wp-content\/uploads\/2020\/04\/Poster.jpeg 905w\" alt=\"\" width=\"212\" height=\"300\" \/><\/a><a href=\"https:\/\/erasmusplus.al\/wp-content\/uploads\/2020\/04\/IMG_20190628-scaled.jpg\">\u00a0<img loading=\"lazy\" decoding=\"async\" class=\"alignnone size-medium wp-image-5326\" src=\"https:\/\/erasmusplus.al\/wp-content\/uploads\/2020\/04\/IMG_20190628-300x169.jpg\" sizes=\"(max-width: 300px) 100vw, 300px\" srcset=\"https:\/\/erasmusplus.al\/wp-content\/uploads\/2020\/04\/IMG_20190628-300x169.jpg 300w, https:\/\/erasmusplus.al\/wp-content\/uploads\/2020\/04\/IMG_20190628-1024x576.jpg 1024w, https:\/\/erasmusplus.al\/wp-content\/uploads\/2020\/04\/IMG_20190628-768x432.jpg 768w, https:\/\/erasmusplus.al\/wp-content\/uploads\/2020\/04\/IMG_20190628-1536x864.jpg 1536w, https:\/\/erasmusplus.al\/wp-content\/uploads\/2020\/04\/IMG_20190628-2048x1152.jpg 2048w\" alt=\"\" width=\"300\" height=\"169\" \/><\/a><\/p>\n","protected":false},"excerpt":{"rendered":"<p>Titulli: Capacity building for Blue Growth and curriculum development of Marine Fishery in Albania \u2013 ALMARS. \u00a0 Dat\u00eb: 28 Qeshor, 2019 Vendodhja: Universiteti Bujq\u00ebsor i Tiran\u00ebs, Tiran\u00eb, Shqip\u00ebri N\u00eb dat\u00ebn 28 Qeshor 2019, n\u00eb Universitetin Bujq\u00ebsor t\u00eb Tiran\u00ebs u zhvillua vizita monitoruese e projektit \u201cNd\u00ebrtimi i Kapaciteteve p\u00ebr Gjallesat Ujore dhe Zhvillimin e Kurrikulave t\u00eb [&hellip;]<\/p>\n","protected":false},"author":1,"featured_media":0,"comment_status":"closed","ping_status":"closed","sticky":false,"template":"","format":"standard","meta":{"_acf_changed":false,"_et_pb_use_builder":"","_et_pb_old_content":"","_et_gb_content_width":"","footnotes":""},"categories":[110],"tags":[],"class_list":["post-5330","post","type-post","status-publish","format-standard","hentry","category-aktivitete"],"acf":[],"_links":{"self":[{"href":"https:\/\/erasmusplus.al\/index.php?rest_route=\/wp\/v2\/posts\/5330","targetHints":{"allow":["GET"]}}],"collection":[{"href":"https:\/\/erasmusplus.al\/index.php?rest_route=\/wp\/v2\/posts"}],"about":[{"href":"https:\/\/erasmusplus.al\/index.php?rest_route=\/wp\/v2\/types\/post"}],"author":[{"embeddable":true,"href":"https:\/\/erasmusplus.al\/index.php?rest_route=\/wp\/v2\/users\/1"}],"replies":[{"embeddable":true,"href":"https:\/\/erasmusplus.al\/index.php?rest_route=%2Fwp%2Fv2%2Fcomments&post=5330"}],"version-history":[{"count":2,"href":"https:\/\/erasmusplus.al\/index.php?rest_route=\/wp\/v2\/posts\/5330\/revisions"}],"predecessor-version":[{"id":5332,"href":"https:\/\/erasmusplus.al\/index.php?rest_route=\/wp\/v2\/posts\/5330\/revisions\/5332"}],"wp:attachment":[{"href":"https:\/\/erasmusplus.al\/index.php?rest_route=%2Fwp%2Fv2%2Fmedia&parent=5330"}],"wp:term":[{"taxonomy":"category","embeddable":true,"href":"https:\/\/erasmusplus.al\/index.php?rest_route=%2Fwp%2Fv2%2Fcategories&post=5330"},{"taxonomy":"post_tag","embeddable":true,"href":"https:\/\/erasmusplus.al\/index.php?rest_route=%2Fwp%2Fv2%2Ftags&post=5330"}],"curies":[{"name":"wp","href":"https:\/\/api.w.org\/{rel}","templated":true}]}}