{"id":5369,"date":"2019-10-24T16:32:54","date_gmt":"2019-10-24T16:32:54","guid":{"rendered":"http:\/\/erasmusplus.al\/?p=5369"},"modified":"2020-04-24T16:34:33","modified_gmt":"2020-04-24T16:34:33","slug":"seminar-kontakti-erasmus-me-ballkanin-perendimor","status":"publish","type":"post","link":"https:\/\/erasmusplus.al\/?p=5369&lang=sq","title":{"rendered":"Seminar Kontakti Erasmus+ me Ballkanin Per\u00ebndimor"},"content":{"rendered":"<p><span style=\"color: #000000;\">Datat: 24-25 Tetor 2019<\/span><\/p>\n<p><span style=\"color: #000000;\">Vendi: Tirana International Hotel, Tiran\u00eb, Albania.<\/span><\/p>\n<p><span style=\"color: #000000;\">N\u00eb datat 24-25 Tetor, 2019 n\u00eb Tirana International Hotel, u organizua &#8220;Erasmus + Seminari i Kontaktit me Ballkanin Per\u00ebndimor&#8221;. Seminari mblodhi rreth 200 p\u00ebrfaq\u00ebsues nga institucione t\u00eb arsimit t\u00eb lart\u00eb nga 34 vendet e programit Erasmus +, si dhe nga vendet partnere t\u00eb Ballkanit Per\u00ebndimor (Shqip\u00ebria, Bosnja dhe Hercegovina, Mali i Zi dhe Kosova ). Q\u00ebllimi ishte rritja e numrit t\u00eb aplikimeve brenda rajonit n\u00ebn thirrjen tjet\u00ebr p\u00ebr propozime Erasmus + duke ofruar mund\u00ebsi konkrete p\u00ebr rrjet\u00ebzim.<\/span><\/p>\n<p><span style=\"color: #000000;\">Seminari i kontaktit p\u00ebrfshiu t\u00eb gjitha programet nd\u00ebrkomb\u00ebtare t\u00eb programit Erasmus +, me fokus n\u00eb L\u00ebvizshm\u00ebrin\u00eb e Kredis\u00eb Nd\u00ebrkomb\u00ebtare dhe nd\u00ebrtimin e kapaciteteve n\u00eb arsimin e lart\u00eb. Ashtu si edhe n\u00eb aktivitetet e m\u00ebparshme, programi i seminarit, p\u00ebrfshiu seanca me nxitje rrjet\u00ebzimin, \u00a0dhe nj\u00eb seri workshope q\u00eb adresuan \u00e7\u00ebshtje t\u00eb tilla si; njohja e nd\u00ebrsjellt\u00eb e kualifikimeve dhe periudhat e m\u00ebsimit jasht\u00eb vendit, format e aplikimit Erasmus +, p\u00ebrzgjedhja dhe mb\u00ebshtetja p\u00ebr pjes\u00ebmarr\u00ebsit.<\/span><\/p>\n<p><span style=\"color: #000000;\">Gjat\u00eb dit\u00ebs s\u00eb dyt\u00eb t\u00eb aktivitetit, IAL-t\u00eb shqiptare u trajnuan dhe u takuan me IAL t\u00eb vendeve t\u00eb \u00a0programit dhe Ballkani Per\u00ebndimor.<\/span><\/p>\n<p><span style=\"color: #000000;\">M\u00eb shum\u00eb informacion per Study in Europe:<\/span><\/p>\n<p><span style=\"text-decoration: underline;\"><span style=\"color: #0000ff;\"><a style=\"color: #0000ff; text-decoration: underline;\" href=\"https:\/\/ec.europa.eu\/programmes\/erasmus-plus\/events\/erasmus-contact-seminar-western-balkans_en\">https:\/\/ec.europa.eu\/programmes\/erasmus-plus\/events\/erasmus-contact-seminar-western-balkans_en<\/a><\/span><\/span><\/p>\n<p><span style=\"color: #000000;\">ose n\u00eb facebook-un: Albanian Erasmus+Office<\/span><\/p>\n<p><span style=\"text-decoration: underline;\"><span style=\"color: #0000ff;\"><a style=\"color: #0000ff; text-decoration: underline;\" href=\"https:\/\/www.facebook.com\/Albanian-Erasmus-Office-359546980904543\/\">https:\/\/www.facebook.com\/Albanian-Erasmus-Office-359546980904543\/<\/a><\/span><\/span><\/p>\n<p><a href=\"https:\/\/erasmusplus.al\/wp-content\/uploads\/2020\/04\/1-1.jpg\"><img loading=\"lazy\" decoding=\"async\" class=\"alignnone size-medium wp-image-5362\" src=\"https:\/\/erasmusplus.al\/wp-content\/uploads\/2020\/04\/1-1-300x200.jpg\" sizes=\"(max-width: 300px) 100vw, 300px\" srcset=\"https:\/\/erasmusplus.al\/wp-content\/uploads\/2020\/04\/1-1-300x200.jpg 300w, https:\/\/erasmusplus.al\/wp-content\/uploads\/2020\/04\/1-1-768x512.jpg 768w, https:\/\/erasmusplus.al\/wp-content\/uploads\/2020\/04\/1-1-360x240.jpg 360w, https:\/\/erasmusplus.al\/wp-content\/uploads\/2020\/04\/1-1-272x182.jpg 272w, https:\/\/erasmusplus.al\/wp-content\/uploads\/2020\/04\/1-1.jpg 960w\" alt=\"\" width=\"300\" height=\"200\" \/><\/a>\u00a0<a href=\"https:\/\/erasmusplus.al\/wp-content\/uploads\/2020\/04\/3-2.jpg\"><img loading=\"lazy\" decoding=\"async\" class=\"alignnone size-medium wp-image-5363\" src=\"https:\/\/erasmusplus.al\/wp-content\/uploads\/2020\/04\/3-2-300x169.jpg\" sizes=\"(max-width: 300px) 100vw, 300px\" srcset=\"https:\/\/erasmusplus.al\/wp-content\/uploads\/2020\/04\/3-2-300x169.jpg 300w, https:\/\/erasmusplus.al\/wp-content\/uploads\/2020\/04\/3-2-768x432.jpg 768w, https:\/\/erasmusplus.al\/wp-content\/uploads\/2020\/04\/3-2.jpg 960w\" alt=\"\" width=\"300\" height=\"169\" \/><\/a>\u00a0<a href=\"https:\/\/erasmusplus.al\/wp-content\/uploads\/2020\/04\/4-2.jpg\"><img loading=\"lazy\" decoding=\"async\" class=\"alignnone size-medium wp-image-5364\" src=\"https:\/\/erasmusplus.al\/wp-content\/uploads\/2020\/04\/4-2-300x225.jpg\" sizes=\"(max-width: 300px) 100vw, 300px\" srcset=\"https:\/\/erasmusplus.al\/wp-content\/uploads\/2020\/04\/4-2-300x225.jpg 300w, https:\/\/erasmusplus.al\/wp-content\/uploads\/2020\/04\/4-2-768x576.jpg 768w, https:\/\/erasmusplus.al\/wp-content\/uploads\/2020\/04\/4-2.jpg 960w\" alt=\"\" width=\"300\" height=\"225\" \/><\/a>\u00a0<a href=\"https:\/\/erasmusplus.al\/wp-content\/uploads\/2020\/04\/5-1.jpg\"><img loading=\"lazy\" decoding=\"async\" class=\"alignnone size-medium wp-image-5365\" src=\"https:\/\/erasmusplus.al\/wp-content\/uploads\/2020\/04\/5-1-300x300.jpg\" sizes=\"(max-width: 300px) 100vw, 300px\" srcset=\"https:\/\/erasmusplus.al\/wp-content\/uploads\/2020\/04\/5-1-300x300.jpg 300w, https:\/\/erasmusplus.al\/wp-content\/uploads\/2020\/04\/5-1-150x150.jpg 150w, https:\/\/erasmusplus.al\/wp-content\/uploads\/2020\/04\/5-1-768x768.jpg 768w, https:\/\/erasmusplus.al\/wp-content\/uploads\/2020\/04\/5-1.jpg 960w\" alt=\"\" width=\"300\" height=\"300\" \/><\/a>\u00a0<a href=\"https:\/\/erasmusplus.al\/wp-content\/uploads\/2020\/04\/6-2.jpg\"><img loading=\"lazy\" decoding=\"async\" class=\"alignnone size-medium wp-image-5366\" src=\"https:\/\/erasmusplus.al\/wp-content\/uploads\/2020\/04\/6-2-300x169.jpg\" sizes=\"(max-width: 300px) 100vw, 300px\" srcset=\"https:\/\/erasmusplus.al\/wp-content\/uploads\/2020\/04\/6-2-300x169.jpg 300w, https:\/\/erasmusplus.al\/wp-content\/uploads\/2020\/04\/6-2-768x432.jpg 768w, https:\/\/erasmusplus.al\/wp-content\/uploads\/2020\/04\/6-2.jpg 960w\" alt=\"\" width=\"300\" height=\"169\" \/><\/a><\/p>\n","protected":false},"excerpt":{"rendered":"<p>Datat: 24-25 Tetor 2019 Vendi: Tirana International Hotel, Tiran\u00eb, Albania. N\u00eb datat 24-25 Tetor, 2019 n\u00eb Tirana International Hotel, u organizua &#8220;Erasmus + Seminari i Kontaktit me Ballkanin Per\u00ebndimor&#8221;. Seminari mblodhi rreth 200 p\u00ebrfaq\u00ebsues nga institucione t\u00eb arsimit t\u00eb lart\u00eb nga 34 vendet e programit Erasmus +, si dhe nga vendet partnere t\u00eb Ballkanit Per\u00ebndimor [&hellip;]<\/p>\n","protected":false},"author":1,"featured_media":0,"comment_status":"closed","ping_status":"closed","sticky":false,"template":"","format":"standard","meta":{"_acf_changed":false,"_et_pb_use_builder":"","_et_pb_old_content":"","_et_gb_content_width":"","footnotes":""},"categories":[110],"tags":[],"class_list":["post-5369","post","type-post","status-publish","format-standard","hentry","category-aktivitete"],"acf":[],"_links":{"self":[{"href":"https:\/\/erasmusplus.al\/index.php?rest_route=\/wp\/v2\/posts\/5369","targetHints":{"allow":["GET"]}}],"collection":[{"href":"https:\/\/erasmusplus.al\/index.php?rest_route=\/wp\/v2\/posts"}],"about":[{"href":"https:\/\/erasmusplus.al\/index.php?rest_route=\/wp\/v2\/types\/post"}],"author":[{"embeddable":true,"href":"https:\/\/erasmusplus.al\/index.php?rest_route=\/wp\/v2\/users\/1"}],"replies":[{"embeddable":true,"href":"https:\/\/erasmusplus.al\/index.php?rest_route=%2Fwp%2Fv2%2Fcomments&post=5369"}],"version-history":[{"count":1,"href":"https:\/\/erasmusplus.al\/index.php?rest_route=\/wp\/v2\/posts\/5369\/revisions"}],"predecessor-version":[{"id":5370,"href":"https:\/\/erasmusplus.al\/index.php?rest_route=\/wp\/v2\/posts\/5369\/revisions\/5370"}],"wp:attachment":[{"href":"https:\/\/erasmusplus.al\/index.php?rest_route=%2Fwp%2Fv2%2Fmedia&parent=5369"}],"wp:term":[{"taxonomy":"category","embeddable":true,"href":"https:\/\/erasmusplus.al\/index.php?rest_route=%2Fwp%2Fv2%2Fcategories&post=5369"},{"taxonomy":"post_tag","embeddable":true,"href":"https:\/\/erasmusplus.al\/index.php?rest_route=%2Fwp%2Fv2%2Ftags&post=5369"}],"curies":[{"name":"wp","href":"https:\/\/api.w.org\/{rel}","templated":true}]}}