{"id":5625,"date":"2020-01-29T11:33:48","date_gmt":"2020-01-29T11:33:48","guid":{"rendered":"http:\/\/erasmusplus.al\/?p=5625"},"modified":"2021-04-17T12:22:19","modified_gmt":"2021-04-17T12:22:19","slug":"takimi-vjetor-i-zyrave-kombetare-erasmus","status":"publish","type":"post","link":"https:\/\/erasmusplus.al\/?p=5625&lang=sq","title":{"rendered":"Takimi vjetor i Zyrave Komb\u00ebtare Erasmus+"},"content":{"rendered":"<p><span style=\"color: #000000;\"><strong>Dat\u00eb:<\/strong> 29 Janar,2020<\/span><\/p>\n<p><span style=\"color: #000000;\"><strong>Vendodhja:<\/strong> DG H.R Meeting Room, Brussels<\/span><\/p>\n<p><span style=\"color: #000000;\"><strong>Organizuar:<\/strong> European Education and Culture Executive Agency, EACEA<\/span><\/p>\n<p><span style=\"color: #000000;\">N\u00eb dat\u00ebn 29 Janar u zhvillua, takimi i Zyrave Komb\u00ebtare Erasmus+, nj\u00eb event vjetor, q\u00eb mbledh p\u00ebrfaq\u00ebsues t\u00eb Zyrave Komb\u00ebtare Erasmus+ (ZKE+), p\u00ebr t\u00eb diskutuar \u00e7\u00ebshjte n\u00eb lidhje me menaxhimin e ZKE+ (si p\u00ebrgjegj\u00ebse p\u00ebr menaxhimin vendor t\u00eb dimensionit nd\u00ebrkomb\u00ebtar t\u00eb aspekteve t\u00eb Programit Erasmus + t\u00eb arsimit t\u00eb lart\u00eb, n\u00eb 27 vende partnere jasht\u00eb BE-s\u00eb) dhe elementeve specifik\u00eb t\u00eb p\u00ebrshtatsh\u00ebm p\u00ebr rolin e tyre n\u00eb promovimin dhe monitorimin e programit Erasmus+ p\u00ebr arsimin e lart\u00eb.<\/span><\/p>\n<p><span style=\"color: #000000;\">Edhe k\u00ebt\u00eb janar, takimi i ZKE+ i\u2019u p\u00ebrmbajt t\u00eb nj\u00ebjtit program me elementet e m\u00ebposhtme:<\/span><\/p>\n<ul>\n<li><span style=\"color: #000000;\">takimi rajonal me oficer\u00ebt e zyrave t\u00eb DG EAC, Shefin e Sektor\u00ebve A4 dhe zyrtar\u00ebt p\u00ebrkat\u00ebs t\u00eb projektit EACEA;<\/span><\/li>\n<li><span style=\"color: #000000;\">takime bilaterale (secili ZKE+ me oficerin e programit).<\/span><\/li>\n<li><span style=\"color: #000000;\">Praktikat m\u00eb t\u00eb mira dhe raportet e suksesit 2015-2019 te ZKE+ u prezantuan.<\/span><\/li>\n<\/ul>\n<p><span style=\"color: #000000;\">Kontaktet e ZKE+, I gjeni m\u00ebposht:<\/span><\/p>\n<p><span style=\"text-decoration: underline;\"><span style=\"color: #0000ff;\"><a style=\"color: #0000ff; text-decoration: underline;\" href=\"https:\/\/eacea.ec.europa.eu\/erasmus-plus\/contacts\/national-erasmus-plus-offices_en\">https:\/\/eacea.ec.europa.eu\/erasmus-plus\/contacts\/national-erasmus-plus-offices_en<\/a><\/span><\/span><\/p>\n<p><a href=\"https:\/\/erasmusplus.al\/wp-content\/uploads\/2020\/08\/WhatsApp-Image-2020-02-01-at-22.09.51-5.jpeg\"><img loading=\"lazy\" decoding=\"async\" class=\"alignnone size-medium wp-image-5619\" src=\"https:\/\/erasmusplus.al\/wp-content\/uploads\/2020\/08\/WhatsApp-Image-2020-02-01-at-22.09.51-5-300x169.jpeg\" sizes=\"(max-width: 300px) 100vw, 300px\" srcset=\"https:\/\/erasmusplus.al\/wp-content\/uploads\/2020\/08\/WhatsApp-Image-2020-02-01-at-22.09.51-5-300x169.jpeg 300w, https:\/\/erasmusplus.al\/wp-content\/uploads\/2020\/08\/WhatsApp-Image-2020-02-01-at-22.09.51-5-1024x576.jpeg 1024w, https:\/\/erasmusplus.al\/wp-content\/uploads\/2020\/08\/WhatsApp-Image-2020-02-01-at-22.09.51-5-768x432.jpeg 768w, https:\/\/erasmusplus.al\/wp-content\/uploads\/2020\/08\/WhatsApp-Image-2020-02-01-at-22.09.51-5.jpeg 1280w\" alt=\"\" width=\"300\" height=\"169\" \/><\/a>\u00a0<a href=\"https:\/\/erasmusplus.al\/wp-content\/uploads\/2020\/08\/WhatsApp-Image-2020-02-01-at-22.09.51-6.jpeg\"><img loading=\"lazy\" decoding=\"async\" class=\"alignnone size-medium wp-image-5620\" src=\"https:\/\/erasmusplus.al\/wp-content\/uploads\/2020\/08\/WhatsApp-Image-2020-02-01-at-22.09.51-6-300x169.jpeg\" sizes=\"(max-width: 300px) 100vw, 300px\" srcset=\"https:\/\/erasmusplus.al\/wp-content\/uploads\/2020\/08\/WhatsApp-Image-2020-02-01-at-22.09.51-6-300x169.jpeg 300w, https:\/\/erasmusplus.al\/wp-content\/uploads\/2020\/08\/WhatsApp-Image-2020-02-01-at-22.09.51-6-1024x576.jpeg 1024w, https:\/\/erasmusplus.al\/wp-content\/uploads\/2020\/08\/WhatsApp-Image-2020-02-01-at-22.09.51-6-768x432.jpeg 768w, https:\/\/erasmusplus.al\/wp-content\/uploads\/2020\/08\/WhatsApp-Image-2020-02-01-at-22.09.51-6.jpeg 1280w\" alt=\"\" width=\"300\" height=\"169\" \/><\/a>\u00a0<a href=\"https:\/\/erasmusplus.al\/wp-content\/uploads\/2020\/08\/WhatsApp-Image-2020-02-01-at-22.14.02-2-1.jpeg\"><img loading=\"lazy\" decoding=\"async\" class=\"alignnone size-medium wp-image-5621\" src=\"https:\/\/erasmusplus.al\/wp-content\/uploads\/2020\/08\/WhatsApp-Image-2020-02-01-at-22.14.02-2-1-300x225.jpeg\" sizes=\"(max-width: 300px) 100vw, 300px\" srcset=\"https:\/\/erasmusplus.al\/wp-content\/uploads\/2020\/08\/WhatsApp-Image-2020-02-01-at-22.14.02-2-1-300x225.jpeg 300w, https:\/\/erasmusplus.al\/wp-content\/uploads\/2020\/08\/WhatsApp-Image-2020-02-01-at-22.14.02-2-1-1024x768.jpeg 1024w, https:\/\/erasmusplus.al\/wp-content\/uploads\/2020\/08\/WhatsApp-Image-2020-02-01-at-22.14.02-2-1-768x576.jpeg 768w, https:\/\/erasmusplus.al\/wp-content\/uploads\/2020\/08\/WhatsApp-Image-2020-02-01-at-22.14.02-2-1.jpeg 1280w\" alt=\"\" width=\"300\" height=\"225\" \/><\/a>\u00a0<a href=\"https:\/\/erasmusplus.al\/wp-content\/uploads\/2020\/08\/WhatsApp-Image-2020-02-01-at-22.14.02-6.jpeg\"><img loading=\"lazy\" decoding=\"async\" class=\"alignnone size-medium wp-image-5622\" src=\"https:\/\/erasmusplus.al\/wp-content\/uploads\/2020\/08\/WhatsApp-Image-2020-02-01-at-22.14.02-6-225x300.jpeg\" sizes=\"(max-width: 225px) 100vw, 225px\" srcset=\"https:\/\/erasmusplus.al\/wp-content\/uploads\/2020\/08\/WhatsApp-Image-2020-02-01-at-22.14.02-6-225x300.jpeg 225w, https:\/\/erasmusplus.al\/wp-content\/uploads\/2020\/08\/WhatsApp-Image-2020-02-01-at-22.14.02-6-768x1024.jpeg 768w, https:\/\/erasmusplus.al\/wp-content\/uploads\/2020\/08\/WhatsApp-Image-2020-02-01-at-22.14.02-6.jpeg 960w\" alt=\"\" width=\"225\" height=\"300\" \/><\/a><\/p>\n","protected":false},"excerpt":{"rendered":"<p>Dat\u00eb: 29 Janar,2020 Vendodhja: DG H.R Meeting Room, Brussels Organizuar: European Education and Culture Executive Agency, EACEA N\u00eb dat\u00ebn 29 Janar u zhvillua, takimi i Zyrave Komb\u00ebtare Erasmus+, nj\u00eb event vjetor, q\u00eb mbledh p\u00ebrfaq\u00ebsues t\u00eb Zyrave Komb\u00ebtare Erasmus+ (ZKE+), p\u00ebr t\u00eb diskutuar \u00e7\u00ebshjte n\u00eb lidhje me menaxhimin e ZKE+ (si p\u00ebrgjegj\u00ebse p\u00ebr menaxhimin vendor t\u00eb [&hellip;]<\/p>\n","protected":false},"author":1,"featured_media":0,"comment_status":"closed","ping_status":"closed","sticky":false,"template":"","format":"standard","meta":{"_acf_changed":false,"_et_pb_use_builder":"","_et_pb_old_content":"","_et_gb_content_width":"","footnotes":""},"categories":[110,114],"tags":[],"class_list":["post-5625","post","type-post","status-publish","format-standard","hentry","category-aktivitete","category-here-aktivitete"],"acf":[],"_links":{"self":[{"href":"https:\/\/erasmusplus.al\/index.php?rest_route=\/wp\/v2\/posts\/5625","targetHints":{"allow":["GET"]}}],"collection":[{"href":"https:\/\/erasmusplus.al\/index.php?rest_route=\/wp\/v2\/posts"}],"about":[{"href":"https:\/\/erasmusplus.al\/index.php?rest_route=\/wp\/v2\/types\/post"}],"author":[{"embeddable":true,"href":"https:\/\/erasmusplus.al\/index.php?rest_route=\/wp\/v2\/users\/1"}],"replies":[{"embeddable":true,"href":"https:\/\/erasmusplus.al\/index.php?rest_route=%2Fwp%2Fv2%2Fcomments&post=5625"}],"version-history":[{"count":3,"href":"https:\/\/erasmusplus.al\/index.php?rest_route=\/wp\/v2\/posts\/5625\/revisions"}],"predecessor-version":[{"id":6630,"href":"https:\/\/erasmusplus.al\/index.php?rest_route=\/wp\/v2\/posts\/5625\/revisions\/6630"}],"wp:attachment":[{"href":"https:\/\/erasmusplus.al\/index.php?rest_route=%2Fwp%2Fv2%2Fmedia&parent=5625"}],"wp:term":[{"taxonomy":"category","embeddable":true,"href":"https:\/\/erasmusplus.al\/index.php?rest_route=%2Fwp%2Fv2%2Fcategories&post=5625"},{"taxonomy":"post_tag","embeddable":true,"href":"https:\/\/erasmusplus.al\/index.php?rest_route=%2Fwp%2Fv2%2Ftags&post=5625"}],"curies":[{"name":"wp","href":"https:\/\/api.w.org\/{rel}","templated":true}]}}