{"id":5814,"date":"2020-12-14T18:16:08","date_gmt":"2020-12-14T18:16:08","guid":{"rendered":"http:\/\/erasmusplus.al\/?p=5814"},"modified":"2020-12-15T22:44:25","modified_gmt":"2020-12-15T22:44:25","slug":"5814","status":"publish","type":"post","link":"https:\/\/erasmusplus.al\/?p=5814&lang=sq","title":{"rendered":"Raporti i Mbulimit dhe Ndikimit i #ErasmusDays 2020"},"content":{"rendered":"<p><span style=\"color: #000000;\">Dhjetor 2020<\/span><\/p>\n<p><span style=\"color: #000000;\">Agjencia Komb\u00ebtare Erasmus+ n\u00eb Franc\u00eb \u00a0<\/span><\/p>\n<p><span style=\"color: #000000;\">#ErasmusDays krijuar p\u00ebr 30 vjetorin e Programit Erasmus +, \u00ebsht\u00eb kthyer n\u00eb nj\u00eb fest\u00eb t\u00eb madhe Evropiane e l\u00ebvizshm\u00ebris\u00eb nd\u00ebrkomb\u00ebtare dhe shk\u00ebmbimit nd\u00ebrkulturor.<\/span><\/p>\n<p><span style=\"color: #000000;\">Pjes\u00ebmarr\u00ebsit, p\u00ebrfituesit, alumni, organizatat dhe Agjencit\u00eb Komb\u00ebtare t\u00eb Erasmus + organizojn\u00eb ngjarje lokale p\u00ebr qytetar\u00ebt, mediat dhe politik\u00ebb\u00ebr\u00ebsit p\u00ebr t\u00eb m\u00ebsuar m\u00eb shum\u00eb rreth Erasmus + dhe gam\u00ebn e gjer\u00eb t\u00eb projekteve q\u00eb mb\u00ebshtet.<\/span><\/p>\n<p><span style=\"color: #000000;\">Agjencia Komb\u00ebtare Erasmus + n\u00eb Franc\u00eb p\u00ebrgatiti Raportin e \u201cMbulimit dhe Ndikimit t\u00eb #ErasmusDays 2020\u201d p\u00ebr t\u00eb vler\u00ebsuar dhe p\u00ebrsh\u00ebndetur suksesin e papar\u00eb t\u00eb # ErasmusDays 2020: m\u00eb shum\u00eb se 5 000 ngjarje u zhvilluan n\u00eb 84 vendet q\u00eb i regjistruan ato n\u00eb faqen zyrtare t\u00eb internetit www.erasmusdays.com duke d\u00ebshmuar edhe nj\u00eb her\u00eb \u00a0entuziazmin dhe angazhimin \u00a0e aktor\u00ebve t\u00eb Erasmus + n\u00eb t\u00eb gjith\u00eb bot\u00ebn. P\u00ebrkund\u00ebr situat\u00ebs s\u00eb v\u00ebshtir\u00eb dhe t\u00eb pasigurt gjat\u00eb COVID 19, student\u00eb, m\u00ebsues, praktikues, vullnetar\u00eb, OJQ, Agjensi Komb\u00ebtare Erasmus +, Zyra Komb\u00ebtare Erasmus + dhe shum\u00eb m\u00eb tep\u00ebr aktor\u00eb t\u00eb Erasmus + u mblodh\u00ebn p\u00ebr t\u00eb festuar l\u00ebvizjen nd\u00ebrkomb\u00ebtare dhe multikulturalizmin.<\/span><\/p>\n<p><span style=\"color: #000000;\">Shqip\u00ebria \u00ebsht\u00eb cil\u00ebsuar n\u00eb k\u00ebt\u00eb raport \u00a0si nj\u00eb nga vendet e Praktik\u00ebs m\u00eb t\u00eb Mir\u00eb; 24 aktivitete u zhvilluan gjat\u00eb ErasmusDays2020, u p\u00ebrdor\u00ebn metodologji t\u00eb ndryshme dhe t\u00eb shumta si: takim ball\u00eb p\u00ebr ball\u00eb, takim i p\u00ebrzier, sesion Informues, workshop, seminare, Livestream n\u00eb FB, \u00a0aktivitete t\u00eb zhvilluara n\u00eb media dhe televizione, pergatitje dhe transmetim i videove te p\u00ebrgatitutra nga vet institucionet, numri i madh i d\u00ebshmive p\u00ebrfitues t\u00eb Erasmus+ etj.<\/span><\/p>\n<p><span style=\"color: #000000; font-size: inherit;\">Raporti i Plot\u00eb:<\/span><\/p>\n<p><a href=\"https:\/\/erasmusplus.al\/wp-content\/uploads\/2020\/12\/ErasmusDays_2020-coverage_and_impact_FRANCE.pdf\"><span style=\"color: #333399;\"><span style=\"text-decoration: underline;\"><span style=\"color: #0000ff; text-decoration: underline;\">ErasmusDays 2020 &#8211; coverage and impact FRANCE<\/span><\/span><\/span><\/a><\/p>\n<p><a href=\"https:\/\/erasmusplus.al\/wp-content\/uploads\/2020\/12\/erasmys-days-rapport.jpg\"><img loading=\"lazy\" decoding=\"async\" class=\"alignnone size-medium wp-image-5806\" src=\"https:\/\/erasmusplus.al\/wp-content\/uploads\/2020\/12\/erasmys-days-rapport-300x248.jpg\" alt=\"\" width=\"300\" height=\"248\" srcset=\"https:\/\/erasmusplus.al\/wp-content\/uploads\/2020\/12\/erasmys-days-rapport-300x248.jpg 300w, https:\/\/erasmusplus.al\/wp-content\/uploads\/2020\/12\/erasmys-days-rapport.jpg 605w\" sizes=\"(max-width: 300px) 100vw, 300px\" \/>\u00a0<\/a><a href=\"https:\/\/erasmusplus.al\/wp-content\/uploads\/2020\/12\/50490058681-scaled.jpg\"><img loading=\"lazy\" decoding=\"async\" class=\"alignnone size-medium wp-image-5802\" src=\"https:\/\/erasmusplus.al\/wp-content\/uploads\/2020\/12\/50490058681-300x200.jpg\" alt=\"\" width=\"300\" height=\"200\" srcset=\"https:\/\/erasmusplus.al\/wp-content\/uploads\/2020\/12\/50490058681-300x200.jpg 300w, https:\/\/erasmusplus.al\/wp-content\/uploads\/2020\/12\/50490058681-1024x683.jpg 1024w, https:\/\/erasmusplus.al\/wp-content\/uploads\/2020\/12\/50490058681-768x512.jpg 768w, https:\/\/erasmusplus.al\/wp-content\/uploads\/2020\/12\/50490058681-1536x1024.jpg 1536w, https:\/\/erasmusplus.al\/wp-content\/uploads\/2020\/12\/50490058681-2048x1365.jpg 2048w, https:\/\/erasmusplus.al\/wp-content\/uploads\/2020\/12\/50490058681-360x240.jpg 360w, https:\/\/erasmusplus.al\/wp-content\/uploads\/2020\/12\/50490058681-272x182.jpg 272w\" sizes=\"(max-width: 300px) 100vw, 300px\" \/><\/a> <a href=\"https:\/\/erasmusplus.al\/wp-content\/uploads\/2020\/12\/50490060291-scaled.jpg\"><img loading=\"lazy\" decoding=\"async\" class=\"alignnone size-medium wp-image-5803\" src=\"https:\/\/erasmusplus.al\/wp-content\/uploads\/2020\/12\/50490060291-300x200.jpg\" alt=\"\" width=\"300\" height=\"200\" srcset=\"https:\/\/erasmusplus.al\/wp-content\/uploads\/2020\/12\/50490060291-300x200.jpg 300w, https:\/\/erasmusplus.al\/wp-content\/uploads\/2020\/12\/50490060291-1024x683.jpg 1024w, https:\/\/erasmusplus.al\/wp-content\/uploads\/2020\/12\/50490060291-768x512.jpg 768w, https:\/\/erasmusplus.al\/wp-content\/uploads\/2020\/12\/50490060291-1536x1024.jpg 1536w, https:\/\/erasmusplus.al\/wp-content\/uploads\/2020\/12\/50490060291-2048x1365.jpg 2048w, https:\/\/erasmusplus.al\/wp-content\/uploads\/2020\/12\/50490060291-360x240.jpg 360w, https:\/\/erasmusplus.al\/wp-content\/uploads\/2020\/12\/50490060291-272x182.jpg 272w\" sizes=\"(max-width: 300px) 100vw, 300px\" \/><\/a> <a href=\"https:\/\/erasmusplus.al\/wp-content\/uploads\/2020\/12\/50493424448-scaled.jpg\"><img loading=\"lazy\" decoding=\"async\" class=\"alignnone size-medium wp-image-5804\" src=\"https:\/\/erasmusplus.al\/wp-content\/uploads\/2020\/12\/50493424448-300x200.jpg\" alt=\"\" width=\"300\" height=\"200\" srcset=\"https:\/\/erasmusplus.al\/wp-content\/uploads\/2020\/12\/50493424448-300x200.jpg 300w, https:\/\/erasmusplus.al\/wp-content\/uploads\/2020\/12\/50493424448-1024x683.jpg 1024w, https:\/\/erasmusplus.al\/wp-content\/uploads\/2020\/12\/50493424448-768x512.jpg 768w, https:\/\/erasmusplus.al\/wp-content\/uploads\/2020\/12\/50493424448-1536x1024.jpg 1536w, https:\/\/erasmusplus.al\/wp-content\/uploads\/2020\/12\/50493424448-2048x1365.jpg 2048w, https:\/\/erasmusplus.al\/wp-content\/uploads\/2020\/12\/50493424448-360x240.jpg 360w, https:\/\/erasmusplus.al\/wp-content\/uploads\/2020\/12\/50493424448-272x182.jpg 272w\" sizes=\"(max-width: 300px) 100vw, 300px\" \/><\/a> <a href=\"https:\/\/erasmusplus.al\/wp-content\/uploads\/2020\/12\/50493424723-scaled.jpg\"><img loading=\"lazy\" decoding=\"async\" class=\"alignnone size-medium wp-image-5805\" src=\"https:\/\/erasmusplus.al\/wp-content\/uploads\/2020\/12\/50493424723-300x200.jpg\" alt=\"\" width=\"300\" height=\"200\" srcset=\"https:\/\/erasmusplus.al\/wp-content\/uploads\/2020\/12\/50493424723-300x200.jpg 300w, https:\/\/erasmusplus.al\/wp-content\/uploads\/2020\/12\/50493424723-1024x683.jpg 1024w, https:\/\/erasmusplus.al\/wp-content\/uploads\/2020\/12\/50493424723-768x512.jpg 768w, https:\/\/erasmusplus.al\/wp-content\/uploads\/2020\/12\/50493424723-1536x1024.jpg 1536w, https:\/\/erasmusplus.al\/wp-content\/uploads\/2020\/12\/50493424723-2048x1365.jpg 2048w, https:\/\/erasmusplus.al\/wp-content\/uploads\/2020\/12\/50493424723-360x240.jpg 360w, https:\/\/erasmusplus.al\/wp-content\/uploads\/2020\/12\/50493424723-272x182.jpg 272w\" sizes=\"(max-width: 300px) 100vw, 300px\" \/><\/a><\/p>\n","protected":false},"excerpt":{"rendered":"<p>Dhjetor 2020 Agjencia Komb\u00ebtare Erasmus+ n\u00eb Franc\u00eb \u00a0 #ErasmusDays krijuar p\u00ebr 30 vjetorin e Programit Erasmus +, \u00ebsht\u00eb kthyer n\u00eb nj\u00eb fest\u00eb t\u00eb madhe Evropiane e l\u00ebvizshm\u00ebris\u00eb nd\u00ebrkomb\u00ebtare dhe shk\u00ebmbimit nd\u00ebrkulturor. Pjes\u00ebmarr\u00ebsit, p\u00ebrfituesit, alumni, organizatat dhe Agjencit\u00eb Komb\u00ebtare t\u00eb Erasmus + organizojn\u00eb ngjarje lokale p\u00ebr qytetar\u00ebt, mediat dhe politik\u00ebb\u00ebr\u00ebsit p\u00ebr t\u00eb m\u00ebsuar m\u00eb shum\u00eb rreth [&hellip;]<\/p>\n","protected":false},"author":1,"featured_media":0,"comment_status":"closed","ping_status":"closed","sticky":false,"template":"","format":"standard","meta":{"_acf_changed":false,"_et_pb_use_builder":"","_et_pb_old_content":"","_et_gb_content_width":"","footnotes":""},"categories":[110],"tags":[],"class_list":["post-5814","post","type-post","status-publish","format-standard","hentry","category-aktivitete"],"acf":[],"_links":{"self":[{"href":"https:\/\/erasmusplus.al\/index.php?rest_route=\/wp\/v2\/posts\/5814","targetHints":{"allow":["GET"]}}],"collection":[{"href":"https:\/\/erasmusplus.al\/index.php?rest_route=\/wp\/v2\/posts"}],"about":[{"href":"https:\/\/erasmusplus.al\/index.php?rest_route=\/wp\/v2\/types\/post"}],"author":[{"embeddable":true,"href":"https:\/\/erasmusplus.al\/index.php?rest_route=\/wp\/v2\/users\/1"}],"replies":[{"embeddable":true,"href":"https:\/\/erasmusplus.al\/index.php?rest_route=%2Fwp%2Fv2%2Fcomments&post=5814"}],"version-history":[{"count":4,"href":"https:\/\/erasmusplus.al\/index.php?rest_route=\/wp\/v2\/posts\/5814\/revisions"}],"predecessor-version":[{"id":5874,"href":"https:\/\/erasmusplus.al\/index.php?rest_route=\/wp\/v2\/posts\/5814\/revisions\/5874"}],"wp:attachment":[{"href":"https:\/\/erasmusplus.al\/index.php?rest_route=%2Fwp%2Fv2%2Fmedia&parent=5814"}],"wp:term":[{"taxonomy":"category","embeddable":true,"href":"https:\/\/erasmusplus.al\/index.php?rest_route=%2Fwp%2Fv2%2Fcategories&post=5814"},{"taxonomy":"post_tag","embeddable":true,"href":"https:\/\/erasmusplus.al\/index.php?rest_route=%2Fwp%2Fv2%2Ftags&post=5814"}],"curies":[{"name":"wp","href":"https:\/\/api.w.org\/{rel}","templated":true}]}}