{"id":5950,"date":"2020-11-03T20:19:33","date_gmt":"2020-11-03T20:19:33","guid":{"rendered":"http:\/\/erasmusplus.al\/?p=5950"},"modified":"2021-01-05T20:24:03","modified_gmt":"2021-01-05T20:24:03","slug":"pyetesor-per-impaktin-e-rrjeteve-sociale-te-erasmus-shqiperi","status":"publish","type":"post","link":"https:\/\/erasmusplus.al\/?p=5950&lang=sq","title":{"rendered":"Pyet\u00ebsor p\u00ebr impaktin e rrjeteve sociale t\u00eb Erasmus+ Shqip\u00ebri"},"content":{"rendered":"<p><span style=\"color: #000000;\">Zyra Komb\u00ebtare Erasmus+ n\u00eb Shqip\u00ebri ka p\u00ebr q\u00ebllim t\u00eb jet\u00eb sa m\u00eb af\u00ebr t\u00eb rinjve, student\u00ebve, organizatave dhe Institucioneve t\u00eb AL q\u00eb duan t\u00eb aplikojn\u00eb n\u00eb nj\u00eb nga programet Erasmus+ n\u00eb Arsimin e Lart\u00eb.<\/span><\/p>\n<p><span style=\"color: #000000;\">P\u00ebr k\u00ebt\u00eb arsye\u00a0 nd\u00ebrtuam pyet\u00ebsorin e dyt\u00eb\u00a0 p\u00ebr t\u00eb kuptuar sa rrjetet sociale t\u00eb ZKE+\u00a0 jan\u00eb af\u00ebr jush dhe \u00e7\u00ebshtjeve q\u00eb ju jeni t\u00eb interesuar.<\/span><\/p>\n<p><span style=\"color: #000000;\">Plot\u00ebsoni pyet\u00ebsorin n\u00eb linkun e m\u00ebposht\u00ebm dhe na ndihmoni t\u00eb kuptojm\u00eb \u00e7far\u00eb duhet t\u00eb p\u00ebrmir\u00ebsojm\u00eb:<\/span><\/p>\n<p><span style=\"text-decoration: underline;\"><span style=\"color: #3366ff;\"><a style=\"color: #3366ff; text-decoration: underline;\" href=\"https:\/\/forms.gle\/RXCJzqRNEuXxBSMs8\">https:\/\/forms.gle\/RXCJzqRNEuXxBSMs8<\/a><\/span><\/span><\/p>\n<p><span style=\"color: #000000;\">Shum\u00eb faleminderit p\u00ebr koh\u00ebn tuaj!<\/span><\/p>\n<p><a href=\"https:\/\/erasmusplus.al\/wp-content\/uploads\/2021\/01\/survey-impact-2.jpg\"><img loading=\"lazy\" decoding=\"async\" class=\"alignnone size-medium wp-image-5947\" src=\"https:\/\/erasmusplus.al\/wp-content\/uploads\/2021\/01\/survey-impact-2-300x169.jpg\" sizes=\"(max-width: 300px) 100vw, 300px\" srcset=\"https:\/\/erasmusplus.al\/wp-content\/uploads\/2021\/01\/survey-impact-2-300x169.jpg 300w, https:\/\/erasmusplus.al\/wp-content\/uploads\/2021\/01\/survey-impact-2-1024x576.jpg 1024w, https:\/\/erasmusplus.al\/wp-content\/uploads\/2021\/01\/survey-impact-2-768x432.jpg 768w, https:\/\/erasmusplus.al\/wp-content\/uploads\/2021\/01\/survey-impact-2-1536x864.jpg 1536w, https:\/\/erasmusplus.al\/wp-content\/uploads\/2021\/01\/survey-impact-2.jpg 1920w\" alt=\"\" width=\"300\" height=\"169\" \/><\/a><\/p>\n<div class=\"wp-video\">\n<div style=\"width: 640px;\" class=\"wp-video\"><video class=\"wp-video-shortcode\" id=\"video-5950-1\" width=\"640\" height=\"360\" preload=\"metadata\" controls=\"controls\"><source type=\"video\/mp4\" src=\"https:\/\/erasmusplus.al\/wp-content\/uploads\/2021\/01\/survey_impakt.mp4?_=1\" \/><a href=\"https:\/\/erasmusplus.al\/wp-content\/uploads\/2021\/01\/survey_impakt.mp4\">https:\/\/erasmusplus.al\/wp-content\/uploads\/2021\/01\/survey_impakt.mp4<\/a><\/video><\/div>\n<\/div>\n","protected":false},"excerpt":{"rendered":"<p>Zyra Komb\u00ebtare Erasmus+ n\u00eb Shqip\u00ebri ka p\u00ebr q\u00ebllim t\u00eb jet\u00eb sa m\u00eb af\u00ebr t\u00eb rinjve, student\u00ebve, organizatave dhe Institucioneve t\u00eb AL q\u00eb duan t\u00eb aplikojn\u00eb n\u00eb nj\u00eb nga programet Erasmus+ n\u00eb Arsimin e Lart\u00eb. P\u00ebr k\u00ebt\u00eb arsye\u00a0 nd\u00ebrtuam pyet\u00ebsorin e dyt\u00eb\u00a0 p\u00ebr t\u00eb kuptuar sa rrjetet sociale t\u00eb ZKE+\u00a0 jan\u00eb af\u00ebr jush dhe \u00e7\u00ebshtjeve q\u00eb [&hellip;]<\/p>\n","protected":false},"author":1,"featured_media":0,"comment_status":"closed","ping_status":"closed","sticky":false,"template":"","format":"standard","meta":{"_acf_changed":false,"_et_pb_use_builder":"","_et_pb_old_content":"","_et_gb_content_width":"","footnotes":""},"categories":[110],"tags":[],"class_list":["post-5950","post","type-post","status-publish","format-standard","hentry","category-aktivitete"],"acf":[],"_links":{"self":[{"href":"https:\/\/erasmusplus.al\/index.php?rest_route=\/wp\/v2\/posts\/5950","targetHints":{"allow":["GET"]}}],"collection":[{"href":"https:\/\/erasmusplus.al\/index.php?rest_route=\/wp\/v2\/posts"}],"about":[{"href":"https:\/\/erasmusplus.al\/index.php?rest_route=\/wp\/v2\/types\/post"}],"author":[{"embeddable":true,"href":"https:\/\/erasmusplus.al\/index.php?rest_route=\/wp\/v2\/users\/1"}],"replies":[{"embeddable":true,"href":"https:\/\/erasmusplus.al\/index.php?rest_route=%2Fwp%2Fv2%2Fcomments&post=5950"}],"version-history":[{"count":2,"href":"https:\/\/erasmusplus.al\/index.php?rest_route=\/wp\/v2\/posts\/5950\/revisions"}],"predecessor-version":[{"id":5952,"href":"https:\/\/erasmusplus.al\/index.php?rest_route=\/wp\/v2\/posts\/5950\/revisions\/5952"}],"wp:attachment":[{"href":"https:\/\/erasmusplus.al\/index.php?rest_route=%2Fwp%2Fv2%2Fmedia&parent=5950"}],"wp:term":[{"taxonomy":"category","embeddable":true,"href":"https:\/\/erasmusplus.al\/index.php?rest_route=%2Fwp%2Fv2%2Fcategories&post=5950"},{"taxonomy":"post_tag","embeddable":true,"href":"https:\/\/erasmusplus.al\/index.php?rest_route=%2Fwp%2Fv2%2Ftags&post=5950"}],"curies":[{"name":"wp","href":"https:\/\/api.w.org\/{rel}","templated":true}]}}