{"id":6021,"date":"2020-12-15T21:08:54","date_gmt":"2020-12-15T21:08:54","guid":{"rendered":"http:\/\/erasmusplus.al\/?p=6021"},"modified":"2021-01-05T21:16:19","modified_gmt":"2021-01-05T21:16:19","slug":"takimi-statusi-aktual-i-studenteve-ne-shkembimet-studentore-ne-wb-eu-lindore-dhe-rusi","status":"publish","type":"post","link":"https:\/\/erasmusplus.al\/?p=6021&lang=sq","title":{"rendered":"Takimi: Statusi aktual i student\u00ebve n\u00eb shk\u00ebmbimet studentore n\u00eb WB, EU lindore dhe Rusi."},"content":{"rendered":"<p><span style=\"color: #000000;\"><strong>Dat\u00eb: <\/strong>15 Dhjetor 2020<\/span><\/p>\n<p><span style=\"color: #000000;\"><strong>Vendndodhja<\/strong><strong>:<\/strong> Platform\u00ebn digjitale- CampusFranceShqiperi.<\/span><\/p>\n<p><span style=\"color: #000000;\"><strong>Organizuar nga<\/strong>: Campus France &amp; Ambasada Franceze, Zyra Komb\u00ebtare Erasmus+ dhe Agjencia Komb\u00ebtare Erasmus+ e Franc\u00ebs<\/span><\/p>\n<p><span style=\"color: #000000;\">N\u00eb dat\u00ebn 15 Dhjetor, u zhvillua seminari &#8220;Enhancing the collaboration between Albanian and French Higher Education Institutions&#8221;, n\u00eb sesionin e or\u00ebs 11:00-12:00 t\u00eb panairit &#8220;Salloni Virtual i Edukimit, Franc\u00eb-Shqip\u00ebri 2020, dhe u p\u00ebrsh\u00ebndet nga fjalimi i hapjes nga Znj. Elisabeth Barsacq, Ambasadore e Franc\u00ebs n\u00eb Shqip\u00ebri. \u00a0Aktiviteti u zhvillua 9:30- 18:15e ndar\u00eb n\u00eb sesione t\u00eb ndryshme, dhe mblodhi shum\u00eb aktor\u00eb t\u00eb ndrysh\u00ebm nga fusha e edukimit q\u00eb zhvillojn\u00eb aktivitete n\u00eb Shqip\u00ebri.<\/span><\/p>\n<p><span style=\"color: #000000;\">Aktiviteti u zhvillua n\u00eb platform\u00ebn CampusFranceShqiperi.<\/span><\/p>\n<p><span style=\"color: #000000;\">N\u00eb sesionin e dedikuar Arsimit t\u00eb Lart, Jean-Louis Mayonnade nga Agjencia Komb\u00ebtare Franceze Erasmus+ dhe Erida Curraj nga zyra Komb\u00ebtare Erasmus+ n\u00eb Shqip\u00ebri, Prezantuan Programin Erasmus+ dhe risit\u00eb e programit t\u00eb ri Erasmus+ 2021-2027 dhe listuan rekomandimet p\u00ebr IAL n\u00eb t\u00eb dy vendet Shqip\u00ebri-Franc\u00eb p\u00ebr thirrjet e rradh\u00ebs.<\/span><\/p>\n<p><span style=\"color: #000000;\">Magali Maire, koordinatorja e\u00a0 projektit\u00a0 SmartAL, ndau me audienc\u00ebn eksperienc\u00ebn e bashk\u00ebpunimit me institucionet e arsimit t\u00eb lart\u00eb n\u00eb Shqip\u00ebri dhe t\u00eb qenurit koordintore e nje projekti\u00a0\u00a0 (CBHE Erasmus+) e b\u00ebri t\u00eb kuptoj se Shqip\u00ebria \u00ebsht\u00eb nj\u00eb vend plot potenciale, ajo k\u00ebshilloi edhe koleg\u00ebt e saj francez\u00eb t\u00eb mos hezitojn\u00eb p\u00ebr bashk\u00ebpunim.<\/span><\/p>\n<p><span style=\"color: #000000;\">Gjat\u00eb prezantimit, institucionet e arsimit t\u00eb lart\u00eb n\u00eb Shqip\u00ebri dhe n\u00eb Franc\u00eb u informuan, u sugjeruan dhe u k\u00ebshilluan p\u00ebr hapat e m\u00ebtejshme si disa sugjerime jan\u00eb:<\/span><\/p>\n<ul>\n<li><span style=\"color: #000000;\">Duhet t\u00eb rritet bashk\u00ebpunimi midis Institucioneve t\u00eb Arsimit t\u00eb Lart\u00eb n\u00eb Shqip\u00ebri dhe n\u00eb Frac\u00eb<\/span><\/li>\n<\/ul>\n<p><span style=\"color: #000000;\">Gjat\u00eb programit Erasmus+ 2014-2020 rreth 100 000euro nuk jan\u00eb p\u00ebrdorur nga buxheti total i k\u00ebrkuar nga Agjencia Erasmus+ e Franc\u00ebs p\u00ebr bashk\u00ebpunimin Franc\u00eb- Vendet e Balkkanit<\/span><\/p>\n<ul>\n<li><span style=\"color: #000000;\">Duhet t\u00eb rriten aplikimet midis IAL-ve t\u00eb dy vendeve ne programet e ndryshme ICM, CBHE, Jean Monnet dhe Joint Master Mundus Erasmus.<\/span><\/li>\n<\/ul>\n<p><span style=\"color: #000000;\">Programi i ri Erasmus+ 2021-2027 do sjelli shum\u00eb thjesht\u00ebsira dhe mund\u00ebsira p\u00ebr IAL Shqiptare t\u00eb aplikojn\u00eb n\u00eb 4 programet e sip\u00ebrp\u00ebrmendura.<\/span><\/p>\n<ul>\n<li><span style=\"color: #000000;\">U sugjeruarn temat e projekteve p\u00ebr t\u00eb aplikuar n\u00eb thirrjen e rradh\u00ebs: a)temat e Progarmit t\u00eb ri Erasmus+, b) strategjit\u00eb komb\u00ebtare dhe rajonale si edhe c) lista e temave t\u00eb rekomanduar nga ZKE+ q\u00eb u prezantuan n\u00eb takim. <em>(shikoni prezantimin bashkangjitur)<\/em><\/span><\/li>\n<\/ul>\n<p><span style=\"color: #000000;\">Axhenda e aktivitetit:<\/span><\/p>\n<div class=\"ead-preview\"><div class=\"ead-document\" style=\"position: relative;padding-top: 90%;\"><div class=\"ead-iframe-wrapper\"><iframe src=\"\/\/docs.google.com\/viewer?url=https%3A%2F%2Ferasmusplus.al%2Fwp-content%2Fuploads%2F2021%2F01%2FAgendaSeminar-FRNA_ALNEO_-15DEC.pdf&amp;embedded=true&amp;hl=en\" title=\"Embedded Document\" class=\"ead-iframe\" style=\"width: 100%;height: 100%;border: none;position: absolute;left: 0;top: 0;visibility: hidden;\"><\/iframe><\/div>\t\t\t<div class=\"ead-document-loading\" style=\"width:100%;height:100%;position:absolute;left:0;top:0;z-index:10;\">\n\t\t\t\t<div class=\"ead-loading-wrap\">\n\t\t\t\t\t<div class=\"ead-loading-main\">\n\t\t\t\t\t\t<div class=\"ead-loading\">\n\t\t\t\t\t\t\t<img loading=\"lazy\" decoding=\"async\" src=\"https:\/\/erasmusplus.al\/wp-content\/plugins\/embed-any-document\/images\/loading.svg\" width=\"55\" height=\"55\" alt=\"Loader\">\n\t\t\t\t\t\t\t<span>Loading...<\/span>\n\t\t\t\t\t\t<\/div>\n\t\t\t\t\t<\/div>\n\t\t\t\t\t<div class=\"ead-loading-foot\">\n\t\t\t\t\t\t<div class=\"ead-loading-foot-title\">\n\t\t\t\t\t\t\t<img loading=\"lazy\" decoding=\"async\" src=\"https:\/\/erasmusplus.al\/wp-content\/plugins\/embed-any-document\/images\/EAD-logo.svg\" alt=\"EAD Logo\" width=\"36\" height=\"23\"\/>\n\t\t\t\t\t\t\t<span>Taking too long?<\/span>\n\t\t\t\t\t\t<\/div>\n\t\t\t\t\t\t<p>\n\t\t\t\t\t\t\t<div class=\"ead-document-btn ead-reload-btn\" role=\"button\">\n\t\t\t\t\t\t\t\t<img loading=\"lazy\" decoding=\"async\" src=\"https:\/\/erasmusplus.al\/wp-content\/plugins\/embed-any-document\/images\/reload.svg\" alt=\"Reload\" width=\"12\" height=\"12\"\/> Reload document\t\t\t\t\t\t\t<\/div>\n\t\t\t\t\t\t\t<span>|<\/span>\n\t\t\t\t\t\t\t<a href=\"https:\/\/erasmusplus.al\/wp-content\/uploads\/2021\/01\/AgendaSeminar-FRNA_ALNEO_-15DEC.pdf\" class=\"ead-document-btn\" target=\"_blank\">\n\t\t\t\t\t\t\t\t<img loading=\"lazy\" decoding=\"async\" src=\"https:\/\/erasmusplus.al\/wp-content\/plugins\/embed-any-document\/images\/open.svg\" alt=\"Open\" width=\"12\" height=\"12\"\/> Open in new tab\t\t\t\t\t\t\t<\/a>\n\t\t\t\t\t<\/div>\n\t\t\t\t<\/div>\n\t\t\t<\/div>\n\t\t<\/div><p class=\"embed_download\"><a href=\"https:\/\/erasmusplus.al\/wp-content\/uploads\/2021\/01\/AgendaSeminar-FRNA_ALNEO_-15DEC.pdf\" download>Download [119.48 KB] <\/a><\/p><\/div>\n<p><span style=\"color: #000000;\">Prezantimi I aktivitetit e gjeni:<\/span><\/p>\n<div class=\"ead-preview\"><div class=\"ead-document\" style=\"position: relative;padding-top: 90%;\"><div class=\"ead-iframe-wrapper\"><iframe src=\"\/\/docs.google.com\/viewer?url=https%3A%2F%2Ferasmusplus.al%2Fwp-content%2Fuploads%2F2021%2F01%2FSeminar-AlbaniaFrance_15Dec.pdf&amp;embedded=true&amp;hl=en\" title=\"Embedded Document\" class=\"ead-iframe\" style=\"width: 100%;height: 100%;border: none;position: absolute;left: 0;top: 0;visibility: hidden;\"><\/iframe><\/div>\t\t\t<div class=\"ead-document-loading\" style=\"width:100%;height:100%;position:absolute;left:0;top:0;z-index:10;\">\n\t\t\t\t<div class=\"ead-loading-wrap\">\n\t\t\t\t\t<div class=\"ead-loading-main\">\n\t\t\t\t\t\t<div class=\"ead-loading\">\n\t\t\t\t\t\t\t<img loading=\"lazy\" decoding=\"async\" src=\"https:\/\/erasmusplus.al\/wp-content\/plugins\/embed-any-document\/images\/loading.svg\" width=\"55\" height=\"55\" alt=\"Loader\">\n\t\t\t\t\t\t\t<span>Loading...<\/span>\n\t\t\t\t\t\t<\/div>\n\t\t\t\t\t<\/div>\n\t\t\t\t\t<div class=\"ead-loading-foot\">\n\t\t\t\t\t\t<div class=\"ead-loading-foot-title\">\n\t\t\t\t\t\t\t<img loading=\"lazy\" decoding=\"async\" src=\"https:\/\/erasmusplus.al\/wp-content\/plugins\/embed-any-document\/images\/EAD-logo.svg\" alt=\"EAD Logo\" width=\"36\" height=\"23\"\/>\n\t\t\t\t\t\t\t<span>Taking too long?<\/span>\n\t\t\t\t\t\t<\/div>\n\t\t\t\t\t\t<p>\n\t\t\t\t\t\t\t<div class=\"ead-document-btn ead-reload-btn\" role=\"button\">\n\t\t\t\t\t\t\t\t<img loading=\"lazy\" decoding=\"async\" src=\"https:\/\/erasmusplus.al\/wp-content\/plugins\/embed-any-document\/images\/reload.svg\" alt=\"Reload\" width=\"12\" height=\"12\"\/> Reload document\t\t\t\t\t\t\t<\/div>\n\t\t\t\t\t\t\t<span>|<\/span>\n\t\t\t\t\t\t\t<a href=\"https:\/\/erasmusplus.al\/wp-content\/uploads\/2021\/01\/Seminar-AlbaniaFrance_15Dec.pdf\" class=\"ead-document-btn\" target=\"_blank\">\n\t\t\t\t\t\t\t\t<img loading=\"lazy\" decoding=\"async\" src=\"https:\/\/erasmusplus.al\/wp-content\/plugins\/embed-any-document\/images\/open.svg\" alt=\"Open\" width=\"12\" height=\"12\"\/> Open in new tab\t\t\t\t\t\t\t<\/a>\n\t\t\t\t\t<\/div>\n\t\t\t\t<\/div>\n\t\t\t<\/div>\n\t\t<\/div><p class=\"embed_download\"><a href=\"https:\/\/erasmusplus.al\/wp-content\/uploads\/2021\/01\/Seminar-AlbaniaFrance_15Dec.pdf\" download>Download [1.67 MB] <\/a><\/p><\/div>\n<p><span style=\"color: #000000;\">Kontaktet:<\/span><\/p>\n<p><span style=\"color: #000000;\"><strong><em>Jean-Louis Mayonnade\u00a0\u00a0\u00a0\u00a0\u00a0\u00a0\u00a0\u00a0\u00a0\u00a0\u00a0\u00a0\u00a0\u00a0\u00a0\u00a0\u00a0\u00a0\u00a0\u00a0\u00a0\u00a0\u00a0\u00a0\u00a0\u00a0\u00a0\u00a0\u00a0\u00a0\u00a0\u00a0\u00a0\u00a0 \u00a0\u00a0\u00a0\u00a0\u00a0\u00a0\u00a0\u00a0\u00a0\u00a0\u00a0\u00a0\u00a0\u00a0\u00a0\u00a0\u00a0\u00a0\u00a0\u00a0\u00a0\u00a0\u00a0\u00a0\u00a0\u00a0Erida Curraj \u00a0\u00a0\u00a0\u00a0\u00a0\u00a0\u00a0\u00a0\u00a0\u00a0\u00a0\u00a0\u00a0\u00a0\u00a0\u00a0\u00a0\u00a0\u00a0\u00a0\u00a0\u00a0\u00a0\u00a0\u00a0<\/em><\/strong><\/span><\/p>\n<p><span style=\"color: #000000;\"><em>Programme Officer \u00a0\u00a0\u00a0\u00a0\u00a0\u00a0\u00a0\u00a0\u00a0\u00a0\u00a0\u00a0\u00a0\u00a0\u00a0\u00a0\u00a0\u00a0\u00a0\u00a0\u00a0\u00a0\u00a0\u00a0\u00a0\u00a0\u00a0\u00a0\u00a0\u00a0\u00a0\u00a0\u00a0\u00a0\u00a0\u00a0\u00a0\u00a0\u00a0\u00a0\u00a0\u00a0\u00a0\u00a0\u00a0\u00a0\u00a0\u00a0\u00a0\u00a0\u00a0\u00a0\u00a0\u00a0\u00a0\u00a0\u00a0\u00a0\u00a0\u00a0\u00a0\u00a0\u00a0\u00a0\u00a0\u00a0\u00a0\u00a0Programme Officer<\/em><\/span><\/p>\n<p><span style=\"color: #000000;\"><em>French National Agency Erasmus +\u00a0\u00a0\u00a0\u00a0\u00a0\u00a0\u00a0\u00a0\u00a0\u00a0\u00a0\u00a0\u00a0\u00a0\u00a0\u00a0\u00a0\u00a0\u00a0\u00a0\u00a0\u00a0\u00a0\u00a0\u00a0\u00a0\u00a0\u00a0\u00a0\u00a0 \u00a0\u00a0\u00a0\u00a0\u00a0\u00a0\u00a0\u00a0\u00a0\u00a0National Erasmus Office in Albania<\/em><\/span><\/p>\n<p><a href=\"mailto:Jean-Louis.Mayonnade@agence-erasmus.fr\"><span style=\"text-decoration: underline;\"><span style=\"color: #0000ff; text-decoration: underline;\">Jean-Louis.Mayonnade@agence-erasmus.fr<\/span><\/span><\/a><em><span style=\"text-decoration: underline;\"><span style=\"color: #0000ff; text-decoration: underline;\">\u00a0\u00a0\u00a0<\/span><\/span>\u00a0\u00a0\u00a0\u00a0\u00a0\u00a0\u00a0\u00a0\u00a0\u00a0\u00a0\u00a0\u00a0\u00a0 \u00a0\u00a0\u00a0\u00a0\u00a0\u00a0<span style=\"text-decoration: underline;\"><span style=\"color: #0000ff; text-decoration: underline;\"><a style=\"color: #0000ff; text-decoration: underline;\" href=\"mailto:Erida.curraj@erasmusplus.al\">Erida.curraj@erasmusplus.al<\/a><\/span><\/span><\/em><\/p>\n<p><a href=\"https:\/\/erasmusplus.al\/wp-content\/uploads\/2021\/01\/01.jpeg\"><img loading=\"lazy\" decoding=\"async\" class=\"alignnone size-medium wp-image-6006\" src=\"https:\/\/erasmusplus.al\/wp-content\/uploads\/2021\/01\/01-300x169.jpeg\" sizes=\"(max-width: 300px) 100vw, 300px\" srcset=\"https:\/\/erasmusplus.al\/wp-content\/uploads\/2021\/01\/01-300x169.jpeg 300w, https:\/\/erasmusplus.al\/wp-content\/uploads\/2021\/01\/01-1024x575.jpeg 1024w, https:\/\/erasmusplus.al\/wp-content\/uploads\/2021\/01\/01-768x431.jpeg 768w, https:\/\/erasmusplus.al\/wp-content\/uploads\/2021\/01\/01.jpeg 1280w\" alt=\"\" width=\"300\" height=\"169\" \/><\/a>\u00a0<a href=\"https:\/\/erasmusplus.al\/wp-content\/uploads\/2021\/01\/02.jpeg\"><img loading=\"lazy\" decoding=\"async\" class=\"alignnone size-medium wp-image-6007\" src=\"https:\/\/erasmusplus.al\/wp-content\/uploads\/2021\/01\/02-300x169.jpeg\" sizes=\"(max-width: 300px) 100vw, 300px\" srcset=\"https:\/\/erasmusplus.al\/wp-content\/uploads\/2021\/01\/02-300x169.jpeg 300w, https:\/\/erasmusplus.al\/wp-content\/uploads\/2021\/01\/02-1024x575.jpeg 1024w, https:\/\/erasmusplus.al\/wp-content\/uploads\/2021\/01\/02-768x431.jpeg 768w, https:\/\/erasmusplus.al\/wp-content\/uploads\/2021\/01\/02.jpeg 1280w\" alt=\"\" width=\"300\" height=\"169\" \/><\/a>\u00a0<a href=\"https:\/\/erasmusplus.al\/wp-content\/uploads\/2021\/01\/03.jpg\"><img loading=\"lazy\" decoding=\"async\" class=\"alignnone size-medium wp-image-6008\" src=\"https:\/\/erasmusplus.al\/wp-content\/uploads\/2021\/01\/03-300x169.jpg\" sizes=\"(max-width: 300px) 100vw, 300px\" srcset=\"https:\/\/erasmusplus.al\/wp-content\/uploads\/2021\/01\/03-300x169.jpg 300w, https:\/\/erasmusplus.al\/wp-content\/uploads\/2021\/01\/03-1024x576.jpg 1024w, https:\/\/erasmusplus.al\/wp-content\/uploads\/2021\/01\/03-768x432.jpg 768w, https:\/\/erasmusplus.al\/wp-content\/uploads\/2021\/01\/03-1536x864.jpg 1536w, https:\/\/erasmusplus.al\/wp-content\/uploads\/2021\/01\/03.jpg 2000w\" alt=\"\" width=\"300\" height=\"169\" \/><\/a>\u00a0<a href=\"https:\/\/erasmusplus.al\/wp-content\/uploads\/2021\/01\/Seminar-AlbaniaFrance_15Dec_Page_09.jpg\"><img loading=\"lazy\" decoding=\"async\" class=\"alignnone size-medium wp-image-6009\" src=\"https:\/\/erasmusplus.al\/wp-content\/uploads\/2021\/01\/Seminar-AlbaniaFrance_15Dec_Page_09-300x165.jpg\" sizes=\"(max-width: 300px) 100vw, 300px\" srcset=\"https:\/\/erasmusplus.al\/wp-content\/uploads\/2021\/01\/Seminar-AlbaniaFrance_15Dec_Page_09-300x165.jpg 300w, https:\/\/erasmusplus.al\/wp-content\/uploads\/2021\/01\/Seminar-AlbaniaFrance_15Dec_Page_09-1024x564.jpg 1024w, https:\/\/erasmusplus.al\/wp-content\/uploads\/2021\/01\/Seminar-AlbaniaFrance_15Dec_Page_09-768x423.jpg 768w, https:\/\/erasmusplus.al\/wp-content\/uploads\/2021\/01\/Seminar-AlbaniaFrance_15Dec_Page_09.jpg 1294w\" alt=\"\" width=\"300\" height=\"165\" \/><\/a>\u00a0<a href=\"https:\/\/erasmusplus.al\/wp-content\/uploads\/2021\/01\/Seminar-AlbaniaFrance_15Dec_Page_10.jpg\"><img loading=\"lazy\" decoding=\"async\" class=\"alignnone size-medium wp-image-6010\" src=\"https:\/\/erasmusplus.al\/wp-content\/uploads\/2021\/01\/Seminar-AlbaniaFrance_15Dec_Page_10-300x169.jpg\" sizes=\"(max-width: 300px) 100vw, 300px\" srcset=\"https:\/\/erasmusplus.al\/wp-content\/uploads\/2021\/01\/Seminar-AlbaniaFrance_15Dec_Page_10-300x169.jpg 300w, https:\/\/erasmusplus.al\/wp-content\/uploads\/2021\/01\/Seminar-AlbaniaFrance_15Dec_Page_10-1024x576.jpg 1024w, https:\/\/erasmusplus.al\/wp-content\/uploads\/2021\/01\/Seminar-AlbaniaFrance_15Dec_Page_10-768x432.jpg 768w, https:\/\/erasmusplus.al\/wp-content\/uploads\/2021\/01\/Seminar-AlbaniaFrance_15Dec_Page_10-1536x864.jpg 1536w, https:\/\/erasmusplus.al\/wp-content\/uploads\/2021\/01\/Seminar-AlbaniaFrance_15Dec_Page_10.jpg 2000w\" alt=\"\" width=\"300\" height=\"169\" \/><\/a>\u00a0<a href=\"https:\/\/erasmusplus.al\/wp-content\/uploads\/2021\/01\/Seminar-AlbaniaFrance_15Dec_Page_13.jpg\"><img loading=\"lazy\" decoding=\"async\" class=\"alignnone size-medium wp-image-6011\" src=\"https:\/\/erasmusplus.al\/wp-content\/uploads\/2021\/01\/Seminar-AlbaniaFrance_15Dec_Page_13-300x165.jpg\" sizes=\"(max-width: 300px) 100vw, 300px\" srcset=\"https:\/\/erasmusplus.al\/wp-content\/uploads\/2021\/01\/Seminar-AlbaniaFrance_15Dec_Page_13-300x165.jpg 300w, https:\/\/erasmusplus.al\/wp-content\/uploads\/2021\/01\/Seminar-AlbaniaFrance_15Dec_Page_13-1024x564.jpg 1024w, https:\/\/erasmusplus.al\/wp-content\/uploads\/2021\/01\/Seminar-AlbaniaFrance_15Dec_Page_13-768x423.jpg 768w, https:\/\/erasmusplus.al\/wp-content\/uploads\/2021\/01\/Seminar-AlbaniaFrance_15Dec_Page_13.jpg 1294w\" alt=\"\" width=\"300\" height=\"165\" \/><\/a>\u00a0<a href=\"https:\/\/erasmusplus.al\/wp-content\/uploads\/2021\/01\/Seminar-AlbaniaFrance_15Dec_Page_14.jpg\"><img loading=\"lazy\" decoding=\"async\" class=\"alignnone size-medium wp-image-6012\" src=\"https:\/\/erasmusplus.al\/wp-content\/uploads\/2021\/01\/Seminar-AlbaniaFrance_15Dec_Page_14-300x165.jpg\" sizes=\"(max-width: 300px) 100vw, 300px\" srcset=\"https:\/\/erasmusplus.al\/wp-content\/uploads\/2021\/01\/Seminar-AlbaniaFrance_15Dec_Page_14-300x165.jpg 300w, https:\/\/erasmusplus.al\/wp-content\/uploads\/2021\/01\/Seminar-AlbaniaFrance_15Dec_Page_14-1024x564.jpg 1024w, https:\/\/erasmusplus.al\/wp-content\/uploads\/2021\/01\/Seminar-AlbaniaFrance_15Dec_Page_14-768x423.jpg 768w, https:\/\/erasmusplus.al\/wp-content\/uploads\/2021\/01\/Seminar-AlbaniaFrance_15Dec_Page_14.jpg 1294w\" alt=\"\" width=\"300\" height=\"165\" \/><\/a>\u00a0<a href=\"https:\/\/erasmusplus.al\/wp-content\/uploads\/2021\/01\/Seminar-AlbaniaFrance_15Dec_Page_16.jpg\"><img loading=\"lazy\" decoding=\"async\" class=\"alignnone size-medium wp-image-6013\" src=\"https:\/\/erasmusplus.al\/wp-content\/uploads\/2021\/01\/Seminar-AlbaniaFrance_15Dec_Page_16-300x165.jpg\" sizes=\"(max-width: 300px) 100vw, 300px\" srcset=\"https:\/\/erasmusplus.al\/wp-content\/uploads\/2021\/01\/Seminar-AlbaniaFrance_15Dec_Page_16-300x165.jpg 300w, https:\/\/erasmusplus.al\/wp-content\/uploads\/2021\/01\/Seminar-AlbaniaFrance_15Dec_Page_16-1024x564.jpg 1024w, https:\/\/erasmusplus.al\/wp-content\/uploads\/2021\/01\/Seminar-AlbaniaFrance_15Dec_Page_16-768x423.jpg 768w, https:\/\/erasmusplus.al\/wp-content\/uploads\/2021\/01\/Seminar-AlbaniaFrance_15Dec_Page_16.jpg 1294w\" alt=\"\" width=\"300\" height=\"165\" \/><\/a>\u00a0<a href=\"https:\/\/erasmusplus.al\/wp-content\/uploads\/2021\/01\/Seminar-AlbaniaFrance_15Dec_Page_17.jpg\"><img loading=\"lazy\" decoding=\"async\" class=\"alignnone size-medium wp-image-6014\" src=\"https:\/\/erasmusplus.al\/wp-content\/uploads\/2021\/01\/Seminar-AlbaniaFrance_15Dec_Page_17-300x165.jpg\" sizes=\"(max-width: 300px) 100vw, 300px\" srcset=\"https:\/\/erasmusplus.al\/wp-content\/uploads\/2021\/01\/Seminar-AlbaniaFrance_15Dec_Page_17-300x165.jpg 300w, https:\/\/erasmusplus.al\/wp-content\/uploads\/2021\/01\/Seminar-AlbaniaFrance_15Dec_Page_17-1024x564.jpg 1024w, https:\/\/erasmusplus.al\/wp-content\/uploads\/2021\/01\/Seminar-AlbaniaFrance_15Dec_Page_17-768x423.jpg 768w, https:\/\/erasmusplus.al\/wp-content\/uploads\/2021\/01\/Seminar-AlbaniaFrance_15Dec_Page_17.jpg 1294w\" alt=\"\" width=\"300\" height=\"165\" \/><\/a>\u00a0<a href=\"https:\/\/erasmusplus.al\/wp-content\/uploads\/2021\/01\/Seminar-AlbaniaFrance_15Dec_Page_20.jpg\"><img loading=\"lazy\" decoding=\"async\" class=\"alignnone size-medium wp-image-6015\" src=\"https:\/\/erasmusplus.al\/wp-content\/uploads\/2021\/01\/Seminar-AlbaniaFrance_15Dec_Page_20-300x165.jpg\" sizes=\"(max-width: 300px) 100vw, 300px\" srcset=\"https:\/\/erasmusplus.al\/wp-content\/uploads\/2021\/01\/Seminar-AlbaniaFrance_15Dec_Page_20-300x165.jpg 300w, https:\/\/erasmusplus.al\/wp-content\/uploads\/2021\/01\/Seminar-AlbaniaFrance_15Dec_Page_20-1024x564.jpg 1024w, https:\/\/erasmusplus.al\/wp-content\/uploads\/2021\/01\/Seminar-AlbaniaFrance_15Dec_Page_20-768x423.jpg 768w, https:\/\/erasmusplus.al\/wp-content\/uploads\/2021\/01\/Seminar-AlbaniaFrance_15Dec_Page_20.jpg 1294w\" alt=\"\" width=\"300\" height=\"165\" \/><\/a>\u00a0<a href=\"https:\/\/erasmusplus.al\/wp-content\/uploads\/2021\/01\/WhatsApp-Image-2020-12-15-at-11.01.50.jpeg\"><img loading=\"lazy\" decoding=\"async\" class=\"alignnone size-medium wp-image-6016\" src=\"https:\/\/erasmusplus.al\/wp-content\/uploads\/2021\/01\/WhatsApp-Image-2020-12-15-at-11.01.50-300x169.jpeg\" sizes=\"(max-width: 300px) 100vw, 300px\" srcset=\"https:\/\/erasmusplus.al\/wp-content\/uploads\/2021\/01\/WhatsApp-Image-2020-12-15-at-11.01.50-300x169.jpeg 300w, https:\/\/erasmusplus.al\/wp-content\/uploads\/2021\/01\/WhatsApp-Image-2020-12-15-at-11.01.50-1024x575.jpeg 1024w, https:\/\/erasmusplus.al\/wp-content\/uploads\/2021\/01\/WhatsApp-Image-2020-12-15-at-11.01.50-768x431.jpeg 768w, https:\/\/erasmusplus.al\/wp-content\/uploads\/2021\/01\/WhatsApp-Image-2020-12-15-at-11.01.50.jpeg 1280w\" alt=\"\" width=\"300\" height=\"169\" \/><\/a>\u00a0<a href=\"https:\/\/erasmusplus.al\/wp-content\/uploads\/2021\/01\/WhatsApp-Image-2020-12-15-at-11.26.23.jpeg\"><img loading=\"lazy\" decoding=\"async\" class=\"alignnone size-medium wp-image-6017\" src=\"https:\/\/erasmusplus.al\/wp-content\/uploads\/2021\/01\/WhatsApp-Image-2020-12-15-at-11.26.23-300x169.jpeg\" sizes=\"(max-width: 300px) 100vw, 300px\" srcset=\"https:\/\/erasmusplus.al\/wp-content\/uploads\/2021\/01\/WhatsApp-Image-2020-12-15-at-11.26.23-300x169.jpeg 300w, https:\/\/erasmusplus.al\/wp-content\/uploads\/2021\/01\/WhatsApp-Image-2020-12-15-at-11.26.23-1024x575.jpeg 1024w, https:\/\/erasmusplus.al\/wp-content\/uploads\/2021\/01\/WhatsApp-Image-2020-12-15-at-11.26.23-768x431.jpeg 768w, https:\/\/erasmusplus.al\/wp-content\/uploads\/2021\/01\/WhatsApp-Image-2020-12-15-at-11.26.23.jpeg 1280w\" alt=\"\" width=\"300\" height=\"169\" \/><\/a>\u00a0<a href=\"https:\/\/erasmusplus.al\/wp-content\/uploads\/2021\/01\/WhatsApp-Image-2020-12-15-at-11.41.10.jpeg\"><img loading=\"lazy\" decoding=\"async\" class=\"alignnone size-medium wp-image-6018\" src=\"https:\/\/erasmusplus.al\/wp-content\/uploads\/2021\/01\/WhatsApp-Image-2020-12-15-at-11.41.10-300x169.jpeg\" sizes=\"(max-width: 300px) 100vw, 300px\" srcset=\"https:\/\/erasmusplus.al\/wp-content\/uploads\/2021\/01\/WhatsApp-Image-2020-12-15-at-11.41.10-300x169.jpeg 300w, https:\/\/erasmusplus.al\/wp-content\/uploads\/2021\/01\/WhatsApp-Image-2020-12-15-at-11.41.10-1024x575.jpeg 1024w, https:\/\/erasmusplus.al\/wp-content\/uploads\/2021\/01\/WhatsApp-Image-2020-12-15-at-11.41.10-768x431.jpeg 768w, https:\/\/erasmusplus.al\/wp-content\/uploads\/2021\/01\/WhatsApp-Image-2020-12-15-at-11.41.10.jpeg 1280w\" alt=\"\" width=\"300\" height=\"169\" \/><\/a><\/p>\n","protected":false},"excerpt":{"rendered":"<p>Dat\u00eb: 15 Dhjetor 2020 Vendndodhja: Platform\u00ebn digjitale- CampusFranceShqiperi. Organizuar nga: Campus France &amp; Ambasada Franceze, Zyra Komb\u00ebtare Erasmus+ dhe Agjencia Komb\u00ebtare Erasmus+ e Franc\u00ebs N\u00eb dat\u00ebn 15 Dhjetor, u zhvillua seminari &#8220;Enhancing the collaboration between Albanian and French Higher Education Institutions&#8221;, n\u00eb sesionin e or\u00ebs 11:00-12:00 t\u00eb panairit &#8220;Salloni Virtual i Edukimit, Franc\u00eb-Shqip\u00ebri 2020, dhe [&hellip;]<\/p>\n","protected":false},"author":1,"featured_media":0,"comment_status":"closed","ping_status":"closed","sticky":false,"template":"","format":"standard","meta":{"_acf_changed":false,"_et_pb_use_builder":"","_et_pb_old_content":"","_et_gb_content_width":"","footnotes":""},"categories":[110],"tags":[],"class_list":["post-6021","post","type-post","status-publish","format-standard","hentry","category-aktivitete"],"acf":[],"_links":{"self":[{"href":"https:\/\/erasmusplus.al\/index.php?rest_route=\/wp\/v2\/posts\/6021","targetHints":{"allow":["GET"]}}],"collection":[{"href":"https:\/\/erasmusplus.al\/index.php?rest_route=\/wp\/v2\/posts"}],"about":[{"href":"https:\/\/erasmusplus.al\/index.php?rest_route=\/wp\/v2\/types\/post"}],"author":[{"embeddable":true,"href":"https:\/\/erasmusplus.al\/index.php?rest_route=\/wp\/v2\/users\/1"}],"replies":[{"embeddable":true,"href":"https:\/\/erasmusplus.al\/index.php?rest_route=%2Fwp%2Fv2%2Fcomments&post=6021"}],"version-history":[{"count":4,"href":"https:\/\/erasmusplus.al\/index.php?rest_route=\/wp\/v2\/posts\/6021\/revisions"}],"predecessor-version":[{"id":6025,"href":"https:\/\/erasmusplus.al\/index.php?rest_route=\/wp\/v2\/posts\/6021\/revisions\/6025"}],"wp:attachment":[{"href":"https:\/\/erasmusplus.al\/index.php?rest_route=%2Fwp%2Fv2%2Fmedia&parent=6021"}],"wp:term":[{"taxonomy":"category","embeddable":true,"href":"https:\/\/erasmusplus.al\/index.php?rest_route=%2Fwp%2Fv2%2Fcategories&post=6021"},{"taxonomy":"post_tag","embeddable":true,"href":"https:\/\/erasmusplus.al\/index.php?rest_route=%2Fwp%2Fv2%2Ftags&post=6021"}],"curies":[{"name":"wp","href":"https:\/\/api.w.org\/{rel}","templated":true}]}}