{"id":6219,"date":"2020-10-20T14:48:17","date_gmt":"2020-10-20T14:48:17","guid":{"rendered":"http:\/\/erasmusplus.al\/?p=6219"},"modified":"2021-01-23T14:50:40","modified_gmt":"2021-01-23T14:50:40","slug":"erasmusdays%e2%80%8b-2020-interviste-me-erida-curraj_uamd","status":"publish","type":"post","link":"https:\/\/erasmusplus.al\/?p=6219&lang=sq","title":{"rendered":"#ErasmusDays\u200b 2020 | Interviste me Erida Curraj_UAMD"},"content":{"rendered":"<p><span style=\"color: #000000;\"><strong><em>Dat\u00eb: <\/em><\/strong>20<sup>th <\/sup>Tetor 2020<\/span><\/p>\n<p><span style=\"color: #000000;\"><strong><em>Vendndodhja: <\/em><\/strong><em>Universiteti <\/em>\u201cAleksand\u00ebr Moisiu\u201d Durr\u00ebs<\/span><\/p>\n<p><span style=\"color: #000000;\"><strong><em>Organizuar : <\/em><\/strong><em>Universiteti <\/em>\u201cAleksand\u00ebr Moisiu\u201d Durr\u00ebs<\/span><\/p>\n<p><span style=\"color: #000000;\">N\u00eb datat 15-17 Tetor 2020 u festuan Dit\u00ebt Erasmus+, dit\u00eb t\u00eb dedikuara programit Erasmus+\u00a0 ErasmusDays \u00ebsht\u00eb nj\u00eb inisiativ\u00eb e Agjencis\u00eb Komb\u00ebtare t\u00eb Franc\u00ebs gjat\u00eb 30 Vjetorit t\u00eb Erasmus+. Ky \u00ebsht\u00eb edicioni i kat\u00ebrt i ErasmusDays, n\u00eb kuad\u00ebr t\u00eb saj, Universiteti \u201cAleksand\u00ebr Moisiu\u201d Durr\u00ebs intervistoi Oficeren e Programit, Zyra Komb\u00ebtare Erasmus+ n\u00eb Shqip\u00ebri znj. Erida Curraj. Intervista u realizua nga Renata Legisi, alumni e komponentit t\u00eb shk\u00ebmbimeve studentore, e cila ka q\u00ebn\u00eb p\u00ebrfituese e nj\u00eb burse t\u00eb plot\u00eb p\u00ebr nj\u00eb semest\u00ebr n\u00eb Universitetin e Zar\u00ebs, Kroaci.<\/span><\/p>\n<p><span style=\"color: #000000;\">Intervista u zhvillua n\u00eb Laboratorin e nd\u00ebrtuar nga projekti DIMTV, projekt i mb\u00ebshtetur nga programi Erasmus+ , CBHE.<\/span><\/p>\n<p><span style=\"color: #000000;\">Intervist\u00ebn e plot\u00eb e gjeni:<\/span><\/p>\n<p><span style=\"text-decoration: underline;\"><span style=\"color: #0000ff; text-decoration: underline;\"><a style=\"color: #0000ff; text-decoration: underline;\" href=\"https:\/\/www.youtube.com\/watch?v=Yr9FEaV61dE&amp;t=431s&amp;ab_channel=UAMDTV&amp;fbclid=IwAR3R5tKt9BokMkzYRFBKZG35fvApUociXZFIsJcpJlXDQ9DVdC42y9heJOE\">https:\/\/www.youtube.com\/watch?v=Yr9FEaV61dE&amp;t=431s&amp;ab_channel=UAMDTV&amp;fbclid=IwAR3R5tKt9BokMkzYRFBKZG35fvApUociXZFIsJcpJlXDQ9DVdC42y9heJOE<\/a><\/span><\/span><\/p>\n<p><span style=\"color: #000000;\">Informacione shtes\u00eb:<\/span><\/p>\n<p><span style=\"text-decoration: underline;\"><span style=\"color: #0000ff; text-decoration: underline;\"><a style=\"color: #0000ff; text-decoration: underline;\" href=\"http:\/\/www.erasmusdays.eu\">www.erasmusdays.eu<\/a><\/span><\/span><\/p>\n<p><span style=\"text-decoration: underline;\"><span style=\"color: #0000ff; text-decoration: underline;\"><a style=\"color: #0000ff; text-decoration: underline;\" href=\"http:\/\/www.uamd.edu.al\">www.uamd.edu.al<\/a><\/span><\/span><\/p>\n<p><span style=\"text-decoration: underline;\"><span style=\"color: #0000ff; text-decoration: underline;\"><a style=\"color: #0000ff; text-decoration: underline;\" href=\"http:\/\/www.dimtv-project.al\">www.dimtv-project.al<\/a><\/span><\/span><\/p>\n<p><a href=\"https:\/\/erasmusplus.al\/wp-content\/uploads\/2021\/01\/Erasmus-Day.png\"><img loading=\"lazy\" decoding=\"async\" class=\"alignnone size-medium wp-image-6214\" src=\"https:\/\/erasmusplus.al\/wp-content\/uploads\/2021\/01\/Erasmus-Day-300x169.png\" sizes=\"(max-width: 300px) 100vw, 300px\" srcset=\"https:\/\/erasmusplus.al\/wp-content\/uploads\/2021\/01\/Erasmus-Day-300x169.png 300w, https:\/\/erasmusplus.al\/wp-content\/uploads\/2021\/01\/Erasmus-Day-1024x576.png 1024w, https:\/\/erasmusplus.al\/wp-content\/uploads\/2021\/01\/Erasmus-Day-768x432.png 768w, https:\/\/erasmusplus.al\/wp-content\/uploads\/2021\/01\/Erasmus-Day.png 1366w\" alt=\"\" width=\"300\" height=\"169\" \/><\/a>\u00a0<a href=\"https:\/\/erasmusplus.al\/wp-content\/uploads\/2021\/01\/Erida_interv.jpg\"><img loading=\"lazy\" decoding=\"async\" class=\"alignnone size-medium wp-image-6215\" src=\"https:\/\/erasmusplus.al\/wp-content\/uploads\/2021\/01\/Erida_interv-300x169.jpg\" sizes=\"(max-width: 300px) 100vw, 300px\" srcset=\"https:\/\/erasmusplus.al\/wp-content\/uploads\/2021\/01\/Erida_interv-300x169.jpg 300w, https:\/\/erasmusplus.al\/wp-content\/uploads\/2021\/01\/Erida_interv-768x432.jpg 768w, https:\/\/erasmusplus.al\/wp-content\/uploads\/2021\/01\/Erida_interv.jpg 795w\" alt=\"\" width=\"300\" height=\"169\" \/><\/a>\u00a0<a href=\"https:\/\/erasmusplus.al\/wp-content\/uploads\/2021\/01\/uamd.png\"><img loading=\"lazy\" decoding=\"async\" class=\"alignnone size-medium wp-image-6216\" src=\"https:\/\/erasmusplus.al\/wp-content\/uploads\/2021\/01\/uamd-300x169.png\" sizes=\"(max-width: 300px) 100vw, 300px\" srcset=\"https:\/\/erasmusplus.al\/wp-content\/uploads\/2021\/01\/uamd-300x169.png 300w, https:\/\/erasmusplus.al\/wp-content\/uploads\/2021\/01\/uamd-1024x576.png 1024w, https:\/\/erasmusplus.al\/wp-content\/uploads\/2021\/01\/uamd-768x432.png 768w, https:\/\/erasmusplus.al\/wp-content\/uploads\/2021\/01\/uamd.png 1366w\" alt=\"\" width=\"300\" height=\"169\" \/><\/a><\/p>\n","protected":false},"excerpt":{"rendered":"<p>Dat\u00eb: 20th Tetor 2020 Vendndodhja: Universiteti \u201cAleksand\u00ebr Moisiu\u201d Durr\u00ebs Organizuar : Universiteti \u201cAleksand\u00ebr Moisiu\u201d Durr\u00ebs N\u00eb datat 15-17 Tetor 2020 u festuan Dit\u00ebt Erasmus+, dit\u00eb t\u00eb dedikuara programit Erasmus+\u00a0 ErasmusDays \u00ebsht\u00eb nj\u00eb inisiativ\u00eb e Agjencis\u00eb Komb\u00ebtare t\u00eb Franc\u00ebs gjat\u00eb 30 Vjetorit t\u00eb Erasmus+. Ky \u00ebsht\u00eb edicioni i kat\u00ebrt i ErasmusDays, n\u00eb kuad\u00ebr t\u00eb saj, Universiteti [&hellip;]<\/p>\n","protected":false},"author":1,"featured_media":0,"comment_status":"closed","ping_status":"closed","sticky":false,"template":"","format":"standard","meta":{"_acf_changed":false,"_et_pb_use_builder":"","_et_pb_old_content":"","_et_gb_content_width":"","footnotes":""},"categories":[110],"tags":[],"class_list":["post-6219","post","type-post","status-publish","format-standard","hentry","category-aktivitete"],"acf":[],"_links":{"self":[{"href":"https:\/\/erasmusplus.al\/index.php?rest_route=\/wp\/v2\/posts\/6219","targetHints":{"allow":["GET"]}}],"collection":[{"href":"https:\/\/erasmusplus.al\/index.php?rest_route=\/wp\/v2\/posts"}],"about":[{"href":"https:\/\/erasmusplus.al\/index.php?rest_route=\/wp\/v2\/types\/post"}],"author":[{"embeddable":true,"href":"https:\/\/erasmusplus.al\/index.php?rest_route=\/wp\/v2\/users\/1"}],"replies":[{"embeddable":true,"href":"https:\/\/erasmusplus.al\/index.php?rest_route=%2Fwp%2Fv2%2Fcomments&post=6219"}],"version-history":[{"count":2,"href":"https:\/\/erasmusplus.al\/index.php?rest_route=\/wp\/v2\/posts\/6219\/revisions"}],"predecessor-version":[{"id":6221,"href":"https:\/\/erasmusplus.al\/index.php?rest_route=\/wp\/v2\/posts\/6219\/revisions\/6221"}],"wp:attachment":[{"href":"https:\/\/erasmusplus.al\/index.php?rest_route=%2Fwp%2Fv2%2Fmedia&parent=6219"}],"wp:term":[{"taxonomy":"category","embeddable":true,"href":"https:\/\/erasmusplus.al\/index.php?rest_route=%2Fwp%2Fv2%2Fcategories&post=6219"},{"taxonomy":"post_tag","embeddable":true,"href":"https:\/\/erasmusplus.al\/index.php?rest_route=%2Fwp%2Fv2%2Ftags&post=6219"}],"curies":[{"name":"wp","href":"https:\/\/api.w.org\/{rel}","templated":true}]}}