{"id":6225,"date":"2020-10-28T14:54:12","date_gmt":"2020-10-28T14:54:12","guid":{"rendered":"http:\/\/erasmusplus.al\/?p=6225"},"modified":"2021-01-23T14:57:29","modified_gmt":"2021-01-23T14:57:29","slug":"ditet-erasmus-ne-shqiperi","status":"publish","type":"post","link":"https:\/\/erasmusplus.al\/?p=6225&lang=sq","title":{"rendered":"Dit\u00ebt Erasmus n\u00eb Shqiperi  \u00a0"},"content":{"rendered":"<p><span style=\"color: #000000;\"><strong><em>Dat\u00eb: <\/em><\/strong>28 Tetor 2020<\/span><\/p>\n<p><span style=\"color: #000000;\"><strong><em>Organizuar: <\/em><\/strong><em>Zyra Komb\u00ebtare Erasmus+ <\/em><\/span><\/p>\n<p><span style=\"color: #000000;\">Asnj\u00eb studim i k\u00ebsaj natyre nuk \u00ebsht\u00eb kryer deri m\u00eb tani p\u00ebr t\u00eb monitoruar festimin e Dit\u00ebve t\u00eb Erasmus n\u00eb Shqip\u00ebri, por sipas IAL-ve shqiptare ky \u00ebsht\u00eb nj\u00eb vit ku njohja e promovimit t\u00eb mund\u00ebsive t\u00eb Erasmus + ka arritur vet\u00ebdij\u00ebsimin m\u00eb t\u00eb lart\u00eb. #ErasmusDays \u00ebsht\u00eb posht\u00eb lart, organizimi i ngjarjeve nga dhe p\u00ebr grupin e tyre t\u00eb synuar \u00ebsht\u00eb thelb\u00ebsor.<\/span><\/p>\n<p><span style=\"color: #000000;\">\u00a0 N\u00eb k\u00ebt\u00eb sesion t\u00eb dit\u00ebve t\u00eb informacionit, ekspozita, seminare, dit\u00eb t\u00eb hapura, rrjet\u00ebzim partner, organizohen panaire p\u00ebr t\u00eb promovuar arritjet n\u00eb programin Erasmus +, p\u00ebr t\u00eb mbledhur pal\u00ebt e interesuara p\u00ebr t\u00eb nd\u00ebrtuar rrjetin, p\u00ebr t\u00eb p\u00ebrhapur fjal\u00ebn p\u00ebr ndikimin e v\u00ebrtet\u00eb t\u00eb projekteve Erasmus + n\u00eb akademin\u00eb shqiptare dhe shoq\u00ebris\u00eb.<\/span><\/p>\n<p><span style=\"color: #000000;\">24 aktivitete jan\u00eb regjistruar n\u00eb faqen zyrtare t\u00eb internetit<\/span> <span style=\"text-decoration: underline;\"><span style=\"color: #0000ff;\"><a style=\"color: #0000ff; text-decoration: underline;\" href=\"http:\/\/www.erasmusplus.eu\">www.erasmusplus.eu<\/a><\/span><\/span><\/p>\n<p><span style=\"color: #000000;\">Linku i raportit t\u00eb plot\u00eb<\/span><\/p>\n<p><a href=\"https:\/\/erasmusplus.al\/wp-content\/uploads\/2020\/11\/ErasmusDays_NEOAlbania.pdf\"><span style=\"text-decoration: underline;\"><span style=\"color: #0000ff; text-decoration: underline;\">https:\/\/erasmusplus.al\/wp-content\/uploads\/2020\/11\/ErasmusDays_NEOAlbania.pdf<\/span><\/span><\/a><\/p>\n<p><span style=\"color: #000000;\">helpful links:<\/span><\/p>\n<p><span style=\"text-decoration: underline;\"><span style=\"color: #0000ff;\"><a style=\"color: #0000ff; text-decoration: underline;\" href=\"http:\/\/www.erasmusplus.eu\">www.erasmusplus.eu<\/a><\/span><\/span><\/p>\n<p><img loading=\"lazy\" decoding=\"async\" class=\"alignnone size-medium wp-image-6214\" src=\"https:\/\/erasmusplus.al\/wp-content\/uploads\/2021\/01\/Erasmus-Day-300x169.png\" sizes=\"(max-width: 300px) 100vw, 300px\" srcset=\"https:\/\/erasmusplus.al\/wp-content\/uploads\/2021\/01\/Erasmus-Day-300x169.png 300w, https:\/\/erasmusplus.al\/wp-content\/uploads\/2021\/01\/Erasmus-Day-1024x576.png 1024w, https:\/\/erasmusplus.al\/wp-content\/uploads\/2021\/01\/Erasmus-Day-768x432.png 768w, https:\/\/erasmusplus.al\/wp-content\/uploads\/2021\/01\/Erasmus-Day.png 1366w\" alt=\"\" width=\"300\" height=\"169\" \/><\/p>\n","protected":false},"excerpt":{"rendered":"<p>Dat\u00eb: 28 Tetor 2020 Organizuar: Zyra Komb\u00ebtare Erasmus+ Asnj\u00eb studim i k\u00ebsaj natyre nuk \u00ebsht\u00eb kryer deri m\u00eb tani p\u00ebr t\u00eb monitoruar festimin e Dit\u00ebve t\u00eb Erasmus n\u00eb Shqip\u00ebri, por sipas IAL-ve shqiptare ky \u00ebsht\u00eb nj\u00eb vit ku njohja e promovimit t\u00eb mund\u00ebsive t\u00eb Erasmus + ka arritur vet\u00ebdij\u00ebsimin m\u00eb t\u00eb lart\u00eb. #ErasmusDays \u00ebsht\u00eb posht\u00eb [&hellip;]<\/p>\n","protected":false},"author":1,"featured_media":0,"comment_status":"closed","ping_status":"closed","sticky":false,"template":"","format":"standard","meta":{"_acf_changed":false,"_et_pb_use_builder":"","_et_pb_old_content":"","_et_gb_content_width":"","footnotes":""},"categories":[110],"tags":[],"class_list":["post-6225","post","type-post","status-publish","format-standard","hentry","category-aktivitete"],"acf":[],"_links":{"self":[{"href":"https:\/\/erasmusplus.al\/index.php?rest_route=\/wp\/v2\/posts\/6225","targetHints":{"allow":["GET"]}}],"collection":[{"href":"https:\/\/erasmusplus.al\/index.php?rest_route=\/wp\/v2\/posts"}],"about":[{"href":"https:\/\/erasmusplus.al\/index.php?rest_route=\/wp\/v2\/types\/post"}],"author":[{"embeddable":true,"href":"https:\/\/erasmusplus.al\/index.php?rest_route=\/wp\/v2\/users\/1"}],"replies":[{"embeddable":true,"href":"https:\/\/erasmusplus.al\/index.php?rest_route=%2Fwp%2Fv2%2Fcomments&post=6225"}],"version-history":[{"count":2,"href":"https:\/\/erasmusplus.al\/index.php?rest_route=\/wp\/v2\/posts\/6225\/revisions"}],"predecessor-version":[{"id":6227,"href":"https:\/\/erasmusplus.al\/index.php?rest_route=\/wp\/v2\/posts\/6225\/revisions\/6227"}],"wp:attachment":[{"href":"https:\/\/erasmusplus.al\/index.php?rest_route=%2Fwp%2Fv2%2Fmedia&parent=6225"}],"wp:term":[{"taxonomy":"category","embeddable":true,"href":"https:\/\/erasmusplus.al\/index.php?rest_route=%2Fwp%2Fv2%2Fcategories&post=6225"},{"taxonomy":"post_tag","embeddable":true,"href":"https:\/\/erasmusplus.al\/index.php?rest_route=%2Fwp%2Fv2%2Ftags&post=6225"}],"curies":[{"name":"wp","href":"https:\/\/api.w.org\/{rel}","templated":true}]}}