{"id":6232,"date":"2020-08-31T15:02:17","date_gmt":"2020-08-31T15:02:17","guid":{"rendered":"http:\/\/erasmusplus.al\/?p=6232"},"modified":"2021-01-23T15:04:52","modified_gmt":"2021-01-23T15:04:52","slug":"raport-i-sondazhit-impakti-e-covid19-ne-projektet-cbhe-2","status":"publish","type":"post","link":"https:\/\/erasmusplus.al\/?p=6232&lang=sq","title":{"rendered":"Raport i sondazhit \u201cImpakti e COVID19 n\u00eb Projektet CBHE\u201d"},"content":{"rendered":"<p><span style=\"color: #000000;\"><strong><em>Dat\u00eb: <\/em><\/strong>31 Gusht 2020<\/span><\/p>\n<p><span style=\"color: #000000;\"><strong><em>Organizuar: <\/em><\/strong><em>Zyra Komb\u00ebtare Erasmus+ <\/em><\/span><\/p>\n<p><span style=\"color: #000000;\">N\u00eb jav\u00ebn e fundit t\u00eb Qershorit 2020, Zyra Komb\u00ebtare Erasmus + n\u00eb Shqip\u00ebri nisi nj\u00eb<\/span><\/p>\n<p><span style=\"color: #000000;\">sondazh t\u00eb shkurt\u00ebr q\u00eb synon mbledhjen e informacionit mbi v\u00ebshtir\u00ebsit\u00eb e p\u00ebrjetuara gjat\u00eb<\/span><\/p>\n<p><span style=\"color: #000000;\">Shp\u00ebrthimit t\u00eb COVID-19 dhe masat e miratuara p\u00ebr adresimin e situat\u00ebs, nga Zyrat e Marr\u00ebdh\u00ebnieve me Jasht n\u00eb IAL-t\u00eb shqiptare. Informacioni n\u00eb k\u00ebt\u00eb raport p\u00ebrmbledh efektet e parashikuara nga shp\u00ebrthimi i Covid-19 n\u00eb proceset dhe aktivitetet e tyre t\u00eb menaxhuara nga ZMJ.<\/span><\/p>\n<p><span style=\"color: #000000;\">Disa t\u00eb dh\u00ebna t\u00eb mbledhura nga sondazhi:<\/span><\/p>\n<ul>\n<li><span style=\"color: #000000;\">320 marr\u00ebveshje t\u00eb ICM-s\u00eb, t\u00eb cilat ishin aktive gjat\u00eb k\u00ebtij viti akademik<\/span><\/li>\n<li><span style=\"color: #000000;\">239 staf shqiptar\u00eb (akademik\u00eb dhe administrativ\u00eb), t\u00eb cil\u00ebve u \u00ebsht\u00eb dashur t\u00eb anullojn\u00eb l\u00ebvizjen e tyre<\/span><\/li>\n<li><span style=\"color: #000000;\">78 Thirrje e Hapur p\u00ebr l\u00ebvizjet e reja, t\u00eb cilat nuk i publikuand dot.<\/span><\/li>\n<li><span style=\"color: #000000;\">37 student\u00eb t\u00eb huaj nuk pat\u00ebn mund\u00ebsin\u00eb t\u00eb vizitojn\u00eb dhe studiojn\u00eb n\u00eb institucionet shqiptare<\/span><\/li>\n<li><span style=\"color: #000000;\">16 student\u00eb t\u00eb huaj po studionin n\u00eb institucionet shqiptare gjat\u00eb pandemis\u00eb<\/span><\/li>\n<\/ul>\n<p><span style=\"color: #000000;\">Lexoni raportin e plot\u00eb:<\/span><\/p>\n<p><a href=\"https:\/\/erasmusplus.al\/wp-content\/uploads\/2020\/12\/W_SurveyReport-_ICM-Impact-Covid-19.pdf\"><span style=\"text-decoration: underline;\"><span style=\"color: #0000ff; text-decoration: underline;\">https:\/\/erasmusplus.al\/wp-content\/uploads\/2020\/12\/W_SurveyReport-_ICM-Impact-Covid-19.pdf<\/span><\/span><\/a><\/p>\n<p><img loading=\"lazy\" decoding=\"async\" class=\"alignnone size-medium wp-image-5774\" src=\"https:\/\/erasmusplus.al\/wp-content\/uploads\/2020\/12\/impact-Covid-19-277x300.png\" sizes=\"(max-width: 277px) 100vw, 277px\" srcset=\"https:\/\/erasmusplus.al\/wp-content\/uploads\/2020\/12\/impact-Covid-19-277x300.png 277w, https:\/\/erasmusplus.al\/wp-content\/uploads\/2020\/12\/impact-Covid-19.png 659w\" alt=\"\" width=\"277\" height=\"300\" \/><\/p>\n","protected":false},"excerpt":{"rendered":"<p>Dat\u00eb: 31 Gusht 2020 Organizuar: Zyra Komb\u00ebtare Erasmus+ N\u00eb jav\u00ebn e fundit t\u00eb Qershorit 2020, Zyra Komb\u00ebtare Erasmus + n\u00eb Shqip\u00ebri nisi nj\u00eb sondazh t\u00eb shkurt\u00ebr q\u00eb synon mbledhjen e informacionit mbi v\u00ebshtir\u00ebsit\u00eb e p\u00ebrjetuara gjat\u00eb Shp\u00ebrthimit t\u00eb COVID-19 dhe masat e miratuara p\u00ebr adresimin e situat\u00ebs, nga Zyrat e Marr\u00ebdh\u00ebnieve me Jasht n\u00eb IAL-t\u00eb [&hellip;]<\/p>\n","protected":false},"author":1,"featured_media":0,"comment_status":"closed","ping_status":"closed","sticky":false,"template":"","format":"standard","meta":{"_acf_changed":false,"_et_pb_use_builder":"","_et_pb_old_content":"","_et_gb_content_width":"","footnotes":""},"categories":[110],"tags":[],"class_list":["post-6232","post","type-post","status-publish","format-standard","hentry","category-aktivitete"],"acf":[],"_links":{"self":[{"href":"https:\/\/erasmusplus.al\/index.php?rest_route=\/wp\/v2\/posts\/6232","targetHints":{"allow":["GET"]}}],"collection":[{"href":"https:\/\/erasmusplus.al\/index.php?rest_route=\/wp\/v2\/posts"}],"about":[{"href":"https:\/\/erasmusplus.al\/index.php?rest_route=\/wp\/v2\/types\/post"}],"author":[{"embeddable":true,"href":"https:\/\/erasmusplus.al\/index.php?rest_route=\/wp\/v2\/users\/1"}],"replies":[{"embeddable":true,"href":"https:\/\/erasmusplus.al\/index.php?rest_route=%2Fwp%2Fv2%2Fcomments&post=6232"}],"version-history":[{"count":2,"href":"https:\/\/erasmusplus.al\/index.php?rest_route=\/wp\/v2\/posts\/6232\/revisions"}],"predecessor-version":[{"id":6234,"href":"https:\/\/erasmusplus.al\/index.php?rest_route=\/wp\/v2\/posts\/6232\/revisions\/6234"}],"wp:attachment":[{"href":"https:\/\/erasmusplus.al\/index.php?rest_route=%2Fwp%2Fv2%2Fmedia&parent=6232"}],"wp:term":[{"taxonomy":"category","embeddable":true,"href":"https:\/\/erasmusplus.al\/index.php?rest_route=%2Fwp%2Fv2%2Fcategories&post=6232"},{"taxonomy":"post_tag","embeddable":true,"href":"https:\/\/erasmusplus.al\/index.php?rest_route=%2Fwp%2Fv2%2Ftags&post=6232"}],"curies":[{"name":"wp","href":"https:\/\/api.w.org\/{rel}","templated":true}]}}