{"id":6308,"date":"2020-10-16T16:14:21","date_gmt":"2020-10-16T16:14:21","guid":{"rendered":"http:\/\/erasmusplus.al\/?p=6308"},"modified":"2021-01-23T16:16:43","modified_gmt":"2021-01-23T16:16:43","slug":"joint-master-erasmus-mundus_infoalbania_-a2cnn-2","status":"publish","type":"post","link":"https:\/\/erasmusplus.al\/?p=6308&lang=sq","title":{"rendered":"Joint Master Erasmus Mundus_InfoAlbania_ A2CNN"},"content":{"rendered":"<p><span style=\"color: #000000;\"><strong><em>Data:<\/em><\/strong> 16 Tetor 2020<\/span><\/p>\n<p><span style=\"color: #000000;\"><strong><em>Vendndoshja: <\/em><\/strong>Kanali televiziv A2CNN<\/span><\/p>\n<p><span style=\"color: #000000;\">Dit\u00ebt Erasmus festohen \u00e7do vit n\u00eb Europ\u00eb dhe gjith\u00eb Bot\u00eb, k\u00ebt\u00eb vit datat 15,16 dhe 17 Tetor ishin t\u00eb mbushura me festime n\u00eb institucionet e ALve n\u00eb Shqip\u00ebri. N\u00eb dat\u00ebn 16 Tetor, \u00a0studentja e programit Erasmus+ Joint Master Mundus, Klaudja Ko\u00e7i e ftuar n\u00eb emisionin e m\u00ebngjesit n\u00eb A2CNN tregon eksperienc\u00ebn e saj se si aplikoi n\u00eb k\u00ebt\u00eb program, se si ky program e ka rritur p\u00ebr t\u00eb ardhmen e saj t\u00eb sukseshme.<\/span><\/p>\n<p><span style=\"color: #000000;\"><a style=\"color: #000000;\" href=\"https:\/\/www.youtube.com\/watch?v=4NheO4sQAnM\"><span style=\"text-decoration: underline;\"><span style=\"color: #3366ff; text-decoration: underline;\">https:\/\/www.youtube.com\/watch?v=4NheO4sQAnM<\/span><\/span><\/a><\/span><\/p>\n<p><span style=\"color: #000000;\">Jan\u00eb hapur aplikimet p\u00ebr Master t\u00eb P\u00ebrbashk\u00ebt Erasmus Mundus, katalogu i programeve e gjeni: <span style=\"text-decoration: underline;\"><span style=\"color: #3366ff;\"><a style=\"color: #3366ff; text-decoration: underline;\" href=\"https:\/\/eacea.ec.europa.eu\/erasmus-plus\/library\/scholarships-catalogue_en\">https:\/\/eacea.ec.europa.eu\/erasmus-plus\/library\/scholarships-catalogue_en<\/a><\/span><\/span><\/span><\/p>\n<p><span style=\"color: #000000;\">Informacione per ErasmusDays I gjeni:<\/span><\/p>\n<p><span style=\"text-decoration: underline;\"><span style=\"color: #3366ff;\"><a style=\"color: #3366ff; text-decoration: underline;\" href=\"http:\/\/www.erasmusdays.eu\">www.erasmusdays.eu<\/a><\/span><\/span><\/p>\n<p><span style=\"color: #000000;\">Raporti i plot\u00eb mbi aktivitetet ErasmusDays n\u00eb Shqip\u00ebri:<\/span><\/p>\n<p><span style=\"text-decoration: underline;\"><span style=\"color: #3366ff;\"><a style=\"color: #3366ff; text-decoration: underline;\" href=\"https:\/\/erasmusplus.al\/wp-content\/uploads\/2020\/11\/ErasmusDays_NEOAlbania.pdf\">https:\/\/erasmusplus.al\/wp-content\/uploads\/2020\/11\/ErasmusDays_NEOAlbania.pdf<\/a><\/span><\/span><\/p>\n<p><img loading=\"lazy\" decoding=\"async\" class=\"alignnone size-medium wp-image-6305\" src=\"https:\/\/erasmusplus.al\/wp-content\/uploads\/2021\/01\/A2CNN-300x169.jpg\" sizes=\"(max-width: 300px) 100vw, 300px\" srcset=\"https:\/\/erasmusplus.al\/wp-content\/uploads\/2021\/01\/A2CNN-300x169.jpg 300w, https:\/\/erasmusplus.al\/wp-content\/uploads\/2021\/01\/A2CNN-768x433.jpg 768w, https:\/\/erasmusplus.al\/wp-content\/uploads\/2021\/01\/A2CNN.jpg 958w\" alt=\"\" width=\"300\" height=\"169\" \/><\/p>\n","protected":false},"excerpt":{"rendered":"<p>Data: 16 Tetor 2020 Vendndoshja: Kanali televiziv A2CNN Dit\u00ebt Erasmus festohen \u00e7do vit n\u00eb Europ\u00eb dhe gjith\u00eb Bot\u00eb, k\u00ebt\u00eb vit datat 15,16 dhe 17 Tetor ishin t\u00eb mbushura me festime n\u00eb institucionet e ALve n\u00eb Shqip\u00ebri. N\u00eb dat\u00ebn 16 Tetor, \u00a0studentja e programit Erasmus+ Joint Master Mundus, Klaudja Ko\u00e7i e ftuar n\u00eb emisionin e m\u00ebngjesit [&hellip;]<\/p>\n","protected":false},"author":1,"featured_media":0,"comment_status":"closed","ping_status":"closed","sticky":false,"template":"","format":"standard","meta":{"_acf_changed":false,"_et_pb_use_builder":"","_et_pb_old_content":"","_et_gb_content_width":"","footnotes":""},"categories":[110],"tags":[],"class_list":["post-6308","post","type-post","status-publish","format-standard","hentry","category-aktivitete"],"acf":[],"_links":{"self":[{"href":"https:\/\/erasmusplus.al\/index.php?rest_route=\/wp\/v2\/posts\/6308","targetHints":{"allow":["GET"]}}],"collection":[{"href":"https:\/\/erasmusplus.al\/index.php?rest_route=\/wp\/v2\/posts"}],"about":[{"href":"https:\/\/erasmusplus.al\/index.php?rest_route=\/wp\/v2\/types\/post"}],"author":[{"embeddable":true,"href":"https:\/\/erasmusplus.al\/index.php?rest_route=\/wp\/v2\/users\/1"}],"replies":[{"embeddable":true,"href":"https:\/\/erasmusplus.al\/index.php?rest_route=%2Fwp%2Fv2%2Fcomments&post=6308"}],"version-history":[{"count":1,"href":"https:\/\/erasmusplus.al\/index.php?rest_route=\/wp\/v2\/posts\/6308\/revisions"}],"predecessor-version":[{"id":6309,"href":"https:\/\/erasmusplus.al\/index.php?rest_route=\/wp\/v2\/posts\/6308\/revisions\/6309"}],"wp:attachment":[{"href":"https:\/\/erasmusplus.al\/index.php?rest_route=%2Fwp%2Fv2%2Fmedia&parent=6308"}],"wp:term":[{"taxonomy":"category","embeddable":true,"href":"https:\/\/erasmusplus.al\/index.php?rest_route=%2Fwp%2Fv2%2Fcategories&post=6308"},{"taxonomy":"post_tag","embeddable":true,"href":"https:\/\/erasmusplus.al\/index.php?rest_route=%2Fwp%2Fv2%2Ftags&post=6308"}],"curies":[{"name":"wp","href":"https:\/\/api.w.org\/{rel}","templated":true}]}}