{"id":6312,"date":"2020-10-16T16:19:26","date_gmt":"2020-10-16T16:19:26","guid":{"rendered":"http:\/\/erasmusplus.al\/?p=6312"},"modified":"2021-01-23T16:20:37","modified_gmt":"2021-01-23T16:20:37","slug":"video-udhezuese-per-studentet-ne-shkembim-studentor","status":"publish","type":"post","link":"https:\/\/erasmusplus.al\/?p=6312&lang=sq","title":{"rendered":"Video Udh\u00ebzuese p\u00ebr Student\u00ebt n\u00eb Shk\u00ebmbim Studentor"},"content":{"rendered":"<p><span style=\"color: #000000;\"><strong><em>Dat\u00eb:<\/em><\/strong> 16 Tetor 2020<\/span><\/p>\n<p><span style=\"color: #000000;\"><strong><em>Video<\/em><\/strong>:<span style=\"text-decoration: underline;\"><span style=\"color: #3366ff;\"> <a style=\"color: #3366ff; text-decoration: underline;\" href=\"https:\/\/youtu.be\/pTEXXGU746Y\">https:\/\/youtu.be\/pTEXXGU746Y<\/a><\/span><\/span><\/span><\/p>\n<p>&nbsp;<\/p>\n<p><span style=\"color: #000000;\">N\u00eb dat\u00ebn 16 Tetor, Universitetit i Vlor\u00ebs publikoi p\u00ebr her\u0543 t\u00eb par\u00eb vidion informuese \u00a0\u201cSi t\u00eb aplikosh p\u00ebr shk\u00ebmbimet studentore?\u201d,\u00a0 me rastin e ErasmusDays 2020.<\/span><\/p>\n<p><span style=\"color: #000000;\">Kjo video p\u00ebrmban t\u00eb gjith\u00eb informacionin e nevojsh\u00ebm p\u00ebr \u00e7do student q\u00eb d\u00ebshiron t\u00eb aplikoj\u00eb p\u00ebr nj\u00eb shk\u00ebmbim studentor me programin Erasmus+.<\/span><\/p>\n<p><span style=\"color: #000000;\">Shikoni videon dhe m\u00ebsoni sesi t\u00eb aplikoni dhe \u00e7far\u00eb u duhet p\u00ebr t\u00eb aplikuar.<\/span><\/p>\n","protected":false},"excerpt":{"rendered":"<p>Dat\u00eb: 16 Tetor 2020 Video: https:\/\/youtu.be\/pTEXXGU746Y &nbsp; N\u00eb dat\u00ebn 16 Tetor, Universitetit i Vlor\u00ebs publikoi p\u00ebr her\u0543 t\u00eb par\u00eb vidion informuese \u00a0\u201cSi t\u00eb aplikosh p\u00ebr shk\u00ebmbimet studentore?\u201d,\u00a0 me rastin e ErasmusDays 2020. Kjo video p\u00ebrmban t\u00eb gjith\u00eb informacionin e nevojsh\u00ebm p\u00ebr \u00e7do student q\u00eb d\u00ebshiron t\u00eb aplikoj\u00eb p\u00ebr nj\u00eb shk\u00ebmbim studentor me programin Erasmus+. Shikoni [&hellip;]<\/p>\n","protected":false},"author":1,"featured_media":0,"comment_status":"closed","ping_status":"closed","sticky":false,"template":"","format":"standard","meta":{"_acf_changed":false,"_et_pb_use_builder":"","_et_pb_old_content":"","_et_gb_content_width":"","footnotes":""},"categories":[110],"tags":[],"class_list":["post-6312","post","type-post","status-publish","format-standard","hentry","category-aktivitete"],"acf":[],"_links":{"self":[{"href":"https:\/\/erasmusplus.al\/index.php?rest_route=\/wp\/v2\/posts\/6312","targetHints":{"allow":["GET"]}}],"collection":[{"href":"https:\/\/erasmusplus.al\/index.php?rest_route=\/wp\/v2\/posts"}],"about":[{"href":"https:\/\/erasmusplus.al\/index.php?rest_route=\/wp\/v2\/types\/post"}],"author":[{"embeddable":true,"href":"https:\/\/erasmusplus.al\/index.php?rest_route=\/wp\/v2\/users\/1"}],"replies":[{"embeddable":true,"href":"https:\/\/erasmusplus.al\/index.php?rest_route=%2Fwp%2Fv2%2Fcomments&post=6312"}],"version-history":[{"count":1,"href":"https:\/\/erasmusplus.al\/index.php?rest_route=\/wp\/v2\/posts\/6312\/revisions"}],"predecessor-version":[{"id":6313,"href":"https:\/\/erasmusplus.al\/index.php?rest_route=\/wp\/v2\/posts\/6312\/revisions\/6313"}],"wp:attachment":[{"href":"https:\/\/erasmusplus.al\/index.php?rest_route=%2Fwp%2Fv2%2Fmedia&parent=6312"}],"wp:term":[{"taxonomy":"category","embeddable":true,"href":"https:\/\/erasmusplus.al\/index.php?rest_route=%2Fwp%2Fv2%2Fcategories&post=6312"},{"taxonomy":"post_tag","embeddable":true,"href":"https:\/\/erasmusplus.al\/index.php?rest_route=%2Fwp%2Fv2%2Ftags&post=6312"}],"curies":[{"name":"wp","href":"https:\/\/api.w.org\/{rel}","templated":true}]}}