{"id":6776,"date":"2021-07-09T10:20:22","date_gmt":"2021-07-09T10:20:22","guid":{"rendered":"https:\/\/erasmusplus.al\/?p=6776"},"modified":"2022-01-15T17:10:24","modified_gmt":"2022-01-15T17:10:24","slug":"kompatibiliteti-akademik-aml-universitet-nje-axhende-efektive-per-mbeshtetjen-e-suksesit-te-studenteve","status":"publish","type":"post","link":"https:\/\/erasmusplus.al\/?p=6776","title":{"rendered":"Kompatibiliteti Akademik AML- Universitet, nj\u00eb axhend\u00eb efektive p\u00ebr mb\u00ebshtetjen e suksesit t\u00eb student\u00ebve\u2019"},"content":{"rendered":"<p>[et_pb_section fb_built=&#8221;1&#8243; admin_label=&#8221;section&#8221; _builder_version=&#8221;3.22&#8243; global_colors_info=&#8221;{}&#8221;][et_pb_row admin_label=&#8221;row&#8221; _builder_version=&#8221;3.25&#8243; background_size=&#8221;initial&#8221; background_position=&#8221;top_left&#8221; background_repeat=&#8221;repeat&#8221; global_colors_info=&#8221;{}&#8221;][et_pb_column type=&#8221;4_4&#8243; _builder_version=&#8221;3.25&#8243; custom_padding=&#8221;|||&#8221; global_colors_info=&#8221;{}&#8221; custom_padding__hover=&#8221;|||&#8221;][et_pb_text admin_label=&#8221;Text&#8221; _builder_version=&#8221;3.27.4&#8243; background_size=&#8221;initial&#8221; background_position=&#8221;top_left&#8221; background_repeat=&#8221;repeat&#8221; global_colors_info=&#8221;{}&#8221;]N\u00eb p\u00ebrfundim t\u00eb seminarit komb\u00ebtar:<\/p>\n<p><strong>\u2018Kompatibiliteti Akademik AML &#8211; Universitet, nj\u00eb axhend\u00eb efektive p\u00ebr mb\u00ebshtetjen e suksesit t\u00eb student\u00ebve\u2019<\/strong><\/p>\n<p>t\u00eb mbajtur n\u00eb dat\u00eb: &nbsp;17 Qershor 2021;&nbsp; &nbsp;&nbsp;&nbsp;&nbsp;&nbsp;&nbsp;&nbsp;&nbsp; Ora:&nbsp;&nbsp;&nbsp; 09.30 &#8211; 14.30, n\u00eb Univ. \u201cI. Qemali\u201d, Vlor\u00eb;&nbsp;&nbsp;&nbsp;&nbsp; ku mor\u00ebn pjes\u00eb fizikisht 70 persona dhe t\u00eb tjer\u00eb on line, dol\u00ebn disa p\u00ebrfundime e rekomandime, q\u00eb kan\u00eb si synim forcimin e mb\u00ebshtetjes t\u00eb suksesit t\u00eb studentit.<\/p>\n<p>&nbsp;<\/p>\n<p><div class=\"ead-preview\"><div class=\"ead-document\" style=\"position: relative;padding-top: 90%;\"><iframe src=\"\/\/view.officeapps.live.com\/op\/embed.aspx?src=https%3A%2F%2Ferasmusplus.al%2Fwp-content%2Fuploads%2F2021%2F07%2FPERFUNDIME-DHE-REKOMANDIME._Seminari-HERE_25-06-2021-4.docx\" title=\"Embedded Document\" class=\"ead-iframe\" style=\"width: 100%;height: 100%;border: none;position: absolute;left: 0;top: 0;\"><\/iframe><\/div><p class=\"embed_download\"><a href=\"https:\/\/erasmusplus.al\/wp-content\/uploads\/2021\/07\/PERFUNDIME-DHE-REKOMANDIME._Seminari-HERE_25-06-2021-4.docx\" download>Download [22.60 KB] <\/a><\/p><\/div>[\/et_pb_text][\/et_pb_column][\/et_pb_row][\/et_pb_section]<\/p>\n","protected":false},"excerpt":{"rendered":"<p>N\u00eb p\u00ebrfundim t\u00eb seminarit komb\u00ebtar: \u2018Kompatibiliteti Akademik AML &#8211; Universitet, nj\u00eb axhend\u00eb efektive p\u00ebr mb\u00ebshtetjen e suksesit t\u00eb student\u00ebve\u2019 t\u00eb mbajtur n\u00eb dat\u00eb: &nbsp;17 Qershor 2021;&nbsp; &nbsp;&nbsp;&nbsp;&nbsp;&nbsp;&nbsp;&nbsp;&nbsp; Ora:&nbsp;&nbsp;&nbsp; 09.30 &#8211; 14.30, n\u00eb Univ. \u201cI. Qemali\u201d, Vlor\u00eb;&nbsp;&nbsp;&nbsp;&nbsp; ku mor\u00ebn pjes\u00eb fizikisht 70 persona dhe t\u00eb tjer\u00eb on line, dol\u00ebn disa p\u00ebrfundime e rekomandime, q\u00eb kan\u00eb si [&hellip;]<\/p>\n","protected":false},"author":2,"featured_media":0,"comment_status":"closed","ping_status":"closed","sticky":false,"template":"","format":"standard","meta":{"_acf_changed":false,"_et_pb_use_builder":"on","_et_pb_old_content":"N\u00eb p\u00ebrfundim t\u00eb seminarit komb\u00ebtar:\r\n\r\n<strong>\u2018Kompatibiliteti Akademik AML - Universitet, nj\u00eb axhend\u00eb efektive p\u00ebr mb\u00ebshtetjen e suksesit t\u00eb student\u00ebve\u2019<\/strong>\r\n\r\nt\u00eb mbajtur n\u00eb dat\u00eb: \u00a017 Qershor 2021;\u00a0 \u00a0\u00a0\u00a0\u00a0\u00a0\u00a0\u00a0\u00a0 Ora:\u00a0\u00a0\u00a0 09.30 - 14.30, n\u00eb Univ. \u201cI. Qemali\u201d, Vlor\u00eb;\u00a0\u00a0\u00a0\u00a0 ku mor\u00ebn pjes\u00eb fizikisht 70 persona dhe t\u00eb tjer\u00eb on line, dol\u00ebn disa p\u00ebrfundime e rekomandime, q\u00eb kan\u00eb si synim forcimin e mb\u00ebshtetjes t\u00eb suksesit t\u00eb studentit.\r\n\r\n\u00a0\r\n\r\n[embeddoc url=\"http:\/\/erasmusplus.al\/wp-content\/uploads\/2021\/07\/PERFUNDIME-DHE-REKOMANDIME._Seminari-HERE_25-06-2021-4.docx\" download=\"all\" viewer=\"microsoft\"]","_et_gb_content_width":"","footnotes":""},"categories":[112],"tags":[],"class_list":["post-6776","post","type-post","status-publish","format-standard","hentry","category-here-activities"],"acf":[],"_links":{"self":[{"href":"https:\/\/erasmusplus.al\/index.php?rest_route=\/wp\/v2\/posts\/6776","targetHints":{"allow":["GET"]}}],"collection":[{"href":"https:\/\/erasmusplus.al\/index.php?rest_route=\/wp\/v2\/posts"}],"about":[{"href":"https:\/\/erasmusplus.al\/index.php?rest_route=\/wp\/v2\/types\/post"}],"author":[{"embeddable":true,"href":"https:\/\/erasmusplus.al\/index.php?rest_route=\/wp\/v2\/users\/2"}],"replies":[{"embeddable":true,"href":"https:\/\/erasmusplus.al\/index.php?rest_route=%2Fwp%2Fv2%2Fcomments&post=6776"}],"version-history":[{"count":6,"href":"https:\/\/erasmusplus.al\/index.php?rest_route=\/wp\/v2\/posts\/6776\/revisions"}],"predecessor-version":[{"id":7134,"href":"https:\/\/erasmusplus.al\/index.php?rest_route=\/wp\/v2\/posts\/6776\/revisions\/7134"}],"wp:attachment":[{"href":"https:\/\/erasmusplus.al\/index.php?rest_route=%2Fwp%2Fv2%2Fmedia&parent=6776"}],"wp:term":[{"taxonomy":"category","embeddable":true,"href":"https:\/\/erasmusplus.al\/index.php?rest_route=%2Fwp%2Fv2%2Fcategories&post=6776"},{"taxonomy":"post_tag","embeddable":true,"href":"https:\/\/erasmusplus.al\/index.php?rest_route=%2Fwp%2Fv2%2Ftags&post=6776"}],"curies":[{"name":"wp","href":"https:\/\/api.w.org\/{rel}","templated":true}]}}