{"id":7612,"date":"2021-10-15T11:19:55","date_gmt":"2021-10-15T11:19:55","guid":{"rendered":"https:\/\/erasmusplus.al\/?p=7612"},"modified":"2021-12-16T11:23:17","modified_gmt":"2021-12-16T11:23:17","slug":"erasmus-days-university-of-elbasan-aleksander-xhuvani","status":"publish","type":"post","link":"https:\/\/erasmusplus.al\/?p=7612","title":{"rendered":"Erasmus Days, University of Elbasan &#8220;Aleksand\u00ebr Xhuvani"},"content":{"rendered":"<p><strong>Date: 15<sup>th<\/sup> October 2021<br \/>\nActivity: Info Session<br \/>\nVenue:<\/strong> <strong>University of Elbasan &#8220;Aleksand\u00ebr Xhuvani<\/strong><\/p>\n<p>The activity within the days of Erasmus took place at the University of Elbasan &#8220;Aleksand\u00ebr Xhuvani&#8221;. The National Erasmus+ Office was represented by deputy coordinator, Mrs. Elona Sara\u00e7i, who gave her welcoming speech at this event.<\/p>\n<p>This day was dedicated to &#8220;Capacity Building&#8221;, where various project coordinators gave their presentations on the products and results of the projects won.<\/p>\n<p><img loading=\"lazy\" decoding=\"async\" class=\"alignnone size-medium wp-image-7613\" src=\"https:\/\/erasmusplus.al\/wp-content\/uploads\/2021\/12\/245371970_1991412011051357_7827376475684738509_n-300x225.jpg\" alt=\"\" width=\"300\" height=\"225\" \/> <img loading=\"lazy\" decoding=\"async\" class=\"alignnone size-medium wp-image-7614\" src=\"https:\/\/erasmusplus.al\/wp-content\/uploads\/2021\/12\/245414108_1991411924384699_663464995036826432_n-300x225.jpg\" alt=\"\" width=\"300\" height=\"225\" \/> <img loading=\"lazy\" decoding=\"async\" class=\"alignnone size-medium wp-image-7615\" src=\"https:\/\/erasmusplus.al\/wp-content\/uploads\/2021\/12\/245804130_1991412044384687_2001077679784877131_n-300x225.jpg\" alt=\"\" width=\"300\" height=\"225\" \/> <img loading=\"lazy\" decoding=\"async\" class=\"alignnone size-medium wp-image-7616\" src=\"https:\/\/erasmusplus.al\/wp-content\/uploads\/2021\/12\/245364197_1991413474384544_3261517199412174415_n-300x169.png\" alt=\"\" width=\"300\" height=\"169\" \/><\/p>\n","protected":false},"excerpt":{"rendered":"<p>Date: 15th October 2021 Activity: Info Session Venue: University of Elbasan &#8220;Aleksand\u00ebr Xhuvani The activity within the days of Erasmus took place at the University of Elbasan &#8220;Aleksand\u00ebr Xhuvani&#8221;. The National Erasmus+ Office was represented by deputy coordinator, Mrs. Elona Sara\u00e7i, who gave her welcoming speech at this event. This day was dedicated to &#8220;Capacity [&hellip;]<\/p>\n","protected":false},"author":2,"featured_media":0,"comment_status":"closed","ping_status":"closed","sticky":false,"template":"","format":"standard","meta":{"_acf_changed":false,"_et_pb_use_builder":"","_et_pb_old_content":"","_et_gb_content_width":"","footnotes":""},"categories":[61,397,393],"tags":[],"class_list":["post-7612","post","type-post","status-publish","format-standard","hentry","category-activities","category-info-session","category-neo-activities"],"acf":[],"_links":{"self":[{"href":"https:\/\/erasmusplus.al\/index.php?rest_route=\/wp\/v2\/posts\/7612","targetHints":{"allow":["GET"]}}],"collection":[{"href":"https:\/\/erasmusplus.al\/index.php?rest_route=\/wp\/v2\/posts"}],"about":[{"href":"https:\/\/erasmusplus.al\/index.php?rest_route=\/wp\/v2\/types\/post"}],"author":[{"embeddable":true,"href":"https:\/\/erasmusplus.al\/index.php?rest_route=\/wp\/v2\/users\/2"}],"replies":[{"embeddable":true,"href":"https:\/\/erasmusplus.al\/index.php?rest_route=%2Fwp%2Fv2%2Fcomments&post=7612"}],"version-history":[{"count":1,"href":"https:\/\/erasmusplus.al\/index.php?rest_route=\/wp\/v2\/posts\/7612\/revisions"}],"predecessor-version":[{"id":7617,"href":"https:\/\/erasmusplus.al\/index.php?rest_route=\/wp\/v2\/posts\/7612\/revisions\/7617"}],"wp:attachment":[{"href":"https:\/\/erasmusplus.al\/index.php?rest_route=%2Fwp%2Fv2%2Fmedia&parent=7612"}],"wp:term":[{"taxonomy":"category","embeddable":true,"href":"https:\/\/erasmusplus.al\/index.php?rest_route=%2Fwp%2Fv2%2Fcategories&post=7612"},{"taxonomy":"post_tag","embeddable":true,"href":"https:\/\/erasmusplus.al\/index.php?rest_route=%2Fwp%2Fv2%2Ftags&post=7612"}],"curies":[{"name":"wp","href":"https:\/\/api.w.org\/{rel}","templated":true}]}}