{"id":8089,"date":"2022-02-18T19:13:22","date_gmt":"2022-02-18T19:13:22","guid":{"rendered":"https:\/\/erasmusplus.al\/?p=8089"},"modified":"2022-02-18T20:19:40","modified_gmt":"2022-02-18T20:19:40","slug":"rinia","status":"publish","type":"post","link":"https:\/\/erasmusplus.al\/?p=8089&lang=sq","title":{"rendered":"Rinia"},"content":{"rendered":"<p>[et_pb_section fb_built=&#8221;1&#8243; _builder_version=&#8221;4.14.7&#8243; _module_preset=&#8221;default&#8221; top_divider_style=&#8221;slant2&#8243; top_divider_color=&#8221;#0C71C3&#8243; bottom_divider_style=&#8221;slant2&#8243; bottom_divider_color=&#8221;#0C71C3&#8243; locked=&#8221;off&#8221; global_colors_info=&#8221;{}&#8221;][et_pb_row column_structure=&#8221;1_2,1_2&#8243; _builder_version=&#8221;4.14.7&#8243; _module_preset=&#8221;default&#8221; global_colors_info=&#8221;{}&#8221;][et_pb_column type=&#8221;1_2&#8243; _builder_version=&#8221;4.14.7&#8243; _module_preset=&#8221;default&#8221; border_width_right=&#8221;1px&#8221; border_color_right=&#8221;#0C71C3&#8243; global_colors_info=&#8221;{}&#8221;][et_pb_text _builder_version=&#8221;4.14.8&#8243; _module_preset=&#8221;default&#8221; text_font=&#8221;Adamina||||||||&#8221; text_text_color=&#8221;#000000&#8243; text_font_size=&#8221;15px&#8221; text_line_height=&#8221;1.8em&#8221; global_colors_info=&#8221;{}&#8221;]<\/p>\n<h3><strong><span style=\"color: #000080;\">ND\u00cbRTIMI I KAPACITETEVE N\u00cb FUSH\u00cbN E RINIS\u00cb<\/span><\/strong><\/h3>\n<p><strong><\/strong><\/p>\n<p>Projektet e ngritjes s\u00eb kapaciteteve jan\u00eb projekte bashk\u00ebpunimi nd\u00ebrkomb\u00ebtar t\u00eb bazuara n\u00eb partneritete shum\u00ebpal\u00ebshe nd\u00ebrmjet organizatave aktive n\u00eb fush\u00ebn e t\u00eb rinjve n\u00eb Program dhe vendeve t\u00eb treta q\u00eb nuk jan\u00eb t\u00eb lidhura me Programin. Ato synojn\u00eb t\u00eb mb\u00ebshtesin bashk\u00ebpunimin nd\u00ebrkomb\u00ebtar dhe dialogun e politikave n\u00eb fush\u00ebn e t\u00eb rinjve dhe t\u00eb t\u00eb m\u00ebsuarit joformal, si nj\u00eb shtyt\u00ebs i zhvillimit t\u00eb q\u00ebndruesh\u00ebm socio-ekonomik dhe mir\u00ebqenies s\u00eb organizatave rinore dhe t\u00eb rinjve.<\/p>\n<p>&nbsp;<\/p>\n<h5><span style=\"color: #000080;\"><strong>OBJEKTIVAT<\/strong><\/span><\/h5>\n<ul>\n<li>ngritja e kapaciteteve t\u00eb organizatave q\u00eb punojn\u00eb me t\u00eb rinjt\u00eb jasht\u00eb m\u00ebsimit formal;<\/li>\n<li>promovimi i aktivitetetve e t\u00eb m\u00ebsuarit joformal n\u00eb vendet e treta q\u00eb nuk jan\u00eb t\u00eb lidhura me Programin, ve\u00e7an\u00ebrisht duke synuar t\u00eb rinjt\u00eb me m\u00eb pak mund\u00ebsi, me synimin p\u00ebr t\u00eb p\u00ebrmir\u00ebsuar nivelin e kompetencave duke siguruar pjes\u00ebmarrjen aktive t\u00eb t\u00eb rinjve n\u00eb shoq\u00ebri;<\/li>\n<li>t\u00eb mb\u00ebshtes\u00eb zhvillimin e pun\u00ebs rinore n\u00eb vendet e treta q\u00eb nuk jan\u00eb t\u00eb lidhura me Programin, duke p\u00ebrmir\u00ebsuar cil\u00ebsin\u00eb dhe njohjen e tij;<\/li>\n<li>t\u00eb nxis\u00eb zhvillimin, testimin dhe lan\u00e7imin e skemave dhe programeve t\u00eb mobilitetit t\u00eb t\u00eb m\u00ebsuarit joformal n\u00eb vendet e treta q\u00eb nuk jan\u00eb t\u00eb lidhura me Programin;<\/li>\n<li>kontribuojn\u00eb n\u00eb zbatimin e Strategjis\u00eb s\u00eb BE-s\u00eb p\u00ebr Rinin\u00eb (2019-2027) duke p\u00ebrfshir\u00eb 11 synimet evropiane t\u00eb Rinis\u00eb;<\/li>\n<li>nxitja e bashk\u00ebpunimit n\u00eb rajone t\u00eb ndryshme t\u00eb bot\u00ebs p\u00ebrmes iniciativave t\u00eb p\u00ebrbashk\u00ebta;<\/li>\n<li>rritja e sinergjive dhe komplementariteteve me sistemet e arsimit formal dhe\/ose tregun e pun\u00ebs;<\/li>\n<\/ul>\n<p>[\/et_pb_text][\/et_pb_column][et_pb_column type=&#8221;1_2&#8243; _builder_version=&#8221;4.14.6&#8243; _module_preset=&#8221;default&#8221; global_colors_info=&#8221;{}&#8221;][et_pb_blurb title=&#8221;ND\u00cbRTIMI I KAPACITETEVE N\u00cb FUSH\u00cbN E RINIS\u00cb (pdf)&#8221; url_new_window=&#8221;on&#8221; image=&#8221;https:\/\/erasmusplus.al\/wp-content\/uploads\/2022\/02\/Screenshot-171.png&#8221; _builder_version=&#8221;4.14.8&#8243; _module_preset=&#8221;default&#8221; header_font=&#8221;Adamina|700|||||||&#8221; header_text_color=&#8221;#0C71C3&#8243; body_font=&#8221;Adamina||||||||&#8221; body_text_align=&#8221;left&#8221; body_text_color=&#8221;#000000&#8243; body_line_height=&#8221;1.8em&#8221; custom_padding=&#8221;||0px|||&#8221; link_option_url=&#8221;https:\/\/erasmusplus.al\/wp-content\/uploads\/2022\/02\/2022-erasmusplus-programme-guide-v2_YOUTH.pdf&#8221; hover_enabled=&#8221;0&#8243; global_colors_info=&#8221;{}&#8221; sticky_enabled=&#8221;0&#8243;]<\/p>\n<p><span>Ky dokument p\u00ebrmban disa faqe t\u00eb nxjerra nga udh\u00ebzuesi i plot\u00eb i programit, duke shpjeguar nd\u00ebrtimin e kapaciteteve n\u00eb fush\u00ebn e Rinis\u00eb.<\/span><\/p>\n<p>&nbsp;<\/p>\n<p>[\/et_pb_blurb][et_pb_text _builder_version=&#8221;4.14.8&#8243; _module_preset=&#8221;default&#8221; text_font=&#8221;Adamina||||||||&#8221; text_text_color=&#8221;#000000&#8243; text_font_size=&#8221;15px&#8221; text_line_height=&#8221;1.8em&#8221; custom_margin=&#8221;-41px|||||&#8221; border_width_top=&#8221;1px&#8221; border_color_top=&#8221;#0C71C3&#8243; global_colors_info=&#8221;{}&#8221;]<\/p>\n<p><span>Klikoni link-un m\u00eb posht\u00eb p\u00ebr Udh\u00ebzuesin e Programit Erasmus+ 2022:<\/span><\/p>\n<p><a href=\"https:\/\/erasmus-plus.ec.europa.eu\/sites\/default\/files\/2022-01\/2022-erasmusplus-programme-guide-v2_en_0.pdf\">https:\/\/erasmus-plus.ec.europa.eu\/sites\/default\/files\/2022-01\/2022-erasmusplus-programme-guide-v2_en_0.pdf<\/a><\/p>\n<p><span style=\"text-decoration: underline;\"><strong>SH\u00cbNIM<\/strong>: Thirrja p\u00ebr aplikim p\u00ebr \u201cNgritjen e Kapaciteteve n\u00eb fush\u00ebn e Rinis\u00eb (ERASMUS-YOUTH-2022-CB-) jan\u00eb t\u00eb hapura.<\/span><\/p>\n<p><span style=\"text-decoration: underline;\">\u00a0Afati i fundit \u00ebsht\u00eb 07 Prill 2022; 17:00:00 me or\u00ebn e Brukselit.<\/span><\/p>\n<p>\u00a0P\u00ebr informacion m\u00eb t\u00eb detajuar klikoni linkun e m\u00ebposht\u00ebm:<\/p>\n<p><a href=\"https:\/\/ec.europa.eu\/info\/funding-tenders\/opportunities\/portal\/screen\/opportunities\/topic-details\/erasmus-youth-2022-cb\">https:\/\/ec.europa.eu\/info\/funding-tenders\/opportunities\/portal\/screen\/opportunities\/topic-details\/erasmus-youth-2022-cb <\/a><\/p>\n<pre class=\"tw-data-text tw-text-large tw-ta\" data-placeholder=\"Translation\" id=\"tw-target-text\" dir=\"ltr\"><span class=\"Y2IQFc\" lang=\"en\"> <\/span><\/pre>\n<pre class=\"tw-data-text tw-text-large tw-ta\" data-placeholder=\"Translation\" id=\"tw-target-text\" dir=\"ltr\"><\/pre>\n<p>[\/et_pb_text][\/et_pb_column][\/et_pb_row][\/et_pb_section]<\/p>\n","protected":false},"excerpt":{"rendered":"<p>ND\u00cbRTIMI I KAPACITETEVE N\u00cb FUSH\u00cbN E RINIS\u00cb Projektet e ngritjes s\u00eb kapaciteteve jan\u00eb projekte bashk\u00ebpunimi nd\u00ebrkomb\u00ebtar t\u00eb bazuara n\u00eb partneritete shum\u00ebpal\u00ebshe nd\u00ebrmjet organizatave aktive n\u00eb fush\u00ebn e t\u00eb rinjve n\u00eb Program dhe vendeve t\u00eb treta q\u00eb nuk jan\u00eb t\u00eb lidhura me Programin. Ato synojn\u00eb t\u00eb mb\u00ebshtesin bashk\u00ebpunimin nd\u00ebrkomb\u00ebtar dhe dialogun e politikave n\u00eb fush\u00ebn e [&hellip;]<\/p>\n","protected":false},"author":2,"featured_media":0,"comment_status":"closed","ping_status":"closed","sticky":false,"template":"","format":"standard","meta":{"_acf_changed":false,"_et_pb_use_builder":"on","_et_pb_old_content":"","_et_gb_content_width":"","footnotes":""},"categories":[2],"tags":[],"class_list":["post-8089","post","type-post","status-publish","format-standard","hentry","category-uncategorized-sq"],"acf":[],"_links":{"self":[{"href":"https:\/\/erasmusplus.al\/index.php?rest_route=\/wp\/v2\/posts\/8089","targetHints":{"allow":["GET"]}}],"collection":[{"href":"https:\/\/erasmusplus.al\/index.php?rest_route=\/wp\/v2\/posts"}],"about":[{"href":"https:\/\/erasmusplus.al\/index.php?rest_route=\/wp\/v2\/types\/post"}],"author":[{"embeddable":true,"href":"https:\/\/erasmusplus.al\/index.php?rest_route=\/wp\/v2\/users\/2"}],"replies":[{"embeddable":true,"href":"https:\/\/erasmusplus.al\/index.php?rest_route=%2Fwp%2Fv2%2Fcomments&post=8089"}],"version-history":[{"count":5,"href":"https:\/\/erasmusplus.al\/index.php?rest_route=\/wp\/v2\/posts\/8089\/revisions"}],"predecessor-version":[{"id":8109,"href":"https:\/\/erasmusplus.al\/index.php?rest_route=\/wp\/v2\/posts\/8089\/revisions\/8109"}],"wp:attachment":[{"href":"https:\/\/erasmusplus.al\/index.php?rest_route=%2Fwp%2Fv2%2Fmedia&parent=8089"}],"wp:term":[{"taxonomy":"category","embeddable":true,"href":"https:\/\/erasmusplus.al\/index.php?rest_route=%2Fwp%2Fv2%2Fcategories&post=8089"},{"taxonomy":"post_tag","embeddable":true,"href":"https:\/\/erasmusplus.al\/index.php?rest_route=%2Fwp%2Fv2%2Ftags&post=8089"}],"curies":[{"name":"wp","href":"https:\/\/api.w.org\/{rel}","templated":true}]}}