{"id":8091,"date":"2022-02-18T19:13:36","date_gmt":"2022-02-18T19:13:36","guid":{"rendered":"https:\/\/erasmusplus.al\/?p=8091"},"modified":"2022-02-18T20:23:37","modified_gmt":"2022-02-18T20:23:37","slug":"sporti","status":"publish","type":"post","link":"https:\/\/erasmusplus.al\/?p=8091&lang=sq","title":{"rendered":"Sporti"},"content":{"rendered":"<p>[et_pb_section fb_built=&#8221;1&#8243; _builder_version=&#8221;4.14.7&#8243; _module_preset=&#8221;default&#8221; top_divider_style=&#8221;slant2&#8243; top_divider_color=&#8221;#0C71C3&#8243; bottom_divider_style=&#8221;slant2&#8243; bottom_divider_color=&#8221;#0C71C3&#8243; locked=&#8221;off&#8221; global_colors_info=&#8221;{}&#8221;][et_pb_row column_structure=&#8221;1_2,1_2&#8243; _builder_version=&#8221;4.14.7&#8243; _module_preset=&#8221;default&#8221; global_colors_info=&#8221;{}&#8221;][et_pb_column type=&#8221;1_2&#8243; _builder_version=&#8221;4.14.7&#8243; _module_preset=&#8221;default&#8221; border_width_right=&#8221;1px&#8221; border_color_right=&#8221;#0C71C3&#8243; global_colors_info=&#8221;{}&#8221;][et_pb_text _builder_version=&#8221;4.14.8&#8243; _module_preset=&#8221;default&#8221; text_font=&#8221;Adamina||||||||&#8221; text_text_color=&#8221;#000000&#8243; text_font_size=&#8221;15px&#8221; text_line_height=&#8221;1.8em&#8221; header_line_height=&#8221;2em&#8221; header_3_font=&#8221;Adamina|700|||||||&#8221; header_3_text_color=&#8221;#000000&#8243; header_4_font=&#8221;Adamina|700|||||||&#8221; header_4_text_color=&#8221;#000000&#8243; global_colors_info=&#8221;{}&#8221;]<\/p>\n<h3><span style=\"color: #000080;\">RRITJA E KAPACITETEVE N\u00cb FUSH\u00cbN E SPORTIT<\/span><\/h3>\n<p>\u00a0Projektet e ngritjes s\u00eb kapaciteteve jan\u00eb projekte bashk\u00ebpunimi nd\u00ebrkomb\u00ebtar t\u00eb bazuara n\u00eb partneritete shum\u00ebpal\u00ebshe nd\u00ebrmjet organizatave aktive n\u00eb fush\u00ebn e sportit n\u00eb Program dhe vendeve t\u00eb treta q\u00eb nuk jan\u00eb t\u00eb lidhura me programin. Ata synojn\u00eb t\u00eb mb\u00ebshtesin aktivitetet dhe politikat sportive n\u00eb vendet e treta q\u00eb nuk jan\u00eb t\u00eb lidhura me Programin si nj\u00eb mjet p\u00ebr t\u00eb promovuar vlerat si dhe nj\u00eb mjet arsimor p\u00ebr t\u00eb promovuar zhvillimin personal dhe social t\u00eb individ\u00ebve dhe p\u00ebr t\u00eb nd\u00ebrtuar komunitete m\u00eb kohezive.<\/p>\n<p>&nbsp;<\/p>\n<h4><span style=\"color: #000080;\">OBJEKTIVAT<\/span><\/h4>\n<ul>\n<li>ngritja e kapaciteteve t\u00eb organizatave sportive baz\u00eb;<\/li>\n<li>inkurajimi i praktikimit t\u00eb sportit dhe aktivitetit fizik n\u00eb vendet e treta q\u00eb nuk jan\u00eb t\u00eb lidhura me programin;<\/li>\n<li>promovimi i p\u00ebrfshirjes sociale p\u00ebrmes sportit;<\/li>\n<li>promovimi i vlerave pozitive p\u00ebrmes sportit (si loj\u00ebra e ndershme, toleranca, shpirti i ekipit);<\/li>\n<li>nxitja e bashk\u00ebpunimit n\u00eb rajone t\u00eb ndryshme t\u00eb bot\u00ebs p\u00ebrmes iniciativave t\u00eb p\u00ebrbashk\u00ebta.<\/li>\n<\/ul>\n<p>[\/et_pb_text][\/et_pb_column][et_pb_column type=&#8221;1_2&#8243; _builder_version=&#8221;4.14.6&#8243; _module_preset=&#8221;default&#8221; global_colors_info=&#8221;{}&#8221;][et_pb_blurb title=&#8221; NGRITJA E KAPACITETEVE N\u00cb FUSH\u00cbN E SPORTIT (pdf)&#8221; image=&#8221;https:\/\/erasmusplus.al\/wp-content\/uploads\/2022\/02\/Screenshot-171.png&#8221; _builder_version=&#8221;4.14.8&#8243; _module_preset=&#8221;default&#8221; header_font=&#8221;Adamina|700|||||||&#8221; header_text_color=&#8221;#0C71C3&#8243; body_font=&#8221;Adamina||||||||&#8221; body_text_color=&#8221;#000000&#8243; body_font_size=&#8221;15px&#8221; body_line_height=&#8221;1.8em&#8221; link_option_url=&#8221;https:\/\/erasmusplus.al\/wp-content\/uploads\/2022\/02\/2022-erasmusplus-programme-guide-v2_en_0-SPORT.pdf&#8221; link_option_url_new_window=&#8221;on&#8221; global_colors_info=&#8221;{}&#8221;]<\/p>\n<p><span>Ky dokument p\u00ebrmban disa faqe t\u00eb nxjerra nga udh\u00ebzuesi i plot\u00eb i programit, duke shpjeguar nd\u00ebrtimin e kapaciteteve n\u00eb fush\u00ebn e Sportit.<\/span><\/p>\n<p>[\/et_pb_blurb][et_pb_text _builder_version=&#8221;4.14.8&#8243; _module_preset=&#8221;default&#8221; text_font=&#8221;Adamina||||||||&#8221; text_text_color=&#8221;#000000&#8243; text_font_size=&#8221;15px&#8221; text_line_height=&#8221;1.8em&#8221; min_height=&#8221;670.7px&#8221; border_width_top=&#8221;1px&#8221; border_color_top=&#8221;#0C71C3&#8243; global_colors_info=&#8221;{}&#8221;]<\/p>\n<div class=\"et_pb_module et_pb_blurb et_pb_blurb_0 et_clickable  et_pb_text_align_left  et_pb_blurb_position_top et_pb_bg_layout_light\">\n<div class=\"et_pb_blurb_content\">\n<div class=\"et_pb_blurb_container\">\n<div class=\"et_pb_blurb_description\">\n<p><span style=\"font-size: 15px;\">Klikoni lidhjen m\u00eb posht\u00eb p\u00ebr Udh\u00ebzuesin e Programit Erasmus+ 2022:<\/span><\/p>\n<p><a href=\"https:\/\/erasmus-plus.ec.europa.eu\/sites\/default\/files\/2022-01\/2022-erasmusplus-programme-guide-v2_en_0.pdf\">https:\/\/erasmus-plus.ec.europa.eu\/sites\/default\/files\/2022-01\/2022-erasmusplus-programme-guide-v2_en_0.pdf<\/a><\/p>\n<\/div>\n<\/div>\n<\/div>\n<\/div>\n<div class=\"et_pb_module et_pb_text et_pb_text_1  et_pb_text_align_left et_pb_bg_layout_light\">\n<div class=\"et_pb_text_inner\">\n<p><span style=\"text-decoration: underline;\"><strong>SH\u00cbNIM<\/strong>: Thirrja p\u00ebr aplikim p\u00ebr \u201cNgritjen e Kapaciteteve n\u00eb fush\u00ebn e Sportit (ERASMUS-SPORT-2022-CB-) jan\u00eb t\u00eb hapura.<\/span><\/p>\n<p><span style=\"text-decoration: underline;\">\u00a0Afati i fundit \u00ebsht\u00eb 07 Prill 2022; 17:00:00 me or\u00ebn e Brukselit.<\/span><\/p>\n<p>\u00a0P\u00ebr informacion m\u00eb t\u00eb detajuar klikoni linkun e m\u00ebposht\u00ebm:<\/p>\n<p><a href=\"https:\/\/ec.europa.eu\/info\/funding-tenders\/opportunities\/portal\/screen\/opportunities\/topic-details\/erasmus-sport-2022-cb;callCode=null;freeTextSearchKeyword=sport;matchWholeText=true;typeCodes=1,0;statusCodes=31094501,31094502;programmePeriod=2021%20-%202027;programCcm2Id=43353764;programDivisionCode=null;focusAreaCode=null;destination=null;mission=null;geographicalZonesCode=null;programmeDivisionProspect=null;startDateLte=null;startDateGte=null;crossCuttingPriorityCode=null;cpvCode=null;performanceOfDelivery=null;sortQuery=sortStatus;orderBy=asc;onlyTenders=false;topicListKey=topicSearchTablePageState\">https:\/\/ec.europa.eu\/info\/funding-tenders\/opportunities\/portal\/screen\/opportunities\/topic-details\/erasmus-sport-2022-cb;callCode=null;freeTextSearchKeyword=sport;matchWholeText=true;typeCodes=1,0;statusCodes=31094501,31094502;programmePeriod=2021%20-%202027;programCcm2Id=43353764;programDivisionCode=null;focusAreaCode=null;destination=null;mission=null;geographicalZonesCode=null;programmeDivisionProspect=null;startDateLte=null;startDateGte=null;crossCuttingPriorityCode=null;cpvCode=null;performanceOfDelivery=null;sortQuery=sortStatus;orderBy=asc;onlyTenders=false;topicListKey=topicSearchTablePageState<\/a><\/p>\n<pre class=\"tw-data-text tw-text-large tw-ta\" data-placeholder=\"Translation\" id=\"tw-target-text\" dir=\"ltr\"><\/pre>\n<\/div>\n<\/div>\n<p>[\/et_pb_text][\/et_pb_column][\/et_pb_row][\/et_pb_section]<\/p>\n","protected":false},"excerpt":{"rendered":"<p>RRITJA E KAPACITETEVE N\u00cb FUSH\u00cbN E SPORTIT \u00a0Projektet e ngritjes s\u00eb kapaciteteve jan\u00eb projekte bashk\u00ebpunimi nd\u00ebrkomb\u00ebtar t\u00eb bazuara n\u00eb partneritete shum\u00ebpal\u00ebshe nd\u00ebrmjet organizatave aktive n\u00eb fush\u00ebn e sportit n\u00eb Program dhe vendeve t\u00eb treta q\u00eb nuk jan\u00eb t\u00eb lidhura me programin. Ata synojn\u00eb t\u00eb mb\u00ebshtesin aktivitetet dhe politikat sportive n\u00eb vendet e treta q\u00eb nuk [&hellip;]<\/p>\n","protected":false},"author":2,"featured_media":0,"comment_status":"closed","ping_status":"closed","sticky":false,"template":"","format":"standard","meta":{"_acf_changed":false,"_et_pb_use_builder":"on","_et_pb_old_content":"","_et_gb_content_width":"","footnotes":""},"categories":[2],"tags":[],"class_list":["post-8091","post","type-post","status-publish","format-standard","hentry","category-uncategorized-sq"],"acf":[],"_links":{"self":[{"href":"https:\/\/erasmusplus.al\/index.php?rest_route=\/wp\/v2\/posts\/8091","targetHints":{"allow":["GET"]}}],"collection":[{"href":"https:\/\/erasmusplus.al\/index.php?rest_route=\/wp\/v2\/posts"}],"about":[{"href":"https:\/\/erasmusplus.al\/index.php?rest_route=\/wp\/v2\/types\/post"}],"author":[{"embeddable":true,"href":"https:\/\/erasmusplus.al\/index.php?rest_route=\/wp\/v2\/users\/2"}],"replies":[{"embeddable":true,"href":"https:\/\/erasmusplus.al\/index.php?rest_route=%2Fwp%2Fv2%2Fcomments&post=8091"}],"version-history":[{"count":4,"href":"https:\/\/erasmusplus.al\/index.php?rest_route=\/wp\/v2\/posts\/8091\/revisions"}],"predecessor-version":[{"id":8112,"href":"https:\/\/erasmusplus.al\/index.php?rest_route=\/wp\/v2\/posts\/8091\/revisions\/8112"}],"wp:attachment":[{"href":"https:\/\/erasmusplus.al\/index.php?rest_route=%2Fwp%2Fv2%2Fmedia&parent=8091"}],"wp:term":[{"taxonomy":"category","embeddable":true,"href":"https:\/\/erasmusplus.al\/index.php?rest_route=%2Fwp%2Fv2%2Fcategories&post=8091"},{"taxonomy":"post_tag","embeddable":true,"href":"https:\/\/erasmusplus.al\/index.php?rest_route=%2Fwp%2Fv2%2Ftags&post=8091"}],"curies":[{"name":"wp","href":"https:\/\/api.w.org\/{rel}","templated":true}]}}