{"id":8117,"date":"2022-02-20T16:53:36","date_gmt":"2022-02-20T16:53:36","guid":{"rendered":"https:\/\/erasmusplus.al\/?p=8117"},"modified":"2022-02-20T17:44:06","modified_gmt":"2022-02-20T17:44:06","slug":"ka1-mobilitete","status":"publish","type":"post","link":"https:\/\/erasmusplus.al\/?p=8117&lang=sq","title":{"rendered":"KA1- Mobilitete"},"content":{"rendered":"<p>[et_pb_section fb_built=&#8221;1&#8243; _builder_version=&#8221;4.14.8&#8243; _module_preset=&#8221;default&#8221; top_divider_style=&#8221;slant2&#8243; top_divider_color=&#8221;#0C71C3&#8243; bottom_divider_style=&#8221;slant2&#8243; bottom_divider_color=&#8221;#0C71C3&#8243; global_colors_info=&#8221;{}&#8221;][et_pb_row _builder_version=&#8221;4.14.8&#8243; _module_preset=&#8221;default&#8221; global_colors_info=&#8221;{}&#8221;][et_pb_column type=&#8221;4_4&#8243; _builder_version=&#8221;4.14.8&#8243; _module_preset=&#8221;default&#8221; global_colors_info=&#8221;{}&#8221;][et_pb_text _builder_version=&#8221;4.14.8&#8243; _module_preset=&#8221;default&#8221; text_font=&#8221;Adamina||||||||&#8221; text_text_color=&#8221;#000000&#8243; text_font_size=&#8221;18px&#8221; text_line_height=&#8221;1.8em&#8221; global_colors_info=&#8221;{}&#8221;]<\/p>\n<p><span style=\"color: #000080;\"><strong>KA1. Mobilitetet<\/strong> <strong>e t\u00eb m\u00ebsuarit<\/strong><\/span><strong>:<\/strong> P\u00ebrfshin shk\u00ebmbimin e student\u00ebve, pedagog\u00ebve dhe stafit administrativ. Ai p\u00ebrfaq\u00ebson af\u00ebrsisht 63% t\u00eb buxhetit t\u00eb p\u00ebrgjithsh\u00ebm.<\/p>\n<p><strong><span style=\"color: #000080;\">Mobilitetet e krediteve<\/span><\/strong><\/p>\n<p>Projektet e Ngritjes s\u00eb Kapaciteteve N\u00eb fush\u00ebn e Mobiliteteve, Institucionet e Arsimit t\u00eb Lart\u00eb nga vendet e programit do t\u00eb mund t\u00eb paraqesin nj\u00eb aplikim p\u00ebr t\u00eb menaxhuar nj\u00eb projekt mobiliteti p\u00ebr student\u00ebt e arsimit t\u00eb lart\u00eb dhe stafin. Programi-institucioni i vendit do ta paraqes\u00eb k\u00ebt\u00eb n\u00eb Agjencin\u00eb Komb\u00ebtare p\u00ebr Erasmus+ t\u00eb vendit t\u00eb tyre. Universitetet Shqiptare do t\u00eb duhet t\u00eb jen\u00eb VET\u00cbM partner\u00eb n\u00eb nj\u00eb marr\u00ebveshje p\u00ebr mobilitetin e krediteve t\u00eb dor\u00ebzuara nga nj\u00eb Institucion i Arsimit t\u00eb Lart\u00eb t\u00eb Programit pran\u00eb Agjencis\u00eb s\u00eb tij Komb\u00ebtare.<\/p>\n<p><a href=\"http:\/\/ec.europa.eu\/programmes\/erasmus-plus\/documents\/erasmus-plus-programme-guide_en.pdf\">http:\/\/ec.europa.eu\/programmes\/erasmus-plus\/documents\/erasmus-plus-programme-guide_en.pdf<\/a><\/p>\n<p><span style=\"color: #000080;\"><strong>Mobilitetet e diplom\u00ebs<\/strong><\/span><\/p>\n<p>Aktualisht, thirrja \u00ebsht\u00eb e hapur vet\u00ebm p\u00ebr krijimin e konsorciumeve q\u00eb ofrojn\u00eb Diplom\u00eb Master t\u00eb P\u00ebrbashk\u00ebt. P\u00ebr nj\u00eb Diplom\u00eb t\u00eb P\u00ebrbashk\u00ebt Master, institucionet e arsimit t\u00eb lart\u00eb nga vendet e programit do t\u00eb mund t\u00eb paraqesin nj\u00eb aplikim p\u00ebr t\u00eb menaxhuar nj\u00eb konsorcium, duke ofruar nj\u00eb program t\u00eb plot\u00eb studimi nd\u00ebrkomb\u00ebtar, q\u00eb zgjat nga nj\u00eb deri n\u00eb dy vjet. Programi ofrohet nga nj\u00eb konsorcium Institucionesh t\u00eb Arsimit t\u00eb Lart\u00eb nga vendet e programit dhe \u2013 sipas d\u00ebshir\u00ebs \u2013 partnere. Vet\u00ebm nj\u00eb institucion i arsimit t\u00eb lart\u00eb i krijuar n\u00eb nj\u00eb nga vendet e programit mund t\u00eb paraqes\u00eb nj\u00eb aplikim n\u00eb em\u00ebr t\u00eb konsorciumit q\u00eb jep programin e diplom\u00ebs. Institucionet e arsimit t\u00eb lart\u00eb t\u00eb krijuara n\u00eb nj\u00eb vend t\u00eb programit duhet t\u00eb ken\u00eb nj\u00eb Kart\u00eb t\u00eb vlefshme Erasmus, nj\u00eb ECHE nuk k\u00ebrkohet p\u00ebr institucionet e arsimit t\u00eb lart\u00eb pjes\u00ebmarr\u00ebs n\u00eb vendet partnere<\/p>\n<p><a href=\"https:\/\/ec.europa.eu\/programmes\/erasmus-plus\/opportunities\/individuals\/students\/erasmus-mundus-joint-master-degrees_en\">https:\/\/ec.europa.eu\/programmes\/erasmus-plus\/opportunities\/individuals\/students\/erasmus-mundus-joint-master-degrees_en<\/a><\/p>\n<p>[\/et_pb_text][\/et_pb_column][\/et_pb_row][\/et_pb_section]<\/p>\n","protected":false},"excerpt":{"rendered":"<p>KA1. Mobilitetet e t\u00eb m\u00ebsuarit: P\u00ebrfshin shk\u00ebmbimin e student\u00ebve, pedagog\u00ebve dhe stafit administrativ. Ai p\u00ebrfaq\u00ebson af\u00ebrsisht 63% t\u00eb buxhetit t\u00eb p\u00ebrgjithsh\u00ebm. Mobilitetet e krediteve Projektet e Ngritjes s\u00eb Kapaciteteve N\u00eb fush\u00ebn e Mobiliteteve, Institucionet e Arsimit t\u00eb Lart\u00eb nga vendet e programit do t\u00eb mund t\u00eb paraqesin nj\u00eb aplikim p\u00ebr t\u00eb menaxhuar nj\u00eb projekt mobiliteti [&hellip;]<\/p>\n","protected":false},"author":2,"featured_media":0,"comment_status":"closed","ping_status":"closed","sticky":false,"template":"","format":"standard","meta":{"_acf_changed":false,"_et_pb_use_builder":"on","_et_pb_old_content":"","_et_gb_content_width":"","footnotes":""},"categories":[2],"tags":[],"class_list":["post-8117","post","type-post","status-publish","format-standard","hentry","category-uncategorized-sq"],"acf":[],"_links":{"self":[{"href":"https:\/\/erasmusplus.al\/index.php?rest_route=\/wp\/v2\/posts\/8117","targetHints":{"allow":["GET"]}}],"collection":[{"href":"https:\/\/erasmusplus.al\/index.php?rest_route=\/wp\/v2\/posts"}],"about":[{"href":"https:\/\/erasmusplus.al\/index.php?rest_route=\/wp\/v2\/types\/post"}],"author":[{"embeddable":true,"href":"https:\/\/erasmusplus.al\/index.php?rest_route=\/wp\/v2\/users\/2"}],"replies":[{"embeddable":true,"href":"https:\/\/erasmusplus.al\/index.php?rest_route=%2Fwp%2Fv2%2Fcomments&post=8117"}],"version-history":[{"count":4,"href":"https:\/\/erasmusplus.al\/index.php?rest_route=\/wp\/v2\/posts\/8117\/revisions"}],"predecessor-version":[{"id":8160,"href":"https:\/\/erasmusplus.al\/index.php?rest_route=\/wp\/v2\/posts\/8117\/revisions\/8160"}],"wp:attachment":[{"href":"https:\/\/erasmusplus.al\/index.php?rest_route=%2Fwp%2Fv2%2Fmedia&parent=8117"}],"wp:term":[{"taxonomy":"category","embeddable":true,"href":"https:\/\/erasmusplus.al\/index.php?rest_route=%2Fwp%2Fv2%2Fcategories&post=8117"},{"taxonomy":"post_tag","embeddable":true,"href":"https:\/\/erasmusplus.al\/index.php?rest_route=%2Fwp%2Fv2%2Ftags&post=8117"}],"curies":[{"name":"wp","href":"https:\/\/api.w.org\/{rel}","templated":true}]}}